{"id":2214,"date":"2015-06-08T16:21:56","date_gmt":"2015-06-08T16:21:56","guid":{"rendered":"http:\/\/blog.causeur.fr\/asiledeblog\/?p=2214"},"modified":"2021-04-26T12:57:02","modified_gmt":"2021-04-26T10:57:02","slug":"basile-de-koch-et-richard-de-seze-presentent-le-cahier-de-vacances-catho","status":"publish","type":"post","link":"https:\/\/blog.causeur.fr\/asiledeblog\/basile-de-koch-et-richard-de-seze-presentent-le-cahier-de-vacances-catho-2214","title":{"rendered":"Basile de Koch et Richard de Seze pr\u00e9sentent Le Cahier de vacances catho"},"content":{"rendered":"<p>En vente \u00e0 partir de ce jeudi 11 juin dans toutes les bonnes librairies<br \/>\n(Editions du Cerf, 10 \u20ac)<\/p>\n<p><a href=\"http:\/\/blog.causeur.fr\/asiledeblog\/basile-de-koch-et-richard-de-seze-presentent-le-cahier-de-vacances-catho-002214.html\/couv-kt-06-indd\" rel=\"attachment wp-att-2215\"><img loading=\"lazy\" decoding=\"async\" class=\"alignleft size-medium wp-image-2215\" src=\"http:\/\/blog.causeur.fr\/asiledeblog\/files\/2015\/06\/CAHIER_CATHO-219x300.jpg\" alt=\"\" width=\"219\" height=\"300\" srcset=\"https:\/\/blog.causeur.fr\/asiledeblog\/wp-content\/uploads\/sites\/10\/2015\/06\/CAHIER_CATHO-219x300.jpg 219w, https:\/\/blog.causeur.fr\/asiledeblog\/wp-content\/uploads\/sites\/10\/2015\/06\/CAHIER_CATHO.jpg 425w\" sizes=\"auto, (max-width: 219px) 100vw, 219px\" \/><\/a>\u00ab L\u2019univers a-t-il un sens ?<br \/>\nLa femme a-t-elle une \u00e2me ?<br \/>\nLes catholiques croient-ils en la rondeur de la Terre ?<br \/>\nEst-il plus grave de s\u2019abstenir aux \u00e9lections ou de ne pas donner \u00e0 la qu\u00eate ?<br \/>\nAutant de questions cruciales qui vous taraudent et animent vos conversations \u00e0 table et sur la plage&#8230;<br \/>\nAlors le Cahier de vacances catho est fait pour vous !<br \/>\nDense, parsem\u00e9 de citations choisies, enrichi en jeux, tests, quiz et exercices spiriruels, il vous permettra de m\u00e9diter sur la condition de l\u2019homme, de v\u00e9rifier vos connaissances th\u00e9ologiques et de d\u00e9couvrir saint B\u00e9nilde, patron des accord\u00e9onistes. \u00bb<\/p>\n","protected":false},"excerpt":{"rendered":"<p>En vente \u00e0 partir de ce jeudi 11 juin dans toutes les bonnes librairies (Editions du Cerf, 10 \u20ac) \u00ab L\u2019univers a-t-il un sens ? La femme a-t-elle une \u00e2me ? Les catholiques croient-ils en la rondeur de la Terre ? Est-il plus grave de s\u2019abstenir aux \u00e9lections ou de ne pas donner \u00e0 la [&hellip;]<\/p>\n","protected":false},"author":9,"featured_media":0,"comment_status":"open","ping_status":"open","sticky":false,"template":"","format":"standard","meta":{"footnotes":""},"categories":[1],"tags":[],"class_list":{"0":"post-2214","1":"post","2":"type-post","3":"status-publish","4":"format-standard","6":"category-non-classe"},"_links":{"self":[{"href":"https:\/\/blog.causeur.fr\/asiledeblog\/wp-json\/wp\/v2\/posts\/2214","targetHints":{"allow":["GET"]}}],"collection":[{"href":"https:\/\/blog.causeur.fr\/asiledeblog\/wp-json\/wp\/v2\/posts"}],"about":[{"href":"https:\/\/blog.causeur.fr\/asiledeblog\/wp-json\/wp\/v2\/types\/post"}],"author":[{"embeddable":true,"href":"https:\/\/blog.causeur.fr\/asiledeblog\/wp-json\/wp\/v2\/users\/9"}],"replies":[{"embeddable":true,"href":"https:\/\/blog.causeur.fr\/asiledeblog\/wp-json\/wp\/v2\/comments?post=2214"}],"version-history":[{"count":0,"href":"https:\/\/blog.causeur.fr\/asiledeblog\/wp-json\/wp\/v2\/posts\/2214\/revisions"}],"wp:attachment":[{"href":"https:\/\/blog.causeur.fr\/asiledeblog\/wp-json\/wp\/v2\/media?parent=2214"}],"wp:term":[{"taxonomy":"category","embeddable":true,"href":"https:\/\/blog.causeur.fr\/asiledeblog\/wp-json\/wp\/v2\/categories?post=2214"},{"taxonomy":"post_tag","embeddable":true,"href":"https:\/\/blog.causeur.fr\/asiledeblog\/wp-json\/wp\/v2\/tags?post=2214"}],"curies":[{"name":"wp","href":"https:\/\/api.w.org\/{rel}","templated":true}]}}