{"id":2217,"date":"2015-06-16T09:32:06","date_gmt":"2015-06-16T09:32:06","guid":{"rendered":"http:\/\/blog.causeur.fr\/asiledeblog\/?p=2217"},"modified":"2021-04-26T12:57:02","modified_gmt":"2021-04-26T10:57:02","slug":"yanne-kersauzon-les-copains-toujours","status":"publish","type":"post","link":"https:\/\/blog.causeur.fr\/asiledeblog\/yanne-kersauzon-les-copains-toujours-2217","title":{"rendered":"Yanne-Kersauzon : les copains toujours !"},"content":{"rendered":"<p><strong>Ce n\u2019est pas tous les samedis que deux anars de droite sont encens\u00e9s chez Ruquier\u2026<\/strong><\/p>\n<p><a href=\"http:\/\/blog.causeur.fr\/asiledeblog\/yanne-kersauzon-les-copains-toujours-002217.html\/yanne-kersauson\" rel=\"attachment wp-att-2218\"><img loading=\"lazy\" decoding=\"async\" class=\"alignleft size-medium wp-image-2218\" src=\"http:\/\/blog.causeur.fr\/asiledeblog\/files\/2015\/06\/Yanne-kersauson-300x168.jpg\" alt=\"\" width=\"300\" height=\"168\" srcset=\"https:\/\/blog.causeur.fr\/asiledeblog\/wp-content\/uploads\/sites\/10\/2015\/06\/Yanne-kersauson-300x168.jpg 300w, https:\/\/blog.causeur.fr\/asiledeblog\/wp-content\/uploads\/sites\/10\/2015\/06\/Yanne-kersauson.jpg 427w\" sizes=\"auto, (max-width: 300px) 100vw, 300px\" \/><\/a>L\u2019autre samedi \u00e0 <em>On n\u2019est pas couch\u00e9<\/em>, Jean Yanne revivait \u00e0 travers Olivier de Kersauson, son ancien complice des <em>Grosses T\u00eates<\/em> dans les ann\u00e9es 90. Tout \u00e7a en raison de la publication, aux \u00e9ditions du Cherche-Midi, d\u2019un recueil d\u2019aphorismes et de r\u00e9pliques du premier, selectionn\u00e9s et pr\u00e9fac\u00e9s par le second.<!--more--><\/p>\n<p>Autant le dire d\u2019embl\u00e9e\u00a0: ce recueil-l\u00e0 n\u2019apprendra pas grand-chose aux amateurs des \u00ab\u00a0Pens\u00e9es\u00a0\u00bb de Jean Yanne. En quinze ans,\u00a0 la m\u00eame maison d\u2019\u00e9dition en a publi\u00e9 une bonne demi-douzaine\u00a0; le pr\u00e9c\u00e9dent, il y a deux ans, se pr\u00e9sentait m\u00eame officiellement comme \u00ab\u00a0<em>le second\u00a0 et dernier volume de l\u2019int\u00e9grale Jean Yanne\u00a0<\/em>\u00bb.<\/p>\n<p>Mais quand y\u2019en a plus, y en a encore\u2026 Dans cet addendum \u00e0 l\u2019int\u00e9grale (\u00a0?), on ne s\u2019\u00e9tonnera donc pas qu\u2019il n\u2019y ait gu\u00e8re de nouveaut\u00e9s \u2013 surtout que l\u2019auteur nous a quitt\u00e9s il y a douze ans d\u00e9j\u00e0. En revanche, le choix de Kersauson pour vendre le b\u00e9b\u00e9 \u00e9tait tout indiqu\u00e9, tant les deux hommes partagent le m\u00eame esprit gouailleur et le m\u00eame temp\u00e9rament de \u00ab\u00a0bourrus bienfaisants\u00a0\u00bb.<\/p>\n<p>Dans son enthousiasme, Ruquier va jusqu\u2019\u00e0 qualifier son h\u00f4te de \u00ab\u00a0<em>g\u00e9nie, capable de fulgurances comme celles de Jean Yanne\u00a0<\/em>\u00bb. Un coup d\u2019encensoir que repousse l\u2019autre, protestant qu\u2019il n\u2019est qu\u2019un modeste disciple\u00a0; sa vie \u00e0 lui, rappelle-t-il, fut celle d\u2019un homme de la mer avant de devenir, l\u2019\u00e2ge venant, un marin d\u2019ondes douces.<\/p>\n<p>N\u2019emp\u00eache\u00a0! Pour mener \u00e0 bien sa d\u00e9monstration, l\u2019animateur n\u2019h\u00e9site pas chambouler sa propre \u00e9mission en soumettant ses deux chroniqueurs \u00e0 la question, sous forme de quiz sur le th\u00e8me\u00a0: Rendez \u00e0 chacun ses saillies et pens\u00e9es\u2026<\/p>\n<p>\u00ab\u00a0<em>La connerie, c\u2019est comme le judo\u00a0; il faut utiliser la force de l\u2019adversaire\u00a0<\/em>\u00bb (Yanne).<\/p>\n<p>\u00ab\u00a0<em>Quand j\u2019observe nos d\u00e9put\u00e9s \u00e0 l\u2019Assembl\u00e9e nationale, j\u2019ai honte\u00a0! Je ne leur confierais m\u00eame pas mon chien\u00a0!\u00a0<\/em>\u00bb (Kersauson).<\/p>\n<p>\u00ab\u00a0<em>\u2013\u00a0 Votre personnage pr\u00e9f\u00e9r\u00e9 dans la Bible\u00a0? <\/em><\/p>\n<p><em>\u2013\u00a0 Charlton Heston\u00a0!<\/em>\u00a0\u00bb (Yanne).<\/p>\n<p>\u00ab\u00a0<em>\u2013\u00a0 J\u2019en connais qui seraient capable de tuer pour avoir le prix Nobel de la Paix\u00a0<\/em>\u00bb (Yanne).<\/p>\n<p>\u00ab <em>\u2013\u00a0 Je ne suis pas misogyne. C\u2019est avec les connes que j\u2019ai du mal\u00a0<\/em>\u00bb (Kersauson).<\/p>\n<p>Test concluant, ma foi\u00a0! Ces deux-l\u00e0 font bien partie de la m\u00eame famille d\u2019esprit \u2013 comme Luchini dans son genre\u2026 Des clients qui inspirent au sieur Caron, d\u2019ordinaire si prompt \u00e0 bondir sur ses proies, une sainte prudence. En s\u2019attaquant \u00e0 de tels bestiaux, il le flaire bien, notre loup v\u00e9g\u00e9tarien risquerait fort de finir d\u00e9chiquet\u00e9. Plut\u00f4t attendre le prochain passage de V\u00e9ronique Genest\u2026<\/p>\n<p>De fait, c\u2019est L\u00e9a Salam\u00e9 qui monte bravement \u00e0 l\u2019assaut\u00a0:<\/p>\n<p>\u00ab\u00a0<em>\u2013\u00a0 Il y a dans ce livre quelque chose de l\u2019esprit fran\u00e7ais, voire franchouillard\u2026<\/em><\/p>\n<p><em>\u2013\u00a0 Ah non, pas franchouillard\u00a0!<\/em> coupe Kersauson.<\/p>\n<p><em>\u2013\u00a0 Mais pour moi\u00a0\u00ab\u00a0franchouillard\u00a0\u00bb c\u2019est pas \u00ab\u00a0vulgaire\u00a0<\/em>\u00bb, se d\u00e9fend L\u00e9a.<\/p>\n<p>\u2013\u00a0 <em>Ah ouais\u00a0? Et nager, c\u2019est pas \u00eatre dans l\u2019eau\u00a0?\u00a0\u00bb<\/em> r\u00e9plique l\u2019autre s\u00e8chement, si l\u2019on ose dire.<\/p>\n<p><em>\u00a0<\/em>La vaillante chroniqueuse n\u2019aura gu\u00e8re plus de chance avec sa deuxi\u00e8me sortie\u00a0: elle reproche \u00e0 Jean Yanne <em>\u00ab\u00a0sa tendance \u00e0 la paresse \u2013 alors qu\u2019il aurait pu faire beaucoup plus\u2026\u00a0\u00bb<\/em><\/p>\n<p>\u2013\u00a0 <em>\u00ab\u00a0Mais c\u2019est parce qu\u2019il est paresseux qu\u2019il est charmant\u00a0!\u00a0\u00bb<\/em>, s\u2019exclame Olivier \u2013 et l\u2019on note au passage qu\u2019il parle toujours de son ami Jean au pr\u00e9sent\u2026<\/p>\n<p>Nul ne songe en revanche \u00e0 contredire Mlle Salam\u00e9 lorsqu\u2019elle conclut\u00a0 en \u00e9voquant avec nostalgie, \u00e0 travers Jean Yanne, \u00ab\u00a0<em>une<\/em> <em>\u00e9poque o\u00f9 on pouvait assumer d\u2019\u00eatre un anar de droite<\/em>.\u00a0\u00bb Ma paye contre la v\u00f4tre qu\u2019en l\u2019absence de Kersauson, Caron n\u2019aurait pas manqu\u00e9 de protester qu\u2019un <em>anar de droite<\/em> est, par d\u00e9finition, \u00e0 moiti\u00e9 suspect\u2026<\/p>\n<p>L\u00e0, il ne moufte pas.<\/p>\n<p>Quant \u00e0 moi, je jubile\u00a0: un hommage \u00e0 l\u2019anarchisme de droite sur le plateau <em>d\u2019On n\u2019est pas couch\u00e9<\/em>, c\u2019est pas tous les samedis non plus\u00a0! En outre, contrairement \u00e0 cette pessimiste de L\u00e9a Salam\u00e9, je ne crois pas du tout que l\u2019esprit anar de droite soit mort \u2013 pour la bonne raison qu\u2019il est consubstantiel \u00e0 l\u2019esprit tout court.<\/p>\n<p>&nbsp;<\/p>\n<p>[Publi\u00e9 dans <em>Valeurs Actuelles<\/em>]<\/p>\n","protected":false},"excerpt":{"rendered":"<p>Ce n\u2019est pas tous les samedis que deux anars de droite sont encens\u00e9s chez Ruquier\u2026 L\u2019autre samedi \u00e0 On n\u2019est pas couch\u00e9, Jean Yanne revivait \u00e0 travers Olivier de Kersauson, son ancien complice des Grosses T\u00eates dans les ann\u00e9es 90. Tout \u00e7a en raison de la publication, aux \u00e9ditions du Cherche-Midi, d\u2019un recueil d\u2019aphorismes et [&hellip;]<\/p>\n","protected":false},"author":9,"featured_media":0,"comment_status":"open","ping_status":"open","sticky":false,"template":"","format":"standard","meta":{"footnotes":""},"categories":[1],"tags":[714,715],"class_list":{"0":"post-2217","1":"post","2":"type-post","3":"status-publish","4":"format-standard","6":"category-non-classe","7":"tag-jean-yanne","8":"tag-olivier-de-kersauson"},"_links":{"self":[{"href":"https:\/\/blog.causeur.fr\/asiledeblog\/wp-json\/wp\/v2\/posts\/2217","targetHints":{"allow":["GET"]}}],"collection":[{"href":"https:\/\/blog.causeur.fr\/asiledeblog\/wp-json\/wp\/v2\/posts"}],"about":[{"href":"https:\/\/blog.causeur.fr\/asiledeblog\/wp-json\/wp\/v2\/types\/post"}],"author":[{"embeddable":true,"href":"https:\/\/blog.causeur.fr\/asiledeblog\/wp-json\/wp\/v2\/users\/9"}],"replies":[{"embeddable":true,"href":"https:\/\/blog.causeur.fr\/asiledeblog\/wp-json\/wp\/v2\/comments?post=2217"}],"version-history":[{"count":0,"href":"https:\/\/blog.causeur.fr\/asiledeblog\/wp-json\/wp\/v2\/posts\/2217\/revisions"}],"wp:attachment":[{"href":"https:\/\/blog.causeur.fr\/asiledeblog\/wp-json\/wp\/v2\/media?parent=2217"}],"wp:term":[{"taxonomy":"category","embeddable":true,"href":"https:\/\/blog.causeur.fr\/asiledeblog\/wp-json\/wp\/v2\/categories?post=2217"},{"taxonomy":"post_tag","embeddable":true,"href":"https:\/\/blog.causeur.fr\/asiledeblog\/wp-json\/wp\/v2\/tags?post=2217"}],"curies":[{"name":"wp","href":"https:\/\/api.w.org\/{rel}","templated":true}]}}