{"id":2219,"date":"2015-06-22T08:30:47","date_gmt":"2015-06-22T08:30:47","guid":{"rendered":"http:\/\/blog.causeur.fr\/asiledeblog\/?p=2219"},"modified":"2021-04-26T12:57:02","modified_gmt":"2021-04-26T10:57:02","slug":"les-princes-consorts-ou-pas","status":"publish","type":"post","link":"https:\/\/blog.causeur.fr\/asiledeblog\/les-princes-consorts-ou-pas-2219","title":{"rendered":"Les princes consorts&#8230; ou pas"},"content":{"rendered":"<p style=\"text-align: left\" align=\"center\"><strong>Avec la parit\u00e9, le nombre de femmes politiques a explos\u00e9. Or, \u00eatre \u00ab\u00a0l\u2019homme de\u2026\u00a0\u00bb, c\u2019est pas si facile\u00a0!<\/strong><\/p>\n<p><a href=\"http:\/\/blog.causeur.fr\/asiledeblog\/les-princes-consorts-ou-pas-002219.html\/hommesde\" rel=\"attachment wp-att-2220\"><img loading=\"lazy\" decoding=\"async\" class=\"alignleft size-medium wp-image-2220\" src=\"http:\/\/blog.causeur.fr\/asiledeblog\/files\/2015\/06\/hommesde-300x170.jpg\" alt=\"\" width=\"300\" height=\"170\" srcset=\"https:\/\/blog.causeur.fr\/asiledeblog\/wp-content\/uploads\/sites\/10\/2015\/06\/hommesde-300x170.jpg 300w, https:\/\/blog.causeur.fr\/asiledeblog\/wp-content\/uploads\/sites\/10\/2015\/06\/hommesde.jpg 480w\" sizes=\"auto, (max-width: 300px) 100vw, 300px\" \/><\/a>Avec\u00a0<em>Hommes de\u2026<\/em> (\u00c9ditions du Moment), le premier livre sur la dure condition de compagnon de femme politique, B\u00e9reng\u00e8re Bonte a eu la bonne id\u00e9e au bon moment\u00a0! Inimaginable il y a vingt ans, ce livre est aujourd\u2019hui parfaitement dans l\u2019air du temps, par le double effet de la pipolisation et de la \u00ab\u00a0paritarisation\u00a0\u00bb de la vie politique.<!--more--><\/p>\n<p>\u00ab\u00a0<em>Tout sur les hommes qui partagent la vie des femmes politiques\u00a0!\u00a0<\/em>\u00bb annonce le bateleur Ruquier en pr\u00e9sentant l\u2019ouvrage sur le plateau d\u2019ONPC. Mais Mlle Bonte,\u00a0 journaliste s\u00e9rieuse, se garde d\u2019aborder la vie priv\u00e9e des couples concern\u00e9s \u2013 sauf lorsqu\u2019elle a \u00e9t\u00e9 boulevers\u00e9e par la carri\u00e8re politique de Madame.<\/p>\n<p>\u00ab\u00a0<em>Les hommes<\/em>, observe notre auteur(e) avec une pointe d\u2019ironie f\u00e9ministe, <em>ne sont pas habitu\u00e9s\u00a0: le r\u00f4le de<\/em> \u00ab\u00a0potiche\u00a0\u00bb <em>est nouveau pour eux<\/em>\u2026\u00a0\u00bb Mais qu\u2019importe les id\u00e9es de la journaliste\u00a0: son livre n\u2019est pas un essai, Dieu merci, mais une enqu\u00eate truff\u00e9e d\u2019anecdotes. La preuve\u00a0: contrairement \u00e0 leur habitude, les deux chroniqueurs maison n\u2019\u00e9mettront gu\u00e8re de critiques sur l\u2019ouvrage \u2013 tout occup\u00e9s qu\u2019ils sont \u00e0 obtenir d\u2019autres d\u00e9tails croustillants\u2026 Ici m\u00eame d\u2019ailleurs, dans l\u2019int\u00e9r\u00eat du lecteur, on rapportera les meilleures anecdotes par ordre d\u2019intensit\u00e9 dramatique croissante.<\/p>\n<p>Les couples o\u00f9 \u00e7a se passe le mieux, sans surprise, sont ceux o\u00f9 les \u00ab\u00a0hommes de\u2026\u00a0\u00bb acceptent sans barguigner de rester dans l\u2019ombre, voire d\u2019y retourner en cas de n\u00e9cessit\u00e9. \u00c0 en croire B\u00e9reng\u00e8re Bonte, chez les Mar\u00e9chal-Le Pen c\u2019est Madame qui porte la culotte. Sollicit\u00e9, son compagnon aurait r\u00e9pondu qu\u2019il allait demander \u00e0 sa femme, avant de faire savoir que finalement \u00ab\u00a0<em>elle avait dit non\u00a0<\/em>\u00bb. De son cot\u00e9, le mari de Fleur Pellerin m\u00e9rite la palme de <em>l\u2019\u00a0\u00ab\u00a0Homme de \u2026\u00a0\u00bb,<\/em> 100 % moderne et paritaire. Sa femme est nomm\u00e9e ministre\u00a0? Ni une ni deux\u00a0: il renonce \u00e0 son job pour s\u2019occuper des trois enfants.<\/p>\n<p>Il est fr\u00e9quent que les couples \u00e9tudi\u00e9s ne partagent pas les m\u00eames opinions politiques, mais de nos jours, cela pose rarement probl\u00e8me. Effacement de clivages d\u00e9suets, ou g\u00e9n\u00e9ralisation du relativisme en politique\u00a0? On verra \u00e7a un autre jour\u2026<\/p>\n<p>Joseph Zimet, bien qu\u2019homme de gauche, soutient sa femme Rama Yade depuis son foudroyant d\u00e9marrage, et l\u2019appelle m\u00eame \u00ab\u00a0<em>ma Beyonc\u00e9\u00a0<\/em>\u00bb\u00a0! Pourtant, lui aussi voulait se lancer dans la m\u00eal\u00e9e politique, mais elle lui a br\u00fbl\u00e9 la politesse et il s\u2019est inclin\u00e9, au nom du couple.<\/p>\n<p>Comme il le dit dr\u00f4lement, \u00ab\u00a0<em>je suis tomb\u00e9 \u00e0 un moment o\u00f9 ils ne cherchaient pas un jeune gar\u00e7on blanc avec des dipl\u00f4mes et de l\u2019exp\u00e9rience professionnelle. Eux, c\u2019\u00e9tait femmes et diversit\u00e9\u00a0<\/em>\u00bb. Euh, \u00e7a tombe pas sous le coup d\u2019une loi quelconque, \u00e7a\u00a0?<\/p>\n<p>Chez les NKM, on n\u2019a pas voulu causer\u00a0; apr\u00e8s tout, c\u2019est leur droit le plus strict. Mais \u00e0 en croire l\u2019auteur, \u00ab\u00a0<em>le sujet a mis le clan en panique\u00a0<\/em>\u00bb, et \u00e7a lui a mis \u00e0 elle la puce \u00e0 l\u2019oreille. .. Bref le cas s\u2019av\u00e8re un mod\u00e8le de complexit\u00e9, fait de subtils paradoxes et, parfois, de situations critiques.<\/p>\n<p>Jean-Pierre Philippe, l\u2019\u00e9poux de NKM, est un homme de gauche patent\u00e9. N\u2019emp\u00eache,\u00a0\u00ab\u00a0<em>il la pousse clairement vers la droite, et pas loin de l\u2019extr\u00eame droite\u00a0<\/em>\u00bb (avec des succ\u00e8s in\u00e9gaux jusqu\u2019\u00e0 pr\u00e9sent, semble-t-il).<\/p>\n<p>C\u2019est qu\u2019il voit en elle la future pr\u00e9sidente de la R\u00e9publique, tout simplement\u00a0! Du coup, il se fait strat\u00e8ge\u00a0: \u00ab\u00a0<em>Pour y arriver, elle doit tenir compte de la droitisation de l\u2019opinion publique\u00a0<\/em>\u00bb. Encore un effort, Jean-Pierre\u00a0!<\/p>\n<p>L\u00e9a Salam\u00e9, pour sa part, regrette que le cas du couple Taubira soit \u00e0 peine \u00e9voqu\u00e9, mais l\u2019auteur a raison\u00a0: cette affaire, fond\u00e9e sur la concurrence et la jalousie politiques, est ancienne et triste \u2013 et les deux protagonistes sont au moins d\u2019accord sur une chose\u00a0: ne plus en parler.<\/p>\n<p>Moi aussi\u00a0! De toute fa\u00e7on, ce livre n\u2019est pas une \u00e9tude sur la parit\u00e9 et son influence sur les couples ou le niveau de la classe politique. Rien qu\u2019un bouquin original et rigolo pour les vacances \u2013 qui en plus, mine de rien, en dit beaucoup sur l\u2019\u00e9poque\u2026 Et le tout pour 17,95 \u20ac\u00a0! Je vous en mets combien\u00a0?<\/p>\n<p>[Publi\u00e9 dans <em>Valeurs Actuelles<\/em>]<\/p>\n<p>&nbsp;<\/p>\n","protected":false},"excerpt":{"rendered":"<p>Avec la parit\u00e9, le nombre de femmes politiques a explos\u00e9. Or, \u00eatre \u00ab\u00a0l\u2019homme de\u2026\u00a0\u00bb, c\u2019est pas si facile\u00a0! Avec\u00a0Hommes de\u2026 (\u00c9ditions du Moment), le premier livre sur la dure condition de compagnon de femme politique, B\u00e9reng\u00e8re Bonte a eu la bonne id\u00e9e au bon moment\u00a0! Inimaginable il y a vingt ans, ce livre est aujourd\u2019hui [&hellip;]<\/p>\n","protected":false},"author":9,"featured_media":0,"comment_status":"open","ping_status":"open","sticky":false,"template":"","format":"standard","meta":{"footnotes":""},"categories":[1],"tags":[716],"class_list":{"0":"post-2219","1":"post","2":"type-post","3":"status-publish","4":"format-standard","6":"category-non-classe","7":"tag-parite"},"_links":{"self":[{"href":"https:\/\/blog.causeur.fr\/asiledeblog\/wp-json\/wp\/v2\/posts\/2219","targetHints":{"allow":["GET"]}}],"collection":[{"href":"https:\/\/blog.causeur.fr\/asiledeblog\/wp-json\/wp\/v2\/posts"}],"about":[{"href":"https:\/\/blog.causeur.fr\/asiledeblog\/wp-json\/wp\/v2\/types\/post"}],"author":[{"embeddable":true,"href":"https:\/\/blog.causeur.fr\/asiledeblog\/wp-json\/wp\/v2\/users\/9"}],"replies":[{"embeddable":true,"href":"https:\/\/blog.causeur.fr\/asiledeblog\/wp-json\/wp\/v2\/comments?post=2219"}],"version-history":[{"count":0,"href":"https:\/\/blog.causeur.fr\/asiledeblog\/wp-json\/wp\/v2\/posts\/2219\/revisions"}],"wp:attachment":[{"href":"https:\/\/blog.causeur.fr\/asiledeblog\/wp-json\/wp\/v2\/media?parent=2219"}],"wp:term":[{"taxonomy":"category","embeddable":true,"href":"https:\/\/blog.causeur.fr\/asiledeblog\/wp-json\/wp\/v2\/categories?post=2219"},{"taxonomy":"post_tag","embeddable":true,"href":"https:\/\/blog.causeur.fr\/asiledeblog\/wp-json\/wp\/v2\/tags?post=2219"}],"curies":[{"name":"wp","href":"https:\/\/api.w.org\/{rel}","templated":true}]}}