{"id":2227,"date":"2016-02-15T11:05:58","date_gmt":"2016-02-15T11:05:58","guid":{"rendered":"http:\/\/blog.causeur.fr\/asiledeblog\/?p=2227"},"modified":"2021-04-26T12:57:02","modified_gmt":"2021-04-26T10:57:02","slug":"une-breve-histoire-de-jalons-tome-1","status":"publish","type":"post","link":"https:\/\/blog.causeur.fr\/asiledeblog\/une-breve-histoire-de-jalons-tome-1-2227","title":{"rendered":"Une br\u00e8ve histoire de Jalons \u2013 Tome 1"},"content":{"rendered":"<h3><strong>Nous ne savons pas ce qu&rsquo;il faut faire, mais nous le ferons !<\/strong><\/h3>\n<p><em>Publi\u00e9 ici en cinq \u00e9pisodes, ce texte figure en avant-propos de l&rsquo;anthologie <\/em>Les Pastiches de Jalons<em>, r\u00e9cemment paru aux \u00e9ditions du Cerf.<\/em><\/p>\n<p>Au commencement, c\u2019est-\u00e0-dire \u00e0 la fin des ann\u00e9es soixante-dix, \u00e9tait la F\u00e9d\u00e9ration nationale des comit\u00e9s nuls (FNCN)\u00a0: un groupusculuscule recrut\u00e9 par voie de circulaire destin\u00e9e exclusivement \u00e0 la cr\u00e8me de mon carnet d\u2019adresses.<!--more--><\/p>\n<p>La FNCN dispose d\u2019un bulletin interne, <em>Le Billet cocasse<\/em>, r\u00e9serv\u00e9 aux adh\u00e9rents et donc photocopi\u00e9 \u00e0 douze exemplaires. Une fois par semaine nous nous retrouvons pour un th\u00e9-d\u00e9bat chez Ginette, au Bon Accueil\u00a0; de temps \u00e0 autre pour des \u00ab\u00a0d\u00eeners de travail\u00a0\u00bb chez Le Tatou\u00e9 (menu unique \u00e0 12 F, vin compris) et m\u00eame certains week-ends, en formation \u00e9largie, pour des \u00ab\u00a0Boums Teppaz\u00a0\u00bb o\u00f9 l\u2019on danse jusqu\u2019au bout de la nuit sur Cloclo, Sheila, Les Chaussettes Noires et Au Bonheur des Dames.<\/p>\n<p>Nos premi\u00e8res \u00ab\u00a0interventions culturelles\u00a0\u00bb sont des canulars destin\u00e9s \u00e0 la presse\u00a0: colloques bidons, faux prix litt\u00e9raires et prises de position aberrantes\u00a0dans tous les domaines.<\/p>\n<p>Pour notre plus grande joie, ces communiqu\u00e9s sign\u00e9s du Cercle d\u2019\u00c9tudes F\u00e9lix-Gouin sont r\u00e9guli\u00e8rement repris par <em>Le Monde<\/em> ou <em>Le Figaro<\/em>, voire les deux. Sans doute les trieurs de d\u00e9p\u00eaches sont-ils impressionn\u00e9s par le nom et les titres de Mme Jeanine Rolland-Murger, pr\u00e9sidente virtuelle d\u2019un Cercle qui ne l\u2019est pas moins.<\/p>\n<p>Le niveau journalistique est d\u00e9j\u00e0 bien bas ; sinon, notre r\u00e9f\u00e9rence statutaire \u00e0 F\u00e9lix Gouin, pr\u00e9sident du Conseil de la IVe qui sombra dans le \u00ab\u00a0scandale des\u00a0vins\u00a0\u00bb, en aurait fait tiquer quelques-uns. Vous me direz, trente ans plus tard, m\u00eame une Fondation Le-Troquer pour l\u2019enfance \u00e9veillerait-elle les soup\u00e7ons\u00a0?<\/p>\n<p>\u00c0 la FNCN, l\u2019activisme de rue commence avec des tractages sauvages qui poussent assez loin le concept d\u2019acte gratuit. \u00c0 titre d\u2019exemple, je me souviens d\u2019un de ces tracts qui d\u00e9non\u00e7ait avec force points d\u2019exclamation un \u00ab\u00a0scandale\u00a0\u00bb sans en pr\u00e9ciser la nature.<\/p>\n<p>Parmi les gens qui prenaient ce prospectus et repartaient en le lisant, la plupart s\u2019arr\u00eataient au bout de quelques m\u00e8tres, comme pour v\u00e9rifier qu\u2019ils avaient bien lu. Certains revenaient m\u00eame vers nous, parfois pour nous f\u00e9liciter du bon gag mais le plus souvent, il faut bien le dire, pour nous demander poliment de quel scandale il s\u2019agissait.<\/p>\n<p>L\u2019exercice consistait alors pour nous \u00e0 r\u00e9pondre d\u2019une fa\u00e7on assez floue pour que l\u2019interlocuteur sugg\u00e8re de lui-m\u00eame ce qu\u2019il voulait entendre\u2026 En bas du tract figurait une p\u00e9tition, et nous avons re\u00e7u plus de deux cents r\u00e9ponses\u00a0!<\/p>\n<p>En parall\u00e8le, la FNCN parasite les manifestations des autres. Ordinairement avertis par <em>Lib\u00e9<\/em>, qui \u00e0 l\u2019\u00e9poque annonce tout et n\u2019importe quoi, nous choisissons les manifs les plus extravagantes pour d\u00e9barquer en queue de cort\u00e8ge. Avec nos propres mots d\u2019ordre bien s\u00fbr mais, pour des raisons budg\u00e9taires, une seule banderole passe-partout : \u00ab\u00a0Si \u00e7a continue, il faudra que \u00e7a cesse\u00a0!\u00a0\u00bb<\/p>\n<p>Pour notre toute premi\u00e8re sortie, nous d\u00e9filons de la place des Abbesses au Sacr\u00e9-C\u0153ur de Montmartre avec les anti-calotins\u00a0de l\u2019Union rationaliste et autres Libres-penseurs, qui ce jour-l\u00e0 rendent un hommage solennel au chevalier de La Barre. Notre tract en latin sign\u00e9 de l\u2019Union des ath\u00e9es int\u00e9gristes nous vaut un franc succ\u00e8s.<\/p>\n<p>Apr\u00e8s les momies bouffeuses de cur\u00e9s, nous nous aventurerons chez les babas cools, respectivement en lutte contre l\u2019\u00ab\u00a0atomkraft\u00a0\u00bb, la vivisection et autres atteintes aux droits de l\u2019homme.<\/p>\n<p>Sympa tout \u00e7a, mais marginal\u2026 Il est temps pour nous d\u2019aller <em>l\u00e0 o\u00f9 \u00e7a se passe<\/em>.<\/p>\n<p style=\"text-align: right\"><a href=\"http:\/\/blog.causeur.fr\/asiledeblog\/une-breve-histoire-de-jalons-%e2%80%93-tome-1-002227.html\/mise-en-page-1-6\" rel=\"attachment wp-att-2240\"><img loading=\"lazy\" decoding=\"async\" class=\"aligncenter size-large wp-image-2240\" src=\"http:\/\/blog.causeur.fr\/asiledeblog\/files\/2016\/02\/organigramme4-1024x722.jpg\" alt=\"\" width=\"1024\" height=\"722\" srcset=\"https:\/\/blog.causeur.fr\/asiledeblog\/wp-content\/uploads\/sites\/10\/2016\/02\/organigramme4-1024x722.jpg 1024w, https:\/\/blog.causeur.fr\/asiledeblog\/wp-content\/uploads\/sites\/10\/2016\/02\/organigramme4-300x211.jpg 300w, https:\/\/blog.causeur.fr\/asiledeblog\/wp-content\/uploads\/sites\/10\/2016\/02\/organigramme4.jpg 1521w\" sizes=\"auto, (max-width: 1024px) 100vw, 1024px\" \/><\/a>[<em>\u00c0 suivre\u2026<\/em>]<\/p>\n","protected":false},"excerpt":{"rendered":"<p>Nous ne savons pas ce qu&rsquo;il faut faire, mais nous le ferons ! Publi\u00e9 ici en cinq \u00e9pisodes, ce texte figure en avant-propos de l&rsquo;anthologie Les Pastiches de Jalons, r\u00e9cemment paru aux \u00e9ditions du Cerf. Au commencement, c\u2019est-\u00e0-dire \u00e0 la fin des ann\u00e9es soixante-dix, \u00e9tait la F\u00e9d\u00e9ration nationale des comit\u00e9s nuls (FNCN)\u00a0: un groupusculuscule recrut\u00e9 [&hellip;]<\/p>\n","protected":false},"author":9,"featured_media":0,"comment_status":"open","ping_status":"open","sticky":false,"template":"","format":"standard","meta":{"footnotes":""},"categories":[1],"tags":[111,717],"class_list":{"0":"post-2227","1":"post","2":"type-post","3":"status-publish","4":"format-standard","6":"category-non-classe","7":"tag-jalons","8":"tag-pastiches"},"_links":{"self":[{"href":"https:\/\/blog.causeur.fr\/asiledeblog\/wp-json\/wp\/v2\/posts\/2227","targetHints":{"allow":["GET"]}}],"collection":[{"href":"https:\/\/blog.causeur.fr\/asiledeblog\/wp-json\/wp\/v2\/posts"}],"about":[{"href":"https:\/\/blog.causeur.fr\/asiledeblog\/wp-json\/wp\/v2\/types\/post"}],"author":[{"embeddable":true,"href":"https:\/\/blog.causeur.fr\/asiledeblog\/wp-json\/wp\/v2\/users\/9"}],"replies":[{"embeddable":true,"href":"https:\/\/blog.causeur.fr\/asiledeblog\/wp-json\/wp\/v2\/comments?post=2227"}],"version-history":[{"count":0,"href":"https:\/\/blog.causeur.fr\/asiledeblog\/wp-json\/wp\/v2\/posts\/2227\/revisions"}],"wp:attachment":[{"href":"https:\/\/blog.causeur.fr\/asiledeblog\/wp-json\/wp\/v2\/media?parent=2227"}],"wp:term":[{"taxonomy":"category","embeddable":true,"href":"https:\/\/blog.causeur.fr\/asiledeblog\/wp-json\/wp\/v2\/categories?post=2227"},{"taxonomy":"post_tag","embeddable":true,"href":"https:\/\/blog.causeur.fr\/asiledeblog\/wp-json\/wp\/v2\/tags?post=2227"}],"curies":[{"name":"wp","href":"https:\/\/api.w.org\/{rel}","templated":true}]}}