{"id":2228,"date":"2016-02-24T09:03:56","date_gmt":"2016-02-24T09:03:56","guid":{"rendered":"http:\/\/blog.causeur.fr\/asiledeblog\/?p=2228"},"modified":"2021-04-26T12:57:02","modified_gmt":"2021-04-26T10:57:02","slug":"une-breve-histoire-de-jalons-tome-2","status":"publish","type":"post","link":"https:\/\/blog.causeur.fr\/asiledeblog\/une-breve-histoire-de-jalons-tome-2-2228","title":{"rendered":"Une br\u00e8ve histoire de Jalons \u2013 Tome 2"},"content":{"rendered":"<h3><strong>\u00ab Slogan, Banderole, Manifestation ! \u00bb<\/strong><\/h3>\n<p><em>Publi\u00e9 ici en cinq \u00e9pisodes, ce texte figure en avant-propos de l&rsquo;anthologie <\/em>Les Pastiches de Jalons<em>, r\u00e9cemment paru aux \u00e9ditions du Cerf.<!--more--><\/em><\/p>\n<p>Un des must des early eighties, c\u2019est le 1er-Mai-des-Travailleurs, qui rassemble alors des dizaines de milliers de gens. En 1981, c\u2019est m\u00eame le 1er-Mai-UNITAIRE-des-Travailleurs\u00a0: les syndicats manifestent tous ensemble leur soutien \u00e0 Fran\u00e7ois Mitterrand, pour la premi\u00e8re et derni\u00e8re fois.<\/p>\n<p>Bref, c\u2019est un moment historique, donc Jalons est l\u00e0\u00a0! Pour l\u2019occasion, nous avons m\u00eame investi dans une banderole marqu\u00e9e\u00a0BANDEROLE et des pancartes libell\u00e9es\u00a0PANCARTE. Notre pr\u00e9sence, apr\u00e8s les Turcs et les gays, ne semble pas \u00e9veiller les soup\u00e7ons du service d\u2019ordre CGT\u00a0; mieux, nous recueillons quelques applaudissements au passage de notre mini-cort\u00e8ge scandant d\u2019un ton d\u00e9cid\u00e9\u00a0: \u00ab\u00a0Slogan, Banderole, Manifestation\u00a0!\u00a0\u00bb<\/p>\n<p>Forts de ce succ\u00e8s, nous d\u00e9cidons de remettre le coup l\u2019ann\u00e9e suivante mais <em>en face<\/em>, avec le d\u00e9fil\u00e9 du Front national en l\u2019honneur de Jeanne d\u2019Arc. \u00c0 l\u2019\u00e9poque Le Pen, qui p\u00e8se moins de 1 % des suffrages, accepte encore de frayer avec des groupuscules de toutes sortes, roycos orl\u00e9anistes et l\u00e9gitimistes, cathos tradis et int\u00e9gristes, voire s\u00e9d\u00e9vacantistes, skinheads et petits marquis\u2026 Pourquoi pas nous\u00a0?<\/p>\n<p>De fait, c\u2019est sans encombre que notre petite troupe s\u2019engouffre dans la rue de Rivoli et y d\u00e9ploie sa banderole \u00ab\u00a0Divers droite\u00a0\u00bb. Succ\u00e8s aupr\u00e8s des badauds, dont une vingtaine rejoindront m\u00eame nos rangs, y compris un jeune papa avec berceau et b\u00e9b\u00e9 dedans.<\/p>\n<p>En mai 1983, des\u00a0\u00e9tudiants de tous bords se mobilisent contre une certaine \u00ab\u00a0loi Savary\u00a0\u00bb sur l\u2019enseignement sup\u00e9rieur. Aucun doute\u00a0: c\u2019est une affaire pour Jalons\u00a0! Sur notre banderole ce jour-l\u00e0, un seul mot d\u2019ordre\u00a0: \u00ab\u00a0Lib\u00e9rez Richard Anthony\u00a0!\u00a0\u00bb Les autres manifestent contre une \u00ab\u00a0loi sc\u00e9l\u00e9rate\u00a0\u00bb, nous pour un crooner fraudeur. Malgr\u00e9 ces deux degr\u00e9s de s\u00e9paration, nul ne songe \u00e0 nous chercher querelle\u00a0; on nous parle m\u00eame plut\u00f4t gentiment, comme Elliot \u00e0 E.T.<br \/>\nEn tant que \u00ab\u00a0responsable\u00a0\u00bb, je suis interview\u00e9 en direct par le futur ministre Fran\u00e7ois Baroin, alors jeune journaliste \u00e0 Europe 1, qui m\u2019interroge sur le sens de notre combat. L\u2019occasion pour moi de sensibiliser la France au drame de Richard, \u00ab\u00a0injustement emprisonn\u00e9 pour ses id\u00e9es fiscales\u00a0\u00bb.<a href=\"http:\/\/blog.causeur.fr\/asiledeblog\/une-breve-histoire-de-jalons-%e2%80%93-tome-2-002228.html\/mise-en-page-1-11\" rel=\"attachment wp-att-2246\"><img loading=\"lazy\" decoding=\"async\" class=\"aligncenter size-large wp-image-2246\" src=\"http:\/\/blog.causeur.fr\/asiledeblog\/files\/2016\/02\/organi23-1024x644.jpg\" alt=\"\" width=\"1024\" height=\"644\" srcset=\"https:\/\/blog.causeur.fr\/asiledeblog\/wp-content\/uploads\/sites\/10\/2016\/02\/organi23-1024x644.jpg 1024w, https:\/\/blog.causeur.fr\/asiledeblog\/wp-content\/uploads\/sites\/10\/2016\/02\/organi23-300x188.jpg 300w, https:\/\/blog.causeur.fr\/asiledeblog\/wp-content\/uploads\/sites\/10\/2016\/02\/organi23.jpg 1542w\" sizes=\"auto, (max-width: 1024px) 100vw, 1024px\" \/><\/a><\/p>\n<p style=\"text-align: right\">[A suivre\u2026]<strong><\/strong><\/p>\n","protected":false},"excerpt":{"rendered":"<p>\u00ab Slogan, Banderole, Manifestation ! \u00bb Publi\u00e9 ici en cinq \u00e9pisodes, ce texte figure en avant-propos de l&rsquo;anthologie Les Pastiches de Jalons, r\u00e9cemment paru aux \u00e9ditions du Cerf.<\/p>\n","protected":false},"author":9,"featured_media":0,"comment_status":"open","ping_status":"open","sticky":false,"template":"","format":"standard","meta":{"footnotes":""},"categories":[1],"tags":[111,717],"class_list":{"0":"post-2228","1":"post","2":"type-post","3":"status-publish","4":"format-standard","6":"category-non-classe","7":"tag-jalons","8":"tag-pastiches"},"_links":{"self":[{"href":"https:\/\/blog.causeur.fr\/asiledeblog\/wp-json\/wp\/v2\/posts\/2228","targetHints":{"allow":["GET"]}}],"collection":[{"href":"https:\/\/blog.causeur.fr\/asiledeblog\/wp-json\/wp\/v2\/posts"}],"about":[{"href":"https:\/\/blog.causeur.fr\/asiledeblog\/wp-json\/wp\/v2\/types\/post"}],"author":[{"embeddable":true,"href":"https:\/\/blog.causeur.fr\/asiledeblog\/wp-json\/wp\/v2\/users\/9"}],"replies":[{"embeddable":true,"href":"https:\/\/blog.causeur.fr\/asiledeblog\/wp-json\/wp\/v2\/comments?post=2228"}],"version-history":[{"count":0,"href":"https:\/\/blog.causeur.fr\/asiledeblog\/wp-json\/wp\/v2\/posts\/2228\/revisions"}],"wp:attachment":[{"href":"https:\/\/blog.causeur.fr\/asiledeblog\/wp-json\/wp\/v2\/media?parent=2228"}],"wp:term":[{"taxonomy":"category","embeddable":true,"href":"https:\/\/blog.causeur.fr\/asiledeblog\/wp-json\/wp\/v2\/categories?post=2228"},{"taxonomy":"post_tag","embeddable":true,"href":"https:\/\/blog.causeur.fr\/asiledeblog\/wp-json\/wp\/v2\/tags?post=2228"}],"curies":[{"name":"wp","href":"https:\/\/api.w.org\/{rel}","templated":true}]}}