{"id":2237,"date":"2016-03-30T09:22:09","date_gmt":"2016-03-30T09:22:09","guid":{"rendered":"http:\/\/blog.causeur.fr\/asiledeblog\/?p=2237"},"modified":"2021-04-26T12:57:02","modified_gmt":"2021-04-26T10:57:02","slug":"une-breve-histoire-de-jalons-tome-5","status":"publish","type":"post","link":"https:\/\/blog.causeur.fr\/asiledeblog\/une-breve-histoire-de-jalons-tome-5-2237","title":{"rendered":"Une br\u00e8ve histoire de Jalons \u2013 Tome 5"},"content":{"rendered":"<h3><strong>La paille et le groin<\/strong><\/h3>\n<p><em>Publi\u00e9 ici en cinq \u00e9pisodes, ce texte figure en avant-propos de l&rsquo;anthologie <\/em>Les Pastiches de Jalons<em>, r\u00e9cemment paru aux \u00e9ditions du Cerf.<\/em><\/p>\n<p><em><\/em>Le cap que Jalons aurait \u00ab d\u00fb \u00bb franchir ensuite, c\u2019est bien s\u00fbr le passage de l\u2019artisanat \u00e0 l\u2019industrie ; une mue h\u00e9las ontologiquement impossible pour notre groupe.<!--more--><\/p>\n<p>Mon fr\u00e8re Karl avait bien une strat\u00e9gie alternative pour s\u2019introduire dans le Cercle magique\u00a0: \u00ab\u00a0D\u2019abord on entre, ensuite on avise\u2026\u00a0\u00bb Mais pour ma part, mon statut de d\u00e9positaire du Sacr\u00e9 Graal jalonien m\u2019imposait la plus grande vigilance. Je me souvenais des m\u00e9saventures de nos amis les Monty Python dans des circonstances comparables\u2026 Pour s\u2019introduire dans le ch\u00e2teau ennemi, ils avaient recouru avec succ\u00e8s au vieux truc du Cheval de Troie\u00a0; ils avaient juste oubli\u00e9 de monter dedans.<\/p>\n<p>Pour poursuivre sa croissance, Jalons aurait d\u00fb entrer dans une logique de rationalit\u00e9 \u00e9conomique incompatible avec son ADN, comme on dit de nos jours \u00e0 tout propos. Pour une non-entreprise comme la n\u00f4tre, l\u2019alignement sur l\u2019\u00e9talon-argent ne pouvait \u00eatre que mortel.<\/p>\n<p>Au mieux, \u00e0 l\u2019\u00e9poque, on aurait fini par faire une sorte d\u2019<em>Infos du Monde<\/em>, avant de se disperser dans la tristesse et le ressentiment. Au lieu de quoi, j\u2019entretiens les meilleures relations avec les meilleurs d\u2019entre nous, qui n\u2019ont jamais cess\u00e9 de r\u00e9pondre \u00ab\u00a0Pr\u00e9sent\u00a0!\u00a0\u00bb aux appels du BuroPoli. Ils \u00e9taient encore l\u00e0, en janvier 2013, mes proches compagnons d\u2019armes, \u00e0 notre manif revendiquant \u00ab\u00a0Le mariage pour personne \u00bb. Nous interpellions alors le chef de l\u2019Etat en personne, pas tr\u00e8s port\u00e9 sur le mariage comme on sait : \u00ab\u00a0Hollande, t\u2019as raison \/ Le mariage c\u2019est pour les cons\u00a0!\u00a0\u00bb scandions-nous notamment, tout en distribuant une Lettre ouverte au Pr\u00e9sident r\u00e9clamant la \u00ab\u00a0s\u00e9paration des sentiments et de l\u2019\u00c9tat\u00a0\u00bb.<\/p>\n<p>Ils \u00e9taient l\u00e0 toujours, mais c&rsquo;est moins surprenant, pour arroser au VIP Room le succ\u00e8s de l&rsquo;anthologie des pastiches de Jalons. Reste \u00e0 expliquer pourquoi nous avons cess\u00e9 de faire des parodies de presse. Outre l\u2019impossible industrialisation de Jalons, il faut compter avec les dix ann\u00e9es de proc\u00e8s occasionn\u00e9s par <em>Fientrevue<\/em> et la mal\u00e9diction de <em>Qui choisir<\/em>\u2026<\/p>\n<p>Mais surtout, le temps est pass\u00e9 aujourd\u2019hui des parodies de presse-papier\u00a0; o\u00f9 donc est la rel\u00e8ve qui devrait se lever pour traduire notre message en langage 2.0\u00a0? Si des volontaires se manifestent, qu\u2019ils le sachent : ils recevront chez nous le meilleur accueil, comme le veau gras au retour du Fils prodigue. Sinon, eh bien, on attendra une g\u00e9n\u00e9ration de plus. \u00ab\u00a0Avec la paille et le temps m\u00fbrissent les n\u00e8fles et les glands\u00a0\u00bb, comme disait le po\u00e8te.<\/p>\n<p style=\"text-align: right\"><strong>Basile de Koch<\/strong><\/p>\n<p style=\"text-align: center\"><a href=\"http:\/\/blog.causeur.fr\/asiledeblog\/une-breve-histoire-de-jalons-%e2%80%93-tome-5-002237.html\/imprimer\" rel=\"attachment wp-att-2238\"><img loading=\"lazy\" decoding=\"async\" class=\"aligncenter size-full wp-image-2238\" src=\"http:\/\/blog.causeur.fr\/asiledeblog\/files\/2016\/02\/macaron-toucons.jpg\" alt=\"\" width=\"275\" height=\"275\" srcset=\"https:\/\/blog.causeur.fr\/asiledeblog\/wp-content\/uploads\/sites\/10\/2016\/02\/macaron-toucons.jpg 649w, https:\/\/blog.causeur.fr\/asiledeblog\/wp-content\/uploads\/sites\/10\/2016\/02\/macaron-toucons-150x150.jpg 150w, https:\/\/blog.causeur.fr\/asiledeblog\/wp-content\/uploads\/sites\/10\/2016\/02\/macaron-toucons-300x300.jpg 300w\" sizes=\"auto, (max-width: 275px) 100vw, 275px\" \/><\/a><\/p>\n<p style=\"text-align: right\">[Fin]<\/p>\n","protected":false},"excerpt":{"rendered":"<p>La paille et le groin Publi\u00e9 ici en cinq \u00e9pisodes, ce texte figure en avant-propos de l&rsquo;anthologie Les Pastiches de Jalons, r\u00e9cemment paru aux \u00e9ditions du Cerf. Le cap que Jalons aurait \u00ab d\u00fb \u00bb franchir ensuite, c\u2019est bien s\u00fbr le passage de l\u2019artisanat \u00e0 l\u2019industrie ; une mue h\u00e9las ontologiquement impossible pour notre groupe.<\/p>\n","protected":false},"author":9,"featured_media":0,"comment_status":"open","ping_status":"open","sticky":false,"template":"","format":"standard","meta":{"footnotes":""},"categories":[1],"tags":[111,717],"class_list":{"0":"post-2237","1":"post","2":"type-post","3":"status-publish","4":"format-standard","6":"category-non-classe","7":"tag-jalons","8":"tag-pastiches"},"_links":{"self":[{"href":"https:\/\/blog.causeur.fr\/asiledeblog\/wp-json\/wp\/v2\/posts\/2237","targetHints":{"allow":["GET"]}}],"collection":[{"href":"https:\/\/blog.causeur.fr\/asiledeblog\/wp-json\/wp\/v2\/posts"}],"about":[{"href":"https:\/\/blog.causeur.fr\/asiledeblog\/wp-json\/wp\/v2\/types\/post"}],"author":[{"embeddable":true,"href":"https:\/\/blog.causeur.fr\/asiledeblog\/wp-json\/wp\/v2\/users\/9"}],"replies":[{"embeddable":true,"href":"https:\/\/blog.causeur.fr\/asiledeblog\/wp-json\/wp\/v2\/comments?post=2237"}],"version-history":[{"count":0,"href":"https:\/\/blog.causeur.fr\/asiledeblog\/wp-json\/wp\/v2\/posts\/2237\/revisions"}],"wp:attachment":[{"href":"https:\/\/blog.causeur.fr\/asiledeblog\/wp-json\/wp\/v2\/media?parent=2237"}],"wp:term":[{"taxonomy":"category","embeddable":true,"href":"https:\/\/blog.causeur.fr\/asiledeblog\/wp-json\/wp\/v2\/categories?post=2237"},{"taxonomy":"post_tag","embeddable":true,"href":"https:\/\/blog.causeur.fr\/asiledeblog\/wp-json\/wp\/v2\/tags?post=2237"}],"curies":[{"name":"wp","href":"https:\/\/api.w.org\/{rel}","templated":true}]}}