{"id":2257,"date":"2016-10-14T16:08:17","date_gmt":"2016-10-14T16:08:17","guid":{"rendered":"http:\/\/blog.causeur.fr\/asiledeblog\/?p=2257"},"modified":"2021-04-26T12:57:02","modified_gmt":"2021-04-26T10:57:02","slug":"suivez-le-buzz","status":"publish","type":"post","link":"https:\/\/blog.causeur.fr\/asiledeblog\/suivez-le-buzz-2257","title":{"rendered":"Suivez le buzz !"},"content":{"rendered":"<p><strong>Dans les tuyaux cette semaine : \u00c9lie Semoun chez les Cisterciens, l\u2019humour de Mme Hidalgo, la hillarymania mondaine\u2026 et le nouveau look de Fran\u00e7ois Fillon !<\/strong><\/p>\n<p><strong>France 2 Humoriste en retraite<\/strong><\/p>\n<p><strong><\/strong><span style=\"line-height: 1.625\">\u00ab <\/span><em>On a parl\u00e9 d\u2019amour, de J\u00e9sus, de la Bible, et \u00e7a m\u2019a fait du bien, vraiment. J\u2019ai eu besoin de \u00e7a et j\u2019y retournerai l\u2019ann\u00e9e prochaine !<\/em><span style=\"line-height: 1.625\"> \u00bb Qui donc racontait ainsi, samedi dernier, en plein Ruquier circus, sa retraite \u00e0 l\u2019abbaye Notre-Dame de Senanque, dans le Vaucluse ? L\u2019humoriste \u00c9lie Semoun ! On ne l\u2019attendait pourtant gu\u00e8re sur ce terrain \u2014 habitu\u00e9s qu\u2019on \u00e9tait plut\u00f4t \u00e0 sa qu\u00eate d\u00e9sesp\u00e9r\u00e9e de \u00ab blondes \u00e0 forte poitrine \u00bb et autres fac\u00e9ties. Eh bien, on avait tort ! Apr\u00e8s tout, quoi d\u2019\u00e9tonnant \u00e0 ce qu\u2019un gar\u00e7on spirituel s\u2019\u00e9veille \u00e0 la spiritualit\u00e9 ?<!--more--><\/span><\/p>\n<p><strong>Twitter, Instagram, etc. Le bon plan com de Fran\u00e7ois<\/strong><\/p>\n<p><img decoding=\"async\" class=\"size-full wp-image-2253 alignleft\" src=\"http:\/\/blog.causeur.fr\/asiledeblog\/files\/2016\/10\/fillon-chez-les-sikhs.jpg\" alt=\"\" width=\"100%\" height=\"auto\" \/>Dimanche pass\u00e9, Fran\u00e7ois Fillon rencontrait les sikhs de France. Rien \u00e0 dire, sauf que, le soir m\u00eame, sur leur site et le sien, paraissait une s\u00e9rie de photos qui d\u00e9clencha aussit\u00f4t l\u2019hilarit\u00e9 g\u00e9n\u00e9rale sur les r\u00e9seaux sociaux. Le pr\u00e9sidentiable y figurait au premier rang d\u2019une assembl\u00e9e de fid\u00e8les sikhs, assis comme eux en tailleur sur le tapis de pri\u00e8re, mais coiff\u00e9 pour sa part d\u2019un \u00e9tonnant bandana de Hell\u2019s Angel californien.<br \/>\nFace \u00e0 la vague de rigolade, les clich\u00e9s ont alors disparu \u2014 mais un peu tard. D\u00e9j\u00e0, le Huffington Post, Yahoo, <em>VSD<\/em>, 20 Minutes et les autres les avaient relay\u00e9s, d\u00e9clenchant cette fois un tsunami de moqueries, parodies en tous genres et concours de l\u00e9gendes.<br \/>\nUn bandana, pourtant, il y a plus ridicule, objecteront certains. Mais \u00ab <em>faut le voir port\u00e9 !<\/em> \u00bb, comme dirait mon \u00e9pouse. En l\u2019occurrence, h\u00e9las, l\u2019imperturbable s\u00e9rieux de Fillon, toujours nimb\u00e9 d\u2019un halo de tristesse sto\u00efque, ajoute encore \u00e0 la <em>vis comica<\/em> de la sc\u00e8ne. <em>Sikh transit gloria filloni<\/em>\u2026<strong><\/strong><\/p>\n<p><strong>Facebook\u00a0 : Anne Hidalgo pousse le bouchon<\/strong><\/p>\n<p>La Journ\u00e9e sans voiture organis\u00e9e, dimanche 25 septembre, \u00e0 Paris a donn\u00e9 lieu, depuis lors, \u00e0 une r\u00e9jouissante pol\u00e9mique 2.0 entre l\u2019humoriste Fabrice \u00c9bou\u00e9 et Mme Hidalgo.<br \/>\nSur Facebook, \u00c9bou\u00e9, vid\u00e9o \u00e0 l\u2019appui, se plaint des embouteillages monstres occasionn\u00e9s par cette brillante initiative. S\u0153ur Anne, qui l\u2019a vu venir, le renvoie dans ses buts en lui conseillant d\u2019essayer le m\u00e9tro, comme \u00ab <em>des millions d\u2019audacieux Parisiens<\/em> \u00bb.<br \/>\nHo ho ! Bien tent\u00e9, madame la maire \u2014 sauf que, deux jours plus tard, Fabrice rench\u00e9rit avec une nouvelle vid\u00e9o o\u00f9 on le voit dans le m\u00e9tro : \u00ab <em>\u00c7a y est, Anne, j\u2019ai relev\u00e9 ton d\u00e9fi , \u00e0 toi de relever le mien ! Je te demande de prendre le RER D apr\u00e8s 22 heures entre Saint-Denis et Sarcelles.<\/em> \u00bb Ce coup-ci, on attend encore la r\u00e9partie foudroyante de l\u2019int\u00e9ress\u00e9e\u2026<strong><\/strong><\/p>\n<p><strong>Le Monde Hillarymania<\/strong><\/p>\n<p>Pour rendre compte du premier d\u00e9bat t\u00e9l\u00e9vis\u00e9 Clinton-Trump, le Monde se transforme en tract \u00e9lectoral g\u00e9ant en faveur de Hillary, par\u00e9e de toutes les vertus : \u00ab <em>calme<\/em> \u00bb et \u00ab <em>combativit\u00e9<\/em> \u00bb, \u00ab <em>s\u00e9rieux<\/em> \u00bb et \u00ab <em>pr\u00e9cision<\/em> \u00bb, \u00ab vision positive et r\u00e9aliste \u00bb. En deux mots, \u00ab <em>l\u2019exp\u00e9rience contre l\u2019incoh\u00e9rence<\/em> \u00bb, comme le titre un \u00e9dito tout en nuances.<br \/>\nBref, pour le 8 novembre, le choix est clair ! Un seul probl\u00e8me, toutefois : peu d\u2019\u00e9lecteurs am\u00e9ricains s\u2019astreignent \u00e0 lire <em>Le Monde<\/em> tous les soirs\u2026 Alors, pourquoi tant d\u2019acharnement \u00e0 faire campagne dans le vide ? Sans doute juste pour se donner bonne conscience. Apr\u00e8s tout, c\u2019est \u00e7a, aujourd\u2019hui, \u00eatre de gauche.<\/p>\n<p>[Article publi\u00e9 dans <em>Valeurs Actuelles<\/em>]<\/p>\n<p><span>Enregistrer<\/span><\/p>\n<p><span>Enregistrer<\/span><\/p>\n","protected":false},"excerpt":{"rendered":"<p>Dans les tuyaux cette semaine : \u00c9lie Semoun chez les Cisterciens, l\u2019humour de Mme Hidalgo, la hillarymania mondaine\u2026 et le nouveau look de Fran\u00e7ois Fillon ! France 2 Humoriste en retraite \u00ab On a parl\u00e9 d\u2019amour, de J\u00e9sus, de la Bible, et \u00e7a m\u2019a fait du bien, vraiment. J\u2019ai eu besoin de \u00e7a et j\u2019y [&hellip;]<\/p>\n","protected":false},"author":9,"featured_media":0,"comment_status":"open","ping_status":"closed","sticky":false,"template":"","format":"standard","meta":{"footnotes":""},"categories":[1],"tags":[],"class_list":{"0":"post-2257","1":"post","2":"type-post","3":"status-publish","4":"format-standard","6":"category-non-classe"},"_links":{"self":[{"href":"https:\/\/blog.causeur.fr\/asiledeblog\/wp-json\/wp\/v2\/posts\/2257","targetHints":{"allow":["GET"]}}],"collection":[{"href":"https:\/\/blog.causeur.fr\/asiledeblog\/wp-json\/wp\/v2\/posts"}],"about":[{"href":"https:\/\/blog.causeur.fr\/asiledeblog\/wp-json\/wp\/v2\/types\/post"}],"author":[{"embeddable":true,"href":"https:\/\/blog.causeur.fr\/asiledeblog\/wp-json\/wp\/v2\/users\/9"}],"replies":[{"embeddable":true,"href":"https:\/\/blog.causeur.fr\/asiledeblog\/wp-json\/wp\/v2\/comments?post=2257"}],"version-history":[{"count":0,"href":"https:\/\/blog.causeur.fr\/asiledeblog\/wp-json\/wp\/v2\/posts\/2257\/revisions"}],"wp:attachment":[{"href":"https:\/\/blog.causeur.fr\/asiledeblog\/wp-json\/wp\/v2\/media?parent=2257"}],"wp:term":[{"taxonomy":"category","embeddable":true,"href":"https:\/\/blog.causeur.fr\/asiledeblog\/wp-json\/wp\/v2\/categories?post=2257"},{"taxonomy":"post_tag","embeddable":true,"href":"https:\/\/blog.causeur.fr\/asiledeblog\/wp-json\/wp\/v2\/tags?post=2257"}],"curies":[{"name":"wp","href":"https:\/\/api.w.org\/{rel}","templated":true}]}}