{"id":2267,"date":"2016-10-24T09:37:34","date_gmt":"2016-10-24T09:37:34","guid":{"rendered":"http:\/\/blog.causeur.fr\/asiledeblog\/?p=2267"},"modified":"2021-04-26T12:57:02","modified_gmt":"2021-04-26T10:57:02","slug":"suivez-le-buzz-2","status":"publish","type":"post","link":"https:\/\/blog.causeur.fr\/asiledeblog\/suivez-le-buzz-2-2267","title":{"rendered":"Suivez le buzz !"},"content":{"rendered":"<p><strong>Cette semaine, Alstom prend le m\u00e9tro, Duflot sermonne Micha\u00ebl Youn, le fisc explore l\u2019au-del\u00e0 et Le Maire se prend pour un jeune \u00e0 casquette.<\/strong><\/p>\n<p><strong><\/strong><br \/>\n<strong>Facebook, etc. Alstom : lazzi dans le m\u00e9tro<\/strong><\/p>\n<p><img decoding=\"async\" title=\"Cette semaine, Alstom prend le m\u00e9tro, Duflot sermonne Micha\u00ebl Youn, le fisc explore l\u2019au-del\u00e0 et Le Maire se prend pour un jeune \u00e0 casquette\" src=\"http:\/\/blog.causeur.fr\/asiledeblog\/files\/2016\/10\/unnamed.jpg\" alt=\"Cette semaine, Alstom prend le m\u00e9tro, Duflot sermonne Micha\u00ebl Youn, le fisc explore l\u2019au-del\u00e0 et Le Maire se prend pour un jeune \u00e0 casquette\" width=\"100%\" height=\"auto\" \/>Cette semaine, sur les r\u00e9seaux sociaux, beaucoup de r\u00e9actions amus\u00e9es apr\u00e8s l\u2019annonce du bricolage baroque imagin\u00e9 par le gouvernement pour sauver le site d\u2019Alstom-Belfort. \u00c0 mon avis, la palme va quand m\u00eame au montage photo ci-dessus ; j\u2019adore cet humour underground\u2026<!--more--><br \/>\n<strong><\/strong><\/p>\n<p><strong>Twitter Youn, salaud, le peuple aura ta peau !<\/strong><\/p>\n<p>D\u00e9cid\u00e9ment, \u00e0 gauche, la chasse aux humoristes est ouverte ! La semaine derni\u00e8re, je vous contais les pitoyables tentatives d\u2019Anne Hidalgo pour r\u00e9\u00e9duquer politiquement Fabrice \u00c9bou\u00e9. Cette semaine, c\u2019est Micha\u00ebl Youn qui est dans le collimateur ! Samedi 1er octobre, l\u2019amuseur s\u2019\u00e9tait laiss\u00e9 aller \u00e0 un tweet rigolo sur le fisc : \u00ab Ma fille m\u2019a demand\u00e9 : \u201cC\u2019est quoi les imp\u00f4ts, papa ? \u201d J\u2019ai mang\u00e9 la moiti\u00e9 de son pain au lait\u2026 elle a compris ! \u00bb<br \/>\nPas de quoi fouetter un contribuable, comme on voit ! Pourtant, Micha\u00ebl s\u2019est aussit\u00f4t attir\u00e9 une vol\u00e9e de bois vert de C\u00e9cile Duflot : \u00ab \u00c0 la mienne [de fille], j\u2019ai dit que gr\u00e2ce [aux imp\u00f4ts], n\u2019importe quelle petite fille, si elle est malade, peut \u00eatre soign\u00e9e. Elle a compris. \u00bb<br \/>\nMagnifique le\u00e7on de morale civique ! Mais l\u2019administrer \u00e0 un amuseur, est-ce bien appropri\u00e9 ? En tant que saltimbanque, vois-tu, C\u00e9cile, ce Youn-l\u00e0 n\u2019est pas tenu \u00e0 l\u2019impeccable rigueur en vigueur chez vous autres politiciens\u2026<\/p>\n<p><strong>Ouest France Id\u00e9e fisc<\/strong><\/p>\n<p>Le mois dernier, le centre des imp\u00f4ts de Vannes adressait un courrier \u00e0 \u00ab Mme Jacqueline X, tombe 24, rang\u00e9e E, rue du Cimeti\u00e8re, \u00e0 Sarzeau \u00bb. Apr\u00e8s un bref passage \u00e0 l\u2019adresse indiqu\u00e9e, le pli \u00e9choua finalement \u00e0 la mairie de la localit\u00e9 \u2014 o\u00f9, semble-t-il, il n\u2019\u00e9tait pas le premier de sa cat\u00e9gorie\u2026<br \/>\nCe gag macabre fait irr\u00e9sistiblement penser au sketch des Inconnus o\u00f9 trois vampires fiscaux viennent harceler un d\u00e9funt \u00e0 peine mis en terre, en scandant autour de sa tombe : \u00ab Nous comprenons votre douleur \/ [\u2026] Mais dans votre malheur \/ N\u2019oubliez pas de r\u00e9gler vos droits de succession\u2026 \u00bb<br \/>\n<strong><\/strong><\/p>\n<p><strong>YouTube : Le Maire kiffe trop la France !<\/strong><\/p>\n<p>Bruno Le Maire est jeune, et il veut que \u00e7a se sache ! Derni\u00e8re innovation en date du candidat \u00e0 la candidature : il est le premier \u00e0 \u00eatre interview\u00e9 par un \u201cyoutubeur\u201d. C\u2019est NKM qui doit \u00eatre verte ! Mais Bruno Le Maire, lui, a boss\u00e9 : il y a deux mois encore, il ignorait jusqu\u2019au sens du mot (le Point, 18 ao\u00fbt). Et le voil\u00e0 face \u00e0 Hugo Travert, un geek de comp\u00e9tition : \u00e0 19 ans, il poss\u00e8de d\u00e9j\u00e0 sa propre cha\u00eene sur YouTube et un \u201cportefeuille\u201d de 80 000 abonn\u00e9s.<br \/>\nMais le renouveau fa\u00e7on BLM ne concerne pas seulement la forme ; il touche aussi le fond. (D\u00e9sol\u00e9, c\u2019\u00e9tait trop tentant !) Interrog\u00e9 sur les questions identitaires, Bruno r\u00e9sume sa pens\u00e9e dans un \u00ab cri du coeur \u00bb \u00e0 peine travaill\u00e9 : \u00ab Je voudrais que tous les petits Fran\u00e7ais se disent : \u201cPutain, je suis fran\u00e7ais, c\u2019est la classe !\u201d \u00bb Pas mal, hein ? Mais pas s\u00fbr non plus qu\u2019une telle saillie enchante les parents qui s\u2019\u00e9chinent \u00e0 \u00e9duquer leurs enfants, malgr\u00e9 des vents contraires. Et m\u00eame pas s\u00fbr que \u00e7a d\u00e9clenche, le 20 novembre prochain, un afflux en masse de rappeurs, slameurs et tagueurs d\u00e9sireux de voter BLM \u00e0 la primaire d\u00e8s le premier tour\u2026<\/p>\n<p>[Publi\u00e9 dans <em>Valeurs Actuelles<\/em>]<\/p>\n<p><span style=\"border-radius: 2px; text-indent: 20px; width: auto; padding: 0px 4px 0px 0px; text-align: center; font: bold 11px\/20px 'Helvetica Neue',Helvetica,sans-serif; color: #ffffff; background: #bd081c url('data:image\/svg+xml;base64,PHN2ZyB4bWxucz0iaHR0cDovL3d3dy53My5vcmcvMjAwMC9zdmciIGhlaWdodD0iMzBweCIgd2lkdGg9IjMwcHgiIHZpZXdCb3g9Ii0xIC0xIDMxIDMxIj48Zz48cGF0aCBkPSJNMjkuNDQ5LDE0LjY2MiBDMjkuNDQ5LDIyLjcyMiAyMi44NjgsMjkuMjU2IDE0Ljc1LDI5LjI1NiBDNi42MzIsMjkuMjU2IDAuMDUxLDIyLjcyMiAwLjA1MSwxNC42NjIgQzAuMDUxLDYuNjAxIDYuNjMyLDAuMDY3IDE0Ljc1LDAuMDY3IEMyMi44NjgsMC4wNjcgMjkuNDQ5LDYuNjAxIDI5LjQ0OSwxNC42NjIiIGZpbGw9IiNmZmYiIHN0cm9rZT0iI2ZmZiIgc3Ryb2tlLXdpZHRoPSIxIj48L3BhdGg+PHBhdGggZD0iTTE0LjczMywxLjY4NiBDNy41MTYsMS42ODYgMS42NjUsNy40OTUgMS42NjUsMTQuNjYyIEMxLjY2NSwyMC4xNTkgNS4xMDksMjQuODU0IDkuOTcsMjYuNzQ0IEM5Ljg1NiwyNS43MTggOS43NTMsMjQuMTQzIDEwLjAxNiwyMy4wMjIgQzEwLjI1MywyMi4wMSAxMS41NDgsMTYuNTcyIDExLjU0OCwxNi41NzIgQzExLjU0OCwxNi41NzIgMTEuMTU3LDE1Ljc5NSAxMS4xNTcsMTQuNjQ2IEMxMS4xNTcsMTIuODQyIDEyLjIxMSwxMS40OTUgMTMuNTIyLDExLjQ5NSBDMTQuNjM3LDExLjQ5NSAxNS4xNzUsMTIuMzI2IDE1LjE3NSwxMy4zMjMgQzE1LjE3NSwxNC40MzYgMTQuNDYyLDE2LjEgMTQuMDkzLDE3LjY0MyBDMTMuNzg1LDE4LjkzNSAxNC43NDUsMTkuOTg4IDE2LjAyOCwxOS45ODggQzE4LjM1MSwxOS45ODggMjAuMTM2LDE3LjU1NiAyMC4xMzYsMTQuMDQ2IEMyMC4xMzYsMTAuOTM5IDE3Ljg4OCw4Ljc2NyAxNC42NzgsOC43NjcgQzEwLjk1OSw4Ljc2NyA4Ljc3NywxMS41MzYgOC43NzcsMTQuMzk4IEM4Ljc3NywxNS41MTMgOS4yMSwxNi43MDkgOS43NDksMTcuMzU5IEM5Ljg1NiwxNy40ODggOS44NzIsMTcuNiA5Ljg0LDE3LjczMSBDOS43NDEsMTguMTQxIDkuNTIsMTkuMDIzIDkuNDc3LDE5LjIwMyBDOS40MiwxOS40NCA5LjI4OCwxOS40OTEgOS4wNCwxOS4zNzYgQzcuNDA4LDE4LjYyMiA2LjM4NywxNi4yNTIgNi4zODcsMTQuMzQ5IEM2LjM4NywxMC4yNTYgOS4zODMsNi40OTcgMTUuMDIyLDYuNDk3IEMxOS41NTUsNi40OTcgMjMuMDc4LDkuNzA1IDIzLjA3OCwxMy45OTEgQzIzLjA3OCwxOC40NjMgMjAuMjM5LDIyLjA2MiAxNi4yOTcsMjIuMDYyIEMxNC45NzMsMjIuMDYyIDEzLjcyOCwyMS4zNzkgMTMuMzAyLDIwLjU3MiBDMTMuMzAyLDIwLjU3MiAxMi42NDcsMjMuMDUgMTIuNDg4LDIzLjY1NyBDMTIuMTkzLDI0Ljc4NCAxMS4zOTYsMjYuMTk2IDEwLjg2MywyNy4wNTggQzEyLjA4NiwyNy40MzQgMTMuMzg2LDI3LjYzNyAxNC43MzMsMjcuNjM3IEMyMS45NSwyNy42MzcgMjcuODAxLDIxLjgyOCAyNy44MDEsMTQuNjYyIEMyNy44MDEsNy40OTUgMjEuOTUsMS42ODYgMTQuNzMzLDEuNjg2IiBmaWxsPSIjYmQwODFjIj48L3BhdGg+PC9nPjwvc3ZnPg==') no-repeat scroll 3px 50% \/ 14px 14px; position: absolute; opacity: 1; z-index: 8675309; display: none; cursor: pointer; top: 171px; left: 19px;\">Enregistrer<\/span><\/p>\n","protected":false},"excerpt":{"rendered":"<p>Cette semaine, Alstom prend le m\u00e9tro, Duflot sermonne Micha\u00ebl Youn, le fisc explore l\u2019au-del\u00e0 et Le Maire se prend pour un jeune \u00e0 casquette. Facebook, etc. Alstom : lazzi dans le m\u00e9tro Cette semaine, sur les r\u00e9seaux sociaux, beaucoup de r\u00e9actions amus\u00e9es apr\u00e8s l\u2019annonce du bricolage baroque imagin\u00e9 par le gouvernement pour sauver le site [&hellip;]<\/p>\n","protected":false},"author":9,"featured_media":0,"comment_status":"open","ping_status":"closed","sticky":false,"template":"","format":"standard","meta":{"footnotes":""},"categories":[1],"tags":[722,724,723],"class_list":{"0":"post-2267","1":"post","2":"type-post","3":"status-publish","4":"format-standard","6":"category-non-classe","7":"tag-alstom","8":"tag-bruno-le-maire","9":"tag-michael-youn"},"_links":{"self":[{"href":"https:\/\/blog.causeur.fr\/asiledeblog\/wp-json\/wp\/v2\/posts\/2267","targetHints":{"allow":["GET"]}}],"collection":[{"href":"https:\/\/blog.causeur.fr\/asiledeblog\/wp-json\/wp\/v2\/posts"}],"about":[{"href":"https:\/\/blog.causeur.fr\/asiledeblog\/wp-json\/wp\/v2\/types\/post"}],"author":[{"embeddable":true,"href":"https:\/\/blog.causeur.fr\/asiledeblog\/wp-json\/wp\/v2\/users\/9"}],"replies":[{"embeddable":true,"href":"https:\/\/blog.causeur.fr\/asiledeblog\/wp-json\/wp\/v2\/comments?post=2267"}],"version-history":[{"count":0,"href":"https:\/\/blog.causeur.fr\/asiledeblog\/wp-json\/wp\/v2\/posts\/2267\/revisions"}],"wp:attachment":[{"href":"https:\/\/blog.causeur.fr\/asiledeblog\/wp-json\/wp\/v2\/media?parent=2267"}],"wp:term":[{"taxonomy":"category","embeddable":true,"href":"https:\/\/blog.causeur.fr\/asiledeblog\/wp-json\/wp\/v2\/categories?post=2267"},{"taxonomy":"post_tag","embeddable":true,"href":"https:\/\/blog.causeur.fr\/asiledeblog\/wp-json\/wp\/v2\/tags?post=2267"}],"curies":[{"name":"wp","href":"https:\/\/api.w.org\/{rel}","templated":true}]}}