{"id":2278,"date":"2016-11-15T11:51:40","date_gmt":"2016-11-15T11:51:40","guid":{"rendered":"http:\/\/blog.causeur.fr\/asiledeblog\/?p=2278"},"modified":"2021-04-26T12:57:01","modified_gmt":"2021-04-26T10:57:01","slug":"suivez-le-buzz-5","status":"publish","type":"post","link":"https:\/\/blog.causeur.fr\/asiledeblog\/suivez-le-buzz-5-2278","title":{"rendered":"Suivez le buzz !"},"content":{"rendered":"<p><strong>\u00c0 la une cette semaine, <strong>M\u00e9lenchon envoy\u00e9 au Front, <\/strong>Gattaz d\u00e9nigr\u00e9, Aubry taquin\u00e9e, Plac\u00e9 recadr\u00e9 !<\/strong><\/p>\n<p><strong><span style=\"color: #ff0000;\"><a href=\"http:\/\/blog.causeur.fr\/asiledeblog\/suivez-le-buzz-5-002278.html\/melenchon\" rel=\"attachment wp-att-2280\"><img loading=\"lazy\" decoding=\"async\" class=\"alignleft size-medium wp-image-2280\" title=\"melenchon\" src=\"http:\/\/blog.causeur.fr\/asiledeblog\/files\/2016\/11\/melenchon-239x300.jpg\" alt=\"\" width=\"239\" height=\"300\" srcset=\"https:\/\/blog.causeur.fr\/asiledeblog\/wp-content\/uploads\/sites\/10\/2016\/11\/melenchon-239x300.jpg 239w, https:\/\/blog.causeur.fr\/asiledeblog\/wp-content\/uploads\/sites\/10\/2016\/11\/melenchon.jpg 425w\" sizes=\"auto, (max-width: 239px) 100vw, 239px\" \/><\/a>F<\/span><\/strong><strong><span style=\"color: #ff0000;\">acebook.<\/span> Qui veut noyer son M\u00e9lenchon\u2026<\/strong><\/p>\n<p>Le torchon br\u00fble entre M\u00e9lenchon et le PS. Invit\u00e9e de Sud Radio l\u2019autre lundi, la porte-parole du parti Corinne Narassiguin n\u2019y est pas all\u00e9e de main morte : pour elle, Jean-Luc M\u00e9lenchon <em>\u00ab rejoint un populisme associ\u00e9 \u00e0 l\u2019extr\u00eame droite \u00bb<\/em>. La formulation est alambiqu\u00e9e, certes, mais le (gros) mot est l\u00e2ch\u00e9 : M\u00e9lenchon, extr\u00eame droite, m\u00eame combat ! Du h\u00e9raut de la \u201cFrance insoumise\u201d, on attendait une riposte tonitruante. Au lieu de quoi il s\u2019est plac\u00e9 sur la d\u00e9fensive en publiant sur sa page Facebook le placard ci-contre. Une r\u00e9ponse niveau cour de r\u00e9cr\u00e9 \u2014 \u00e0 l\u2019\u00e2ge o\u00f9 fleurissent les \u201cc\u2019est \u00e7ui qui dit qui y est\u201d\u2026 Apr\u00e8s, normalement, on \u00e9volue.<!--more--><\/p>\n<p><strong><span style=\"color: #ff0000;\">Twitter.<\/span> Quand la gauche chinoise Gattaz<\/strong><\/p>\n<p><em>\u00ab J\u2019ai quitt\u00e9 un pays communiste, la France, pour venir dans un pays lib\u00e9ral, la Chine ! \u00bb <\/em>Ce bon mot de Pierre Gattaz en visite \u00e0 P\u00e9kin a suscit\u00e9, dans les milieux internautiques de gauche, un toll\u00e9 d\u2019indignation surjou\u00e9e. On lui a reproch\u00e9 le plus s\u00e9rieusement du monde de caricaturer la France, ou d\u2019id\u00e9aliser la Chine, et le plus souvent les deux \u00e0 la fois. C\u2019est que, pour ces gens-l\u00e0, Gattaz ne plaisante pas, il ne peut pas plaisanter : quand on est de droite, ou un repr\u00e9sentant des \u201cposs\u00e9dants\u201d, on n\u2019a pas le droit de faire de l\u2019humour, surtout s\u2019il est dr\u00f4le. C\u2019est un privil\u00e8ge r\u00e9serv\u00e9 aux gens de gauche, qui, h\u00e9las, n\u2019en profitent gu\u00e8re.<\/p>\n<p><strong><span style=\"color: #ff0000;\">Twitter.<\/span> Wawrinka remet Plac\u00e9 \u00e0 sa place<\/strong><\/p>\n<p>Cette semaine, Jean-Vincent Plac\u00e9 peut se vanter d\u2019avoir fait le buzz sur Twitter. Non pas pour ses exploits en mati\u00e8re de simplification administrative \u2014 dont il est charg\u00e9 au gouvernement, peu de gens le savent. Si Jean-Vincent a fait parler de lui, c\u2019est pour s\u2019\u00eatre fait recadrer s\u00e8chement aux Masters 1000 de Paris-Bercy par le num\u00e9ro trois mondial, Stan Wawrinka. Durant le deuxi\u00e8me set du match qui l\u2019opposait \u00e0 l\u2019Allemand Struff , le tennisman suisse a vivement pris \u00e0 partie le secr\u00e9taire d\u2019\u00c9tat, qui ne cessait de bavarder bruyamment dans la tribune officielle : <em>\u00ab Oh, \u00e7a ne te d\u00e9range pas qu\u2019on joue un match ? Non mais s\u00e9rieux, il est minuit, si tu n\u2019as pas envie de voir, tu rentres. \u00bb <\/em>Apr\u00e8s quoi, d\u00e9concentr\u00e9 au possible, le pauvre Wawrinka, qui menait jusque-l\u00e0, a perdu le set, puis le match\u2026 Mais c\u2019est de sa faute, aussi : on n\u2019agresse pas comme \u00e7a un membre \u00e9minent du gouvernement !<\/p>\n<p><strong><span style=\"color: #ff0000;\">France 3 Nord Pas-de-Calais.<\/span> Quartier \u00e0 rixe<\/strong><\/p>\n<p>L\u2019autre mardi \u00e0 Wazemmes, un quartier de Lille connu pour \u00eatre un haut lieu du trafic de drogue, une bagarre a \u00e9clat\u00e9 entre bandes rivales : <em>\u00ab Ils \u00e9taient une trentaine, ils avaient des battes de base-ball, des couteaux et des sabres \u00bb<\/em>, raconte un t\u00e9moin. Rien de bien \u00e9tonnant, direz-vous\u2026 \u00c0 part quand m\u00eame le commentaire du journaliste du site de France 3, aussi avis\u00e9 qu\u2019audacieux : il met les faits en perspective, non sans rappeler au passage, \u00e0 la personnalit\u00e9 politique la plus puissante du coin, quelques v\u00e9rit\u00e9s qui f\u00e2chent\u2026 En septembre dernier par exemple, Martine Aubry, interpell\u00e9e par un professeur sur l\u2019ins\u00e9curit\u00e9 \u00e0 Wazemmes, n\u2019avait su opposer au constat accablant de l\u2019enseignant qu\u2019un d\u00e9menti faiblard : <em>\u00ab Il y a des r\u00e9alit\u00e9s <\/em>(sic)<em>, mais ses propos sont outranciers. La situation s\u2019est d\u00e9grad\u00e9e, mais ce n\u2019est pas ce qu\u2019il dit. \u00bb <\/em>Elle a raison, Martine : c\u2019est pire !<\/p>\n<p>[Article publi\u00e9 dans <em>Valeurs actuelles<\/em>]<\/p>\n<p><span style=\"border-radius: 2px; text-indent: 20px; width: auto; padding: 0px 4px 0px 0px; text-align: center; font: bold 11px\/20px 'Helvetica Neue',Helvetica,sans-serif; color: #ffffff; background: #bd081c url('data:image\/svg+xml;base64,PHN2ZyB4bWxucz0iaHR0cDovL3d3dy53My5vcmcvMjAwMC9zdmciIGhlaWdodD0iMzBweCIgd2lkdGg9IjMwcHgiIHZpZXdCb3g9Ii0xIC0xIDMxIDMxIj48Zz48cGF0aCBkPSJNMjkuNDQ5LDE0LjY2MiBDMjkuNDQ5LDIyLjcyMiAyMi44NjgsMjkuMjU2IDE0Ljc1LDI5LjI1NiBDNi42MzIsMjkuMjU2IDAuMDUxLDIyLjcyMiAwLjA1MSwxNC42NjIgQzAuMDUxLDYuNjAxIDYuNjMyLDAuMDY3IDE0Ljc1LDAuMDY3IEMyMi44NjgsMC4wNjcgMjkuNDQ5LDYuNjAxIDI5LjQ0OSwxNC42NjIiIGZpbGw9IiNmZmYiIHN0cm9rZT0iI2ZmZiIgc3Ryb2tlLXdpZHRoPSIxIj48L3BhdGg+PHBhdGggZD0iTTE0LjczMywxLjY4NiBDNy41MTYsMS42ODYgMS42NjUsNy40OTUgMS42NjUsMTQuNjYyIEMxLjY2NSwyMC4xNTkgNS4xMDksMjQuODU0IDkuOTcsMjYuNzQ0IEM5Ljg1NiwyNS43MTggOS43NTMsMjQuMTQzIDEwLjAxNiwyMy4wMjIgQzEwLjI1MywyMi4wMSAxMS41NDgsMTYuNTcyIDExLjU0OCwxNi41NzIgQzExLjU0OCwxNi41NzIgMTEuMTU3LDE1Ljc5NSAxMS4xNTcsMTQuNjQ2IEMxMS4xNTcsMTIuODQyIDEyLjIxMSwxMS40OTUgMTMuNTIyLDExLjQ5NSBDMTQuNjM3LDExLjQ5NSAxNS4xNzUsMTIuMzI2IDE1LjE3NSwxMy4zMjMgQzE1LjE3NSwxNC40MzYgMTQuNDYyLDE2LjEgMTQuMDkzLDE3LjY0MyBDMTMuNzg1LDE4LjkzNSAxNC43NDUsMTkuOTg4IDE2LjAyOCwxOS45ODggQzE4LjM1MSwxOS45ODggMjAuMTM2LDE3LjU1NiAyMC4xMzYsMTQuMDQ2IEMyMC4xMzYsMTAuOTM5IDE3Ljg4OCw4Ljc2NyAxNC42NzgsOC43NjcgQzEwLjk1OSw4Ljc2NyA4Ljc3NywxMS41MzYgOC43NzcsMTQuMzk4IEM4Ljc3NywxNS41MTMgOS4yMSwxNi43MDkgOS43NDksMTcuMzU5IEM5Ljg1NiwxNy40ODggOS44NzIsMTcuNiA5Ljg0LDE3LjczMSBDOS43NDEsMTguMTQxIDkuNTIsMTkuMDIzIDkuNDc3LDE5LjIwMyBDOS40MiwxOS40NCA5LjI4OCwxOS40OTEgOS4wNCwxOS4zNzYgQzcuNDA4LDE4LjYyMiA2LjM4NywxNi4yNTIgNi4zODcsMTQuMzQ5IEM2LjM4NywxMC4yNTYgOS4zODMsNi40OTcgMTUuMDIyLDYuNDk3IEMxOS41NTUsNi40OTcgMjMuMDc4LDkuNzA1IDIzLjA3OCwxMy45OTEgQzIzLjA3OCwxOC40NjMgMjAuMjM5LDIyLjA2MiAxNi4yOTcsMjIuMDYyIEMxNC45NzMsMjIuMDYyIDEzLjcyOCwyMS4zNzkgMTMuMzAyLDIwLjU3MiBDMTMuMzAyLDIwLjU3MiAxMi42NDcsMjMuMDUgMTIuNDg4LDIzLjY1NyBDMTIuMTkzLDI0Ljc4NCAxMS4zOTYsMjYuMTk2IDEwLjg2MywyNy4wNTggQzEyLjA4NiwyNy40MzQgMTMuMzg2LDI3LjYzNyAxNC43MzMsMjcuNjM3IEMyMS45NSwyNy42MzcgMjcuODAxLDIxLjgyOCAyNy44MDEsMTQuNjYyIEMyNy44MDEsNy40OTUgMjEuOTUsMS42ODYgMTQuNzMzLDEuNjg2IiBmaWxsPSIjYmQwODFjIj48L3BhdGg+PC9nPjwvc3ZnPg==') no-repeat scroll 3px 50% \/ 14px 14px; position: absolute; opacity: 1; z-index: 8675309; display: none; cursor: pointer;\">Enregistrer<\/span><\/p>\n","protected":false},"excerpt":{"rendered":"<p>\u00c0 la une cette semaine, M\u00e9lenchon envoy\u00e9 au Front, Gattaz d\u00e9nigr\u00e9, Aubry taquin\u00e9e, Plac\u00e9 recadr\u00e9 ! Facebook. Qui veut noyer son M\u00e9lenchon\u2026 Le torchon br\u00fble entre M\u00e9lenchon et le PS. Invit\u00e9e de Sud Radio l\u2019autre lundi, la porte-parole du parti Corinne Narassiguin n\u2019y est pas all\u00e9e de main morte : pour elle, Jean-Luc M\u00e9lenchon \u00ab [&hellip;]<\/p>\n","protected":false},"author":9,"featured_media":0,"comment_status":"open","ping_status":"closed","sticky":false,"template":"","format":"standard","meta":{"footnotes":""},"categories":[1],"tags":[148,730,729],"class_list":{"0":"post-2278","1":"post","2":"type-post","3":"status-publish","4":"format-standard","6":"category-non-classe","7":"tag-jean-luc-melenchon","8":"tag-jean-vincent-place","9":"tag-pierre-gattaz"},"_links":{"self":[{"href":"https:\/\/blog.causeur.fr\/asiledeblog\/wp-json\/wp\/v2\/posts\/2278","targetHints":{"allow":["GET"]}}],"collection":[{"href":"https:\/\/blog.causeur.fr\/asiledeblog\/wp-json\/wp\/v2\/posts"}],"about":[{"href":"https:\/\/blog.causeur.fr\/asiledeblog\/wp-json\/wp\/v2\/types\/post"}],"author":[{"embeddable":true,"href":"https:\/\/blog.causeur.fr\/asiledeblog\/wp-json\/wp\/v2\/users\/9"}],"replies":[{"embeddable":true,"href":"https:\/\/blog.causeur.fr\/asiledeblog\/wp-json\/wp\/v2\/comments?post=2278"}],"version-history":[{"count":0,"href":"https:\/\/blog.causeur.fr\/asiledeblog\/wp-json\/wp\/v2\/posts\/2278\/revisions"}],"wp:attachment":[{"href":"https:\/\/blog.causeur.fr\/asiledeblog\/wp-json\/wp\/v2\/media?parent=2278"}],"wp:term":[{"taxonomy":"category","embeddable":true,"href":"https:\/\/blog.causeur.fr\/asiledeblog\/wp-json\/wp\/v2\/categories?post=2278"},{"taxonomy":"post_tag","embeddable":true,"href":"https:\/\/blog.causeur.fr\/asiledeblog\/wp-json\/wp\/v2\/tags?post=2278"}],"curies":[{"name":"wp","href":"https:\/\/api.w.org\/{rel}","templated":true}]}}