{"id":2283,"date":"2016-11-25T14:18:28","date_gmt":"2016-11-25T14:18:28","guid":{"rendered":"http:\/\/blog.causeur.fr\/asiledeblog\/?p=2283"},"modified":"2021-04-26T12:57:01","modified_gmt":"2021-04-26T10:57:01","slug":"lincroyable-faute-de-gout-du-peuple-americain","status":"publish","type":"post","link":"https:\/\/blog.causeur.fr\/asiledeblog\/lincroyable-faute-de-gout-du-peuple-americain-2283","title":{"rendered":"L\u2019incroyable faute de go\u00fbt du peuple am\u00e9ricain"},"content":{"rendered":"<p style=\"text-align: left;\" align=\"center\"><strong>Au menu cette semaine, actualit\u00e9 oblige, du Trump, encore du Trump, toujours du Trump \u2013 et Jean-Michel Aphatie en vedette am\u00e9ricaine.<\/strong><\/p>\n<p style=\"text-align: left;\" align=\"center\"><strong><a href=\"http:\/\/blog.causeur.fr\/asiledeblog\/l%e2%80%99incroyable-faute-de-gout-du-peuple-americain-002283.html\/afphuffva7\" rel=\"attachment wp-att-2284\"><img loading=\"lazy\" decoding=\"async\" class=\"alignleft size-medium wp-image-2284\" title=\"AFPhuffVA7\" src=\"http:\/\/blog.causeur.fr\/asiledeblog\/files\/2016\/11\/AFPhuffVA7-300x275.jpg\" alt=\"\" width=\"300\" height=\"275\" srcset=\"https:\/\/blog.causeur.fr\/asiledeblog\/wp-content\/uploads\/sites\/10\/2016\/11\/AFPhuffVA7-300x275.jpg 300w, https:\/\/blog.causeur.fr\/asiledeblog\/wp-content\/uploads\/sites\/10\/2016\/11\/AFPhuffVA7-327x300.jpg 327w, https:\/\/blog.causeur.fr\/asiledeblog\/wp-content\/uploads\/sites\/10\/2016\/11\/AFPhuffVA7.jpg 519w\" sizes=\"auto, (max-width: 300px) 100vw, 300px\" \/><\/a><\/strong><\/p>\n<p style=\"text-align: left;\" align=\"center\"><strong>Twitter \u2013 Hanouna-Trump\u00a0: la guerre est d\u00e9clar\u00e9e\u00a0!<\/strong><\/p>\n<p>Pour Cyril Hanouna, l\u2019\u00e9lection de Trump est un cauchemar. Dans le tweet ci-dessus, le dynamique animateur de \u00ab\u00a0Touche pas \u00e0 mon poste\u00a0\u00bb sur C8 t\u00e9moigne de son \u00e9motion et de son trouble\u2026 Mais que reproche-t-il au juste \u00e0 Donald Trump\u00a0? D\u2019\u00eatre devenu populaire gr\u00e2ce \u00e0 la t\u00e9l\u00e9\u00a0? Ou peut-\u00eatre de se laisser aller trop facilement \u00e0 la vulgarit\u00e9\u00a0?<!--more--><\/p>\n<p><strong>HuffPost \u2013 Petits monstres<\/strong><\/p>\n<p style=\"text-align: left;\" align=\"center\">Le correspondant \u00e0 New York de l\u2019\u00e9dition fran\u00e7aise du Huffington Post publie un long article pompeusement intitul\u00e9\u00a0: \u00ab\u00a0<em>Manifestations monstres \u00e0 New York et plusieurs autres villes pour protester contre la victoire de Donald Trump \u00e0 l\u2019\u00e9lection pr\u00e9sidentielle<\/em>\u00a0\u00bb. H\u00e9las, ce titre accrocheur est bient\u00f4t d\u00e9menti par le texte lui-m\u00eame, qui fait \u00e9tat de \u00ab\u00a0<em>plusieurs milliers de manifestants\u00a0<\/em>\u00bb certes, mais sur l\u2019ensemble du territoire am\u00e9ricain. Pire encore\u00a0: photos, vid\u00e9os et tweets cens\u00e9s illustrer ce raz-de-mar\u00e9e protestataire ne nous montrent, en fait de foules, que quelques p\u00e9kins \u00e0 pancarte perdus au c\u0153ur de Manhattan ou de Washington\u2026<\/p>\n<p style=\"text-align: left;\" align=\"center\"><strong>AFP \u2013 Avoir raison d\u2019avoir tort<\/strong><\/p>\n<p>Sous le titre \u00ab\u00a0<em>Les m\u00e9dias en pleine introspection apr\u00e8s la victoire surprise de Trump\u00a0<\/em>\u00bb, l\u2019AFP consacre un article \u00e0 l\u2019autocritique de la presse qui n\u2019a rien vu venir\u2026 Pr\u00e9cision\u00a0: ce <em>mea culpa<\/em> est celui des m\u00e9dias am\u00e9ricains. La presse fran\u00e7aise, elle, ne se trompe jamais.<br \/>\nCertes, \u00e0 l\u2019exception de votre hebdomadaire pr\u00e9f\u00e9r\u00e9, elle a quasi unanimement annonc\u00e9 et souhait\u00e9 la d\u00e9faite de Trump\u00a0; mais \u00e0 l\u2019en croire encore aujourd\u2019hui, elle a eu raison de le faire.<br \/>\nLes faits lui ont donn\u00e9 tort, et alors\u00a0? Que valent les faits, face aux principes\u00a0? C\u2019est \u00e7a, l\u2019exception intellectuelle fran\u00e7aise\u00a0! Comme on disait avant-hier \u00e0 propos de Sartre et Aron, mieux vaut avoir tort avec Plenel que raison avec Kerdrel.<\/p>\n<p><strong>BFMTV \u2013 Aphatie vote contre le suffrage universel<\/strong><\/p>\n<p style=\"text-align: left;\" align=\"center\">Jeudi dernier, la cha\u00eene d\u2019info recevait, pour d\u00e9battre de la pr\u00e9sidentielle am\u00e9ricaine, Eug\u00e9nie Basti\u00e9 du Figaro et Jean-Michel Aphatie de France Info. Visiblement indign\u00e9 par le vote des \u00e9lecteurs am\u00e9ricains, celui-ci a fini par l\u00e2cher le fond de sa pens\u00e9e\u00a0: \u00ab\u00a0<em>Il faut s\u2019interroger sur la question du suffrage universel.\u00a0<\/em>\u00bb Rien de moins\u00a0!<br \/>\nFace \u00e0 cette remise en cause des fondements m\u00eame de notre d\u00e9mocratie, on attend avec impatience la r\u00e9action de la soci\u00e9t\u00e9 des journalistes de France Info. Gageons qu\u2019elle ne manquera pas de r\u00e9clamer la t\u00eate de son \u00e9ditorialiste vedette&#8230; Une chose est s\u00fbre en tout cas\u00a0: si c\u2019\u00e9tait Zemmour qui avait balanc\u00e9 une horreur pareille, il serait d\u00e9j\u00e0 en prison.<\/p>\n<p><strong>Twitter \u2013 R\u00e9action primaire<\/strong><\/p>\n<p>Pour le patron du PS, c\u2019est clair\u00a0: l\u2019\u00e9lection de Donald Trump est un avertissement \u00e0 la gauche fran\u00e7aise. De Macron \u00e0 M\u00e9lenchon, tous doivent se r\u00e9concilier de toute urgence autour de sa primaire \u00e0 lui, sous peine de Le Pen.<br \/>\nAllons bon\u00a0! Mais alors dis-nous, Jean-Christophe\u00a0: si Clinton avait gagn\u00e9, la gauche fran\u00e7aise pourrait continuer \u00e0 s\u2019\u00e9triper joyeusement en toute impunit\u00e9\u00a0?<\/p>\n<p>[Publi\u00e9 dans <em>Valeurs Actuelles<\/em>]<\/p>\n<p><span style=\"border-radius: 2px; text-indent: 20px; width: auto; padding: 0px 4px 0px 0px; text-align: center; font: bold 11px\/20px 'Helvetica Neue',Helvetica,sans-serif; color: #ffffff; background: #bd081c url('data:image\/svg+xml;base64,PHN2ZyB4bWxucz0iaHR0cDovL3d3dy53My5vcmcvMjAwMC9zdmciIGhlaWdodD0iMzBweCIgd2lkdGg9IjMwcHgiIHZpZXdCb3g9Ii0xIC0xIDMxIDMxIj48Zz48cGF0aCBkPSJNMjkuNDQ5LDE0LjY2MiBDMjkuNDQ5LDIyLjcyMiAyMi44NjgsMjkuMjU2IDE0Ljc1LDI5LjI1NiBDNi42MzIsMjkuMjU2IDAuMDUxLDIyLjcyMiAwLjA1MSwxNC42NjIgQzAuMDUxLDYuNjAxIDYuNjMyLDAuMDY3IDE0Ljc1LDAuMDY3IEMyMi44NjgsMC4wNjcgMjkuNDQ5LDYuNjAxIDI5LjQ0OSwxNC42NjIiIGZpbGw9IiNmZmYiIHN0cm9rZT0iI2ZmZiIgc3Ryb2tlLXdpZHRoPSIxIj48L3BhdGg+PHBhdGggZD0iTTE0LjczMywxLjY4NiBDNy41MTYsMS42ODYgMS42NjUsNy40OTUgMS42NjUsMTQuNjYyIEMxLjY2NSwyMC4xNTkgNS4xMDksMjQuODU0IDkuOTcsMjYuNzQ0IEM5Ljg1NiwyNS43MTggOS43NTMsMjQuMTQzIDEwLjAxNiwyMy4wMjIgQzEwLjI1MywyMi4wMSAxMS41NDgsMTYuNTcyIDExLjU0OCwxNi41NzIgQzExLjU0OCwxNi41NzIgMTEuMTU3LDE1Ljc5NSAxMS4xNTcsMTQuNjQ2IEMxMS4xNTcsMTIuODQyIDEyLjIxMSwxMS40OTUgMTMuNTIyLDExLjQ5NSBDMTQuNjM3LDExLjQ5NSAxNS4xNzUsMTIuMzI2IDE1LjE3NSwxMy4zMjMgQzE1LjE3NSwxNC40MzYgMTQuNDYyLDE2LjEgMTQuMDkzLDE3LjY0MyBDMTMuNzg1LDE4LjkzNSAxNC43NDUsMTkuOTg4IDE2LjAyOCwxOS45ODggQzE4LjM1MSwxOS45ODggMjAuMTM2LDE3LjU1NiAyMC4xMzYsMTQuMDQ2IEMyMC4xMzYsMTAuOTM5IDE3Ljg4OCw4Ljc2NyAxNC42NzgsOC43NjcgQzEwLjk1OSw4Ljc2NyA4Ljc3NywxMS41MzYgOC43NzcsMTQuMzk4IEM4Ljc3NywxNS41MTMgOS4yMSwxNi43MDkgOS43NDksMTcuMzU5IEM5Ljg1NiwxNy40ODggOS44NzIsMTcuNiA5Ljg0LDE3LjczMSBDOS43NDEsMTguMTQxIDkuNTIsMTkuMDIzIDkuNDc3LDE5LjIwMyBDOS40MiwxOS40NCA5LjI4OCwxOS40OTEgOS4wNCwxOS4zNzYgQzcuNDA4LDE4LjYyMiA2LjM4NywxNi4yNTIgNi4zODcsMTQuMzQ5IEM2LjM4NywxMC4yNTYgOS4zODMsNi40OTcgMTUuMDIyLDYuNDk3IEMxOS41NTUsNi40OTcgMjMuMDc4LDkuNzA1IDIzLjA3OCwxMy45OTEgQzIzLjA3OCwxOC40NjMgMjAuMjM5LDIyLjA2MiAxNi4yOTcsMjIuMDYyIEMxNC45NzMsMjIuMDYyIDEzLjcyOCwyMS4zNzkgMTMuMzAyLDIwLjU3MiBDMTMuMzAyLDIwLjU3MiAxMi42NDcsMjMuMDUgMTIuNDg4LDIzLjY1NyBDMTIuMTkzLDI0Ljc4NCAxMS4zOTYsMjYuMTk2IDEwLjg2MywyNy4wNTggQzEyLjA4NiwyNy40MzQgMTMuMzg2LDI3LjYzNyAxNC43MzMsMjcuNjM3IEMyMS45NSwyNy42MzcgMjcuODAxLDIxLjgyOCAyNy44MDEsMTQuNjYyIEMyNy44MDEsNy40OTUgMjEuOTUsMS42ODYgMTQuNzMzLDEuNjg2IiBmaWxsPSIjYmQwODFjIj48L3BhdGg+PC9nPjwvc3ZnPg==') no-repeat scroll 3px 50% \/ 14px 14px; position: absolute; opacity: 1; z-index: 8675309; display: none; cursor: pointer; top: 98px; left: 19px;\">Enregistrer<\/span><\/p>\n","protected":false},"excerpt":{"rendered":"<p>Au menu cette semaine, actualit\u00e9 oblige, du Trump, encore du Trump, toujours du Trump \u2013 et Jean-Michel Aphatie en vedette am\u00e9ricaine. Twitter \u2013 Hanouna-Trump\u00a0: la guerre est d\u00e9clar\u00e9e\u00a0! Pour Cyril Hanouna, l\u2019\u00e9lection de Trump est un cauchemar. Dans le tweet ci-dessus, le dynamique animateur de \u00ab\u00a0Touche pas \u00e0 mon poste\u00a0\u00bb sur C8 t\u00e9moigne de son [&hellip;]<\/p>\n","protected":false},"author":9,"featured_media":0,"comment_status":"open","ping_status":"closed","sticky":false,"template":"","format":"standard","meta":{"footnotes":""},"categories":[1],"tags":[732,731,436],"class_list":{"0":"post-2283","1":"post","2":"type-post","3":"status-publish","4":"format-standard","6":"category-non-classe","7":"tag-cyril-hanouna","8":"tag-donald-trump","9":"tag-jean-michel-aphatie"},"_links":{"self":[{"href":"https:\/\/blog.causeur.fr\/asiledeblog\/wp-json\/wp\/v2\/posts\/2283","targetHints":{"allow":["GET"]}}],"collection":[{"href":"https:\/\/blog.causeur.fr\/asiledeblog\/wp-json\/wp\/v2\/posts"}],"about":[{"href":"https:\/\/blog.causeur.fr\/asiledeblog\/wp-json\/wp\/v2\/types\/post"}],"author":[{"embeddable":true,"href":"https:\/\/blog.causeur.fr\/asiledeblog\/wp-json\/wp\/v2\/users\/9"}],"replies":[{"embeddable":true,"href":"https:\/\/blog.causeur.fr\/asiledeblog\/wp-json\/wp\/v2\/comments?post=2283"}],"version-history":[{"count":0,"href":"https:\/\/blog.causeur.fr\/asiledeblog\/wp-json\/wp\/v2\/posts\/2283\/revisions"}],"wp:attachment":[{"href":"https:\/\/blog.causeur.fr\/asiledeblog\/wp-json\/wp\/v2\/media?parent=2283"}],"wp:term":[{"taxonomy":"category","embeddable":true,"href":"https:\/\/blog.causeur.fr\/asiledeblog\/wp-json\/wp\/v2\/categories?post=2283"},{"taxonomy":"post_tag","embeddable":true,"href":"https:\/\/blog.causeur.fr\/asiledeblog\/wp-json\/wp\/v2\/tags?post=2283"}],"curies":[{"name":"wp","href":"https:\/\/api.w.org\/{rel}","templated":true}]}}