{"id":2287,"date":"2016-12-05T10:17:52","date_gmt":"2016-12-05T10:17:52","guid":{"rendered":"http:\/\/blog.causeur.fr\/asiledeblog\/?p=2287"},"modified":"2021-04-26T12:57:01","modified_gmt":"2021-04-26T10:57:01","slug":"a-bas-trump-facebook-et-lorthographe","status":"publish","type":"post","link":"https:\/\/blog.causeur.fr\/asiledeblog\/a-bas-trump-facebook-et-lorthographe-2287","title":{"rendered":"\u00c0 bas Trump, Facebook et l\u2019orthographe !"},"content":{"rendered":"<p style=\"text-align: left;\" align=\"center\"><strong>\u00c0 la une cette semaine, l\u2019arriv\u00e9e des smileys voil\u00e9s, le coup de col\u00e8re hebdomadaire de Taubira, et une manif contre Trump et l\u2019orthographe\u2026<!--more--><\/strong><\/p>\n<figure id=\"attachment_2293\" aria-describedby=\"caption-attachment-2293\" style=\"width: 300px\" class=\"wp-caption alignleft\"><a href=\"http:\/\/blog.causeur.fr\/asiledeblog\/a-bas-trump-facebook-et-l%e2%80%99orthographe-002287.html\/manifantitrump-4\" rel=\"attachment wp-att-2293\"><img loading=\"lazy\" decoding=\"async\" class=\"size-medium wp-image-2293\" title=\"ManifAntiTrump\" src=\"http:\/\/blog.causeur.fr\/asiledeblog\/files\/2016\/12\/ManifAntiTrump3-300x169.jpg\" alt=\"\" width=\"300\" height=\"169\" srcset=\"https:\/\/blog.causeur.fr\/asiledeblog\/wp-content\/uploads\/sites\/10\/2016\/12\/ManifAntiTrump3-300x169.jpg 300w, https:\/\/blog.causeur.fr\/asiledeblog\/wp-content\/uploads\/sites\/10\/2016\/12\/ManifAntiTrump3-500x282.jpg 500w, https:\/\/blog.causeur.fr\/asiledeblog\/wp-content\/uploads\/sites\/10\/2016\/12\/ManifAntiTrump3.jpg 656w\" sizes=\"auto, (max-width: 300px) 100vw, 300px\" \/><\/a><figcaption id=\"caption-attachment-2293\" class=\"wp-caption-text\">Apparemment, les manifestants boycottent m\u00eame la lettre \u00ab T \u00bb comme Trump !<\/figcaption><\/figure>\n<p><strong><em>Sputniknews.com \u2013 <\/em>Faute politique\u00a0!<\/strong><\/p>\n<p>La mode des manifs anti-Trump a gagn\u00e9 Paris. Amus\u00e9e, l\u2019agence russe Sputnik y a consacr\u00e9 un long reportage vid\u00e9o. \u00c0 en croire cette pancarte, les manifestants contestent aussi la \u00ab\u00a0supr\u00e9macie\u00a0\u00bb de l\u2019orthographe r\u00e9actionnaire\u2026<\/p>\n<p><strong><em>Lib\u00e9ration \u2013 <\/em>Quand nos m\u00e9dias sortent couverts\u2026 <\/strong><\/p>\n<p>Des deux c\u00f4t\u00e9s de l\u2019Atlantique, l\u2019onde de choc Trump n\u2019a pas fini de faire des vagues dans le monde des m\u00e9dias. Aux Etats-Unis, la presse de qualit\u00e9 se livre \u00e0 un examen de conscience et s\u2019interroge sur son aveuglement hillariste.<br \/>\nDans nos m\u00e9dias en revanche, l\u2019autocritique n\u2019est toujours pas \u00e0 l\u2019ordre du jour\u00a0; tout juste une prudence de chats \u00e9chaud\u00e9s. Plus question d\u00e9sormais de donner untel battu d\u2019avance ou tel autre \u00e9lu \u00e0 coup s\u00fbr\u00a0: la circonspection est de mise.<br \/>\nT\u00e9moins de cette nouvelle mode \u00ab\u00a0bretelles &amp; ceintures\u00a0\u00bb, deux articles radicalement contradictoires sur l\u2019avenir du macronisme, sign\u00e9s dans Lib\u00e9ration de jeudi dernier par deux journalistes-maison.\u00a0 C\u00f4t\u00e9 cour, un certain Gr\u00e9goire Biseau explique \u00ab\u00a0<em>pourquoi Macron est condamn\u00e9 \u00e0 \u00e9chouer<\/em>\u00a0\u00bb. C\u00f4t\u00e9 jardin, sa consoeur Nathalie Raulin nous d\u00e9montre comment le m\u00eame Macron \u00ab\u00a0<em>peut le faire<\/em>\u00a0\u00bb.<br \/>\nL\u2019avantage d\u2019\u00e9crire ainsi tout et son contraire, c\u2019est qu\u2019on ne risque pas d\u2019\u00eatre d\u00e9menti par les faits. Le danger, bien s\u00fbr, serait de d\u00e9courager les derniers lecteurs s\u00e9rieux de Lib\u00e9. Risque calcul\u00e9, en v\u00e9rit\u00e9\u00a0: ceux-l\u00e0 sont d\u00e9j\u00e0 partis depuis longtemps\u2026 La plupart des autres aussi, d\u2019ailleurs.<\/p>\n<p><strong><em>Le Lab Europe 1 \u2013 <\/em>Comment Facebook nous a trump\u00e9s<\/strong><\/p>\n<figure id=\"attachment_2289\" aria-describedby=\"caption-attachment-2289\" style=\"width: 300px\" class=\"wp-caption alignleft\"><a href=\"http:\/\/blog.causeur.fr\/asiledeblog\/a-bas-trump-facebook-et-l%e2%80%99orthographe-002287.html\/va8taubira\" rel=\"attachment wp-att-2289\"><img loading=\"lazy\" decoding=\"async\" class=\"size-medium wp-image-2289 \" title=\"VA8Taubira\" src=\"http:\/\/blog.causeur.fr\/asiledeblog\/files\/2016\/12\/VA8Taubira-300x284.jpg\" alt=\"\" width=\"300\" height=\"284\" srcset=\"https:\/\/blog.causeur.fr\/asiledeblog\/wp-content\/uploads\/sites\/10\/2016\/12\/VA8Taubira-300x284.jpg 300w, https:\/\/blog.causeur.fr\/asiledeblog\/wp-content\/uploads\/sites\/10\/2016\/12\/VA8Taubira.jpg 535w\" sizes=\"auto, (max-width: 300px) 100vw, 300px\" \/><\/a><figcaption id=\"caption-attachment-2289\" class=\"wp-caption-text\">Pour une fois, Mme Taubira ne trouve pas d\u2019excuses au coupable\u2026 Il est vrai que celui-ci est innocent !<\/figcaption><\/figure>\n<p>\u00c0 tout crime il faut un coupable. Dans la t\u00e9n\u00e9breuse\u00a0affaire Trump, la gauche en a trouv\u00e9 un en la personne de Mark Zuckerberg. Le patron de Facebook est accus\u00e9 d\u2019avoir fait \u00e9lire le grand Satan p\u00e9roxyd\u00e9 en laissant prolif\u00e9rer, sur son r\u00e9seau, toutes sortes d\u2019infos tendancieuses et d\u2019id\u00e9es pernicieuses qui, au bout du compte, auront conduit au pire\u2026<br \/>\nSans surprise, Christiane Taubira est sur cette ligne, qui appelle solennellement \u00ab\u00a0<em>les responsables<\/em>\u00a0\u00bb \u00e0 \u00ab\u00a0<em>se responsabiliser\u00a0<\/em>\u00bb. M\u00eames \u00e9l\u00e9ments de langage chez Beno\u00eet Hamon, qui parle de \u00ab\u00a0<em>coresponsabilit\u00e9<\/em>\u00a0\u00bb de Facebook dans le drame. Nos grandes-consciences-de-gauche en appelleraient-elles au retour de la censure \u2013 toujours en vertu des grands principes\u00a0? Qu\u2019elles s\u2019\u00e9pargnent ce ridicule\u00a0! Si l\u2019on veut vraiment des coupables, j\u2019en ai d\u2019autres \u00e0 sugg\u00e9rer\u00a0: les \u00e9lecteurs eux-m\u00eames, bien s\u00fbr\u2026 et ceux qui les ont mis dans cet \u00e9tat.<\/p>\n<p><strong><em>Twitter \u2013 <\/em>Image pieuse<\/strong><\/p>\n<figure id=\"attachment_2288\" aria-describedby=\"caption-attachment-2288\" style=\"width: 300px\" class=\"wp-caption alignleft\"><a href=\"http:\/\/blog.causeur.fr\/asiledeblog\/a-bas-trump-facebook-et-l%e2%80%99orthographe-002287.html\/va8voile\" rel=\"attachment wp-att-2288\"><img loading=\"lazy\" decoding=\"async\" class=\"size-medium wp-image-2288 \" title=\"VA8voile\" src=\"http:\/\/blog.causeur.fr\/asiledeblog\/files\/2016\/12\/VA8voile-300x246.jpg\" alt=\"\" width=\"300\" height=\"246\" srcset=\"https:\/\/blog.causeur.fr\/asiledeblog\/wp-content\/uploads\/sites\/10\/2016\/12\/VA8voile-300x246.jpg 300w, https:\/\/blog.causeur.fr\/asiledeblog\/wp-content\/uploads\/sites\/10\/2016\/12\/VA8voile-364x300.jpg 364w, https:\/\/blog.causeur.fr\/asiledeblog\/wp-content\/uploads\/sites\/10\/2016\/12\/VA8voile.jpg 650w\" sizes=\"auto, (max-width: 300px) 100vw, 300px\" \/><\/a><figcaption id=\"caption-attachment-2288\" class=\"wp-caption-text\">Pour l\u2019ic\u00f4ne \u00ab burkini \u00bb, faudra sans doute attendre la collection printemps-\u00e9t\u00e9\u2026<\/figcaption><\/figure>\n<p>Les \u00e9motic\u00f4nes, vous connaissez\u00a0? Mais si, vous savez, ces pictogrammes dont les r\u00e9seauteurs sociaux truffent leurs messages et \u00ab\u00a0statuts\u00a0\u00bb. Le plus connu est bien s\u00fbr le smiley, petit rond jaune au sourire b\u00e9at. Depuis, \u00a0beaucoup d\u2019autres ont fait leur apparition, illustrant un large \u00e9ventail de pens\u00e9es et de sentiments,\u00a0 du c\u0153ur bris\u00e9 \u00e0 la tranche de pizza.<br \/>\nChaque ann\u00e9e, une instance myst\u00e9rieusement nomm\u00e9e <em>Consortium<\/em> <em>Code<\/em> publie la liste des nouveaux symboles autoris\u00e9s. Parmi les nouveaut\u00e9s 2017 on remarquera, entre autres, le pictogramme repr\u00e9sentant une jeune femme voil\u00e9e et visiblement heureuse de l\u2019\u00eatre. Une innovation qui fera un malheur en Arabie saoudite, j\u2019en mets ma main \u00e0 couper\u00a0!<\/p>\n<p>[Publi\u00e9 dans <em>Valeurs Actuelles<\/em>]<\/p>\n<p><span style=\"border-radius: 2px; text-indent: 20px; width: auto; padding: 0px 4px 0px 0px; text-align: center; font: bold 11px\/20px 'Helvetica Neue',Helvetica,sans-serif; color: #ffffff; background: #bd081c url('data:image\/svg+xml;base64,PHN2ZyB4bWxucz0iaHR0cDovL3d3dy53My5vcmcvMjAwMC9zdmciIGhlaWdodD0iMzBweCIgd2lkdGg9IjMwcHgiIHZpZXdCb3g9Ii0xIC0xIDMxIDMxIj48Zz48cGF0aCBkPSJNMjkuNDQ5LDE0LjY2MiBDMjkuNDQ5LDIyLjcyMiAyMi44NjgsMjkuMjU2IDE0Ljc1LDI5LjI1NiBDNi42MzIsMjkuMjU2IDAuMDUxLDIyLjcyMiAwLjA1MSwxNC42NjIgQzAuMDUxLDYuNjAxIDYuNjMyLDAuMDY3IDE0Ljc1LDAuMDY3IEMyMi44NjgsMC4wNjcgMjkuNDQ5LDYuNjAxIDI5LjQ0OSwxNC42NjIiIGZpbGw9IiNmZmYiIHN0cm9rZT0iI2ZmZiIgc3Ryb2tlLXdpZHRoPSIxIj48L3BhdGg+PHBhdGggZD0iTTE0LjczMywxLjY4NiBDNy41MTYsMS42ODYgMS42NjUsNy40OTUgMS42NjUsMTQuNjYyIEMxLjY2NSwyMC4xNTkgNS4xMDksMjQuODU0IDkuOTcsMjYuNzQ0IEM5Ljg1NiwyNS43MTggOS43NTMsMjQuMTQzIDEwLjAxNiwyMy4wMjIgQzEwLjI1MywyMi4wMSAxMS41NDgsMTYuNTcyIDExLjU0OCwxNi41NzIgQzExLjU0OCwxNi41NzIgMTEuMTU3LDE1Ljc5NSAxMS4xNTcsMTQuNjQ2IEMxMS4xNTcsMTIuODQyIDEyLjIxMSwxMS40OTUgMTMuNTIyLDExLjQ5NSBDMTQuNjM3LDExLjQ5NSAxNS4xNzUsMTIuMzI2IDE1LjE3NSwxMy4zMjMgQzE1LjE3NSwxNC40MzYgMTQuNDYyLDE2LjEgMTQuMDkzLDE3LjY0MyBDMTMuNzg1LDE4LjkzNSAxNC43NDUsMTkuOTg4IDE2LjAyOCwxOS45ODggQzE4LjM1MSwxOS45ODggMjAuMTM2LDE3LjU1NiAyMC4xMzYsMTQuMDQ2IEMyMC4xMzYsMTAuOTM5IDE3Ljg4OCw4Ljc2NyAxNC42NzgsOC43NjcgQzEwLjk1OSw4Ljc2NyA4Ljc3NywxMS41MzYgOC43NzcsMTQuMzk4IEM4Ljc3NywxNS41MTMgOS4yMSwxNi43MDkgOS43NDksMTcuMzU5IEM5Ljg1NiwxNy40ODggOS44NzIsMTcuNiA5Ljg0LDE3LjczMSBDOS43NDEsMTguMTQxIDkuNTIsMTkuMDIzIDkuNDc3LDE5LjIwMyBDOS40MiwxOS40NCA5LjI4OCwxOS40OTEgOS4wNCwxOS4zNzYgQzcuNDA4LDE4LjYyMiA2LjM4NywxNi4yNTIgNi4zODcsMTQuMzQ5IEM2LjM4NywxMC4yNTYgOS4zODMsNi40OTcgMTUuMDIyLDYuNDk3IEMxOS41NTUsNi40OTcgMjMuMDc4LDkuNzA1IDIzLjA3OCwxMy45OTEgQzIzLjA3OCwxOC40NjMgMjAuMjM5LDIyLjA2MiAxNi4yOTcsMjIuMDYyIEMxNC45NzMsMjIuMDYyIDEzLjcyOCwyMS4zNzkgMTMuMzAyLDIwLjU3MiBDMTMuMzAyLDIwLjU3MiAxMi42NDcsMjMuMDUgMTIuNDg4LDIzLjY1NyBDMTIuMTkzLDI0Ljc4NCAxMS4zOTYsMjYuMTk2IDEwLjg2MywyNy4wNTggQzEyLjA4NiwyNy40MzQgMTMuMzg2LDI3LjYzNyAxNC43MzMsMjcuNjM3IEMyMS45NSwyNy42MzcgMjcuODAxLDIxLjgyOCAyNy44MDEsMTQuNjYyIEMyNy44MDEsNy40OTUgMjEuOTUsMS42ODYgMTQuNzMzLDEuNjg2IiBmaWxsPSIjYmQwODFjIj48L3BhdGg+PC9nPjwvc3ZnPg==') no-repeat scroll 3px 50% \/ 14px 14px; position: absolute; opacity: 1; z-index: 8675309; display: none; cursor: pointer; top: 156px; left: 40px;\">Enregistrer<\/span><\/p>\n<p><span style=\"border-radius: 2px; text-indent: 20px; width: auto; padding: 0px 4px 0px 0px; text-align: center; font: bold 11px\/20px 'Helvetica Neue',Helvetica,sans-serif; color: #ffffff; background: #bd081c url('data:image\/svg+xml;base64,PHN2ZyB4bWxucz0iaHR0cDovL3d3dy53My5vcmcvMjAwMC9zdmciIGhlaWdodD0iMzBweCIgd2lkdGg9IjMwcHgiIHZpZXdCb3g9Ii0xIC0xIDMxIDMxIj48Zz48cGF0aCBkPSJNMjkuNDQ5LDE0LjY2MiBDMjkuNDQ5LDIyLjcyMiAyMi44NjgsMjkuMjU2IDE0Ljc1LDI5LjI1NiBDNi42MzIsMjkuMjU2IDAuMDUxLDIyLjcyMiAwLjA1MSwxNC42NjIgQzAuMDUxLDYuNjAxIDYuNjMyLDAuMDY3IDE0Ljc1LDAuMDY3IEMyMi44NjgsMC4wNjcgMjkuNDQ5LDYuNjAxIDI5LjQ0OSwxNC42NjIiIGZpbGw9IiNmZmYiIHN0cm9rZT0iI2ZmZiIgc3Ryb2tlLXdpZHRoPSIxIj48L3BhdGg+PHBhdGggZD0iTTE0LjczMywxLjY4NiBDNy41MTYsMS42ODYgMS42NjUsNy40OTUgMS42NjUsMTQuNjYyIEMxLjY2NSwyMC4xNTkgNS4xMDksMjQuODU0IDkuOTcsMjYuNzQ0IEM5Ljg1NiwyNS43MTggOS43NTMsMjQuMTQzIDEwLjAxNiwyMy4wMjIgQzEwLjI1MywyMi4wMSAxMS41NDgsMTYuNTcyIDExLjU0OCwxNi41NzIgQzExLjU0OCwxNi41NzIgMTEuMTU3LDE1Ljc5NSAxMS4xNTcsMTQuNjQ2IEMxMS4xNTcsMTIuODQyIDEyLjIxMSwxMS40OTUgMTMuNTIyLDExLjQ5NSBDMTQuNjM3LDExLjQ5NSAxNS4xNzUsMTIuMzI2IDE1LjE3NSwxMy4zMjMgQzE1LjE3NSwxNC40MzYgMTQuNDYyLDE2LjEgMTQuMDkzLDE3LjY0MyBDMTMuNzg1LDE4LjkzNSAxNC43NDUsMTkuOTg4IDE2LjAyOCwxOS45ODggQzE4LjM1MSwxOS45ODggMjAuMTM2LDE3LjU1NiAyMC4xMzYsMTQuMDQ2IEMyMC4xMzYsMTAuOTM5IDE3Ljg4OCw4Ljc2NyAxNC42NzgsOC43NjcgQzEwLjk1OSw4Ljc2NyA4Ljc3NywxMS41MzYgOC43NzcsMTQuMzk4IEM4Ljc3NywxNS41MTMgOS4yMSwxNi43MDkgOS43NDksMTcuMzU5IEM5Ljg1NiwxNy40ODggOS44NzIsMTcuNiA5Ljg0LDE3LjczMSBDOS43NDEsMTguMTQxIDkuNTIsMTkuMDIzIDkuNDc3LDE5LjIwMyBDOS40MiwxOS40NCA5LjI4OCwxOS40OTEgOS4wNCwxOS4zNzYgQzcuNDA4LDE4LjYyMiA2LjM4NywxNi4yNTIgNi4zODcsMTQuMzQ5IEM2LjM4NywxMC4yNTYgOS4zODMsNi40OTcgMTUuMDIyLDYuNDk3IEMxOS41NTUsNi40OTcgMjMuMDc4LDkuNzA1IDIzLjA3OCwxMy45OTEgQzIzLjA3OCwxOC40NjMgMjAuMjM5LDIyLjA2MiAxNi4yOTcsMjIuMDYyIEMxNC45NzMsMjIuMDYyIDEzLjcyOCwyMS4zNzkgMTMuMzAyLDIwLjU3MiBDMTMuMzAyLDIwLjU3MiAxMi42NDcsMjMuMDUgMTIuNDg4LDIzLjY1NyBDMTIuMTkzLDI0Ljc4NCAxMS4zOTYsMjYuMTk2IDEwLjg2MywyNy4wNTggQzEyLjA4NiwyNy40MzQgMTMuMzg2LDI3LjYzNyAxNC43MzMsMjcuNjM3IEMyMS45NSwyNy42MzcgMjcuODAxLDIxLjgyOCAyNy44MDEsMTQuNjYyIEMyNy44MDEsNy40OTUgMjEuOTUsMS42ODYgMTQuNzMzLDEuNjg2IiBmaWxsPSIjYmQwODFjIj48L3BhdGg+PC9nPjwvc3ZnPg==') no-repeat scroll 3px 50% \/ 14px 14px; position: absolute; opacity: 1; z-index: 8675309; display: none; cursor: pointer; top: 1635px; left: 40px;\">Enregistrer<\/span><\/p>\n","protected":false},"excerpt":{"rendered":"<p>\u00c0 la une cette semaine, l\u2019arriv\u00e9e des smileys voil\u00e9s, le coup de col\u00e8re hebdomadaire de Taubira, et une manif contre Trump et l\u2019orthographe\u2026<\/p>\n","protected":false},"author":9,"featured_media":0,"comment_status":"open","ping_status":"closed","sticky":false,"template":"","format":"standard","meta":{"footnotes":""},"categories":[1],"tags":[],"class_list":{"0":"post-2287","1":"post","2":"type-post","3":"status-publish","4":"format-standard","6":"category-non-classe"},"_links":{"self":[{"href":"https:\/\/blog.causeur.fr\/asiledeblog\/wp-json\/wp\/v2\/posts\/2287","targetHints":{"allow":["GET"]}}],"collection":[{"href":"https:\/\/blog.causeur.fr\/asiledeblog\/wp-json\/wp\/v2\/posts"}],"about":[{"href":"https:\/\/blog.causeur.fr\/asiledeblog\/wp-json\/wp\/v2\/types\/post"}],"author":[{"embeddable":true,"href":"https:\/\/blog.causeur.fr\/asiledeblog\/wp-json\/wp\/v2\/users\/9"}],"replies":[{"embeddable":true,"href":"https:\/\/blog.causeur.fr\/asiledeblog\/wp-json\/wp\/v2\/comments?post=2287"}],"version-history":[{"count":0,"href":"https:\/\/blog.causeur.fr\/asiledeblog\/wp-json\/wp\/v2\/posts\/2287\/revisions"}],"wp:attachment":[{"href":"https:\/\/blog.causeur.fr\/asiledeblog\/wp-json\/wp\/v2\/media?parent=2287"}],"wp:term":[{"taxonomy":"category","embeddable":true,"href":"https:\/\/blog.causeur.fr\/asiledeblog\/wp-json\/wp\/v2\/categories?post=2287"},{"taxonomy":"post_tag","embeddable":true,"href":"https:\/\/blog.causeur.fr\/asiledeblog\/wp-json\/wp\/v2\/tags?post=2287"}],"curies":[{"name":"wp","href":"https:\/\/api.w.org\/{rel}","templated":true}]}}