{"id":2296,"date":"2016-12-14T10:57:25","date_gmt":"2016-12-14T10:57:25","guid":{"rendered":"http:\/\/blog.causeur.fr\/asiledeblog\/?p=2296"},"modified":"2021-04-26T12:57:01","modified_gmt":"2021-04-26T10:57:01","slug":"la-retraite-cest-maintenant","status":"publish","type":"post","link":"https:\/\/blog.causeur.fr\/asiledeblog\/la-retraite-cest-maintenant-2296","title":{"rendered":"La retraite, c&rsquo;est maintenant !"},"content":{"rendered":"<p><strong> \u00c0 la une cette semaine, les pr\u00e9dictions du mage Minc, le renoncement de Hollande et son \u00e9loge fun\u00e8bre par Taubira.<!--more--><\/strong><\/p>\n<figure id=\"attachment_2298\" aria-describedby=\"caption-attachment-2298\" style=\"width: 245px\" class=\"wp-caption alignleft\"><a href=\"http:\/\/blog.causeur.fr\/asiledeblog\/la-retraite-cest-maintenant-002296.html\/va10obs-2\" rel=\"attachment wp-att-2298\"><img loading=\"lazy\" decoding=\"async\" class=\"size-medium wp-image-2298\" title=\"VA10Obs\" src=\"http:\/\/blog.causeur.fr\/asiledeblog\/files\/2016\/12\/VA10Obs1-245x300.jpg\" alt=\"\" width=\"245\" height=\"300\" srcset=\"https:\/\/blog.causeur.fr\/asiledeblog\/wp-content\/uploads\/sites\/10\/2016\/12\/VA10Obs1-245x300.jpg 245w, https:\/\/blog.causeur.fr\/asiledeblog\/wp-content\/uploads\/sites\/10\/2016\/12\/VA10Obs1.jpg 340w\" sizes=\"auto, (max-width: 245px) 100vw, 245px\" \/><\/a><figcaption id=\"caption-attachment-2298\" class=\"wp-caption-text\">Pr\u00eat ? Partez !<\/figcaption><\/figure>\n<p><strong><em>Twitter \u2013 <\/em><\/strong><strong>Toujours pr\u00eat\u00a0!<\/strong><\/p>\n<p><strong><\/strong>Une des difficult\u00e9s de Twitter, c\u2019est de faire tenir sa pens\u00e9e en 140 signes (espaces compris). Un jeu d\u2019enfant pour le fac\u00e9tieux David Abiker, qui commente le renoncement de Hollande en republiant cette une de L\u2019Obs, assortie d\u2019un sobre commentaire\u00a0: \u00ab\u00a0<em>Il y a deux mois<\/em>.\u00a0\u00bb<br \/>\n\u00c0 la d\u00e9charge du pr\u00e9sident et de son hebdo favori, \u00ab\u00a0<em>Je suis pr\u00eat\u00a0<\/em>\u00bb, c\u2019est aussi ce qu\u2019on dit quand on a fini de boucler ses valises\u2026 Ou qu\u2019au petit matin, le bourreau vient vous chercher.<\/p>\n<p>&nbsp;<\/p>\n<p><strong><em><br \/>\n<\/em><\/strong><\/p>\n<figure id=\"attachment_2299\" aria-describedby=\"caption-attachment-2299\" style=\"width: 300px\" class=\"wp-caption alignright\"><a href=\"http:\/\/blog.causeur.fr\/asiledeblog\/la-retraite-cest-maintenant-002296.html\/va10minc\" rel=\"attachment wp-att-2299\"><img loading=\"lazy\" decoding=\"async\" class=\"size-medium wp-image-2299 \" title=\"VA10Minc\" src=\"http:\/\/blog.causeur.fr\/asiledeblog\/files\/2016\/12\/VA10Minc-300x215.jpg\" alt=\"\" width=\"300\" height=\"215\" srcset=\"https:\/\/blog.causeur.fr\/asiledeblog\/wp-content\/uploads\/sites\/10\/2016\/12\/VA10Minc-300x215.jpg 300w, https:\/\/blog.causeur.fr\/asiledeblog\/wp-content\/uploads\/sites\/10\/2016\/12\/VA10Minc-417x300.jpg 417w, https:\/\/blog.causeur.fr\/asiledeblog\/wp-content\/uploads\/sites\/10\/2016\/12\/VA10Minc.jpg 454w\" sizes=\"auto, (max-width: 300px) 100vw, 300px\" \/><\/a><figcaption id=\"caption-attachment-2299\" class=\"wp-caption-text\">Caramba, encore rat\u00e9 !<\/figcaption><\/figure>\n<p><strong><em>Twitter \u2013 <\/em>Minc alors\u00a0! <\/strong><\/p>\n<p><strong><\/strong>Comme tout le monde j\u2019ai regard\u00e9 Fran\u00e7ois Hollande, jeudi dernier \u00e0 20h. Et comme tout le monde, plus je l\u2019entendais plus je me disais\u00a0: c\u2019est s\u00fbr, il y va\u2026 Quand soudain, patatras, il dit qu\u2019il n\u2019y va pas\u00a0!<br \/>\nUn indice aurait d\u00fb me mettre la puce \u00e0 l\u2019oreille\u00a0: un tweet de <em>Z&amp;N<\/em>, l\u2019\u00e9mission de Zemmour et Naulleau sur Paris 1<sup>\u00e8re<\/sup>, reprenant une phrase d\u2019Alain Minc le 9 novembre dernier\u00a0: \u00ab\u00a0<em>Je suis s\u00fbr que Fran\u00e7ois Hollande va se repr\u00e9senter<\/em>.\u00a0\u00bb Tout compte fait, une boussole qui indique syst\u00e9matiquement le sud est aussi fiable qu\u2019une autre.<br \/>\nPass\u00e9 relativement inaper\u00e7u \u00e0 l\u2019\u00e9poque, ce tweet conna\u00eet bien s\u00fbr une deuxi\u00e8me jeunesse\u00a0: depuis le 1<sup>er<\/sup> d\u00e9cembre \u00e0 20h15, il circule en long et en large sur les r\u00e9seaux sociaux. Pauvre Minc\u00a0! Il n\u2019a vraiment pas de chance avec ses pr\u00e9dictions\u00a0: quand il va \u00e0 l\u2019encontre de l\u2019opinion g\u00e9n\u00e9rale, il se plante, et quand il se range prudemment \u00e0 l\u2019avis de la majorit\u00e9, il se plante aussi.<br \/>\nNe t\u2019inqui\u00e8te pas, Alain, il reste toujours une solution\u00a0: te taire.<\/p>\n<p>&nbsp;<\/p>\n<figure id=\"attachment_2300\" aria-describedby=\"caption-attachment-2300\" style=\"width: 300px\" class=\"wp-caption alignleft\"><a href=\"http:\/\/blog.causeur.fr\/asiledeblog\/la-retraite-cest-maintenant-002296.html\/va10taubira\" rel=\"attachment wp-att-2300\"><img loading=\"lazy\" decoding=\"async\" class=\"size-medium wp-image-2300\" title=\"VA10Taubira\" src=\"http:\/\/blog.causeur.fr\/asiledeblog\/files\/2016\/12\/VA10Taubira-300x104.jpg\" alt=\"\" width=\"300\" height=\"104\" srcset=\"https:\/\/blog.causeur.fr\/asiledeblog\/wp-content\/uploads\/sites\/10\/2016\/12\/VA10Taubira-300x104.jpg 300w, https:\/\/blog.causeur.fr\/asiledeblog\/wp-content\/uploads\/sites\/10\/2016\/12\/VA10Taubira-500x174.jpg 500w, https:\/\/blog.causeur.fr\/asiledeblog\/wp-content\/uploads\/sites\/10\/2016\/12\/VA10Taubira.jpg 635w\" sizes=\"auto, (max-width: 300px) 100vw, 300px\" \/><\/a><figcaption id=\"caption-attachment-2300\" class=\"wp-caption-text\">Le tweet de Mme Taubira concerne moins Hollande qu\u2019elle-m\u00eame\u2026 Christiane a invent\u00e9 l\u2019hommage boomerang.<\/figcaption><\/figure>\n<p><strong><em>Twitter \u2013 <\/em>Hommage et int\u00e9r\u00eats<\/strong><\/p>\n<p><strong><\/strong>Au cours de ses onze ann\u00e9es \u00e0 la t\u00eate du PS (1997-2008), Fran\u00e7ois Hollande s\u2019\u00e9tait rendu c\u00e9l\u00e8bre pour son habilet\u00e9 \u00e0\u00a0op\u00e9rer la synth\u00e8se entre personnalit\u00e9s et courants oppos\u00e9s du parti. Un art h\u00e9las un peu perdu au fil du quinquennat, qui se sera achev\u00e9 sur les deux pataqu\u00e8s successifs de la d\u00e9ch\u00e9ance de nationalit\u00e9 et de la Loi travail.<br \/>\nAvec sa renonciation, Hollande a miraculeusement recr\u00e9\u00e9 l\u2019unit\u00e9 des socialistes\u00a0: tous sans exception ont salu\u00e9 sa d\u00e9cision. (Tiens au fait c\u2019est vrai, il ne s\u2019est trouv\u00e9 personne pour la regretter\u2026) Mais derri\u00e8re cette unanimit\u00e9 de fa\u00e7ade, on trouve toutes sortes de non-dits, d\u2019arri\u00e8re-pens\u00e9es et de calculs divers dans le tombereau d\u2019hommages d\u00e9vers\u00e9 sur le pr\u00e9sident sortant.<br \/>\nUn exemple au hasard, avec le compliment \u00e0 double d\u00e9tente mis au point tout expr\u00e8s par Mme Taubira\u00a0: \u00ab\u00a0<em>Un moment de dignit\u00e9 comme la politique en \u00e9tait devenue avare. L\u2019exigence pour les gauches est colossale.\u00a0<\/em>\u00bb<br \/>\nD\u00e9cryptage en deux temps\u00a0:<br \/>\n\u2013 Style limpide\u00a0: par rapport \u00e0 l\u2019ordinaire de ses tweets po\u00e9tico-\u00e9sot\u00e9riques, Mme Taubira est ici \u00e9tonnamment compr\u00e9hensible, et pour cause\u00a0: elle a un message \u00e0 faire passer.<br \/>\n\u2013 Message cod\u00e9, mais \u00e0 peine\u00a0: pourquoi Christiane \u00e9crit-elle \u00ab\u00a0<em>les gauches\u00a0<\/em>\u00bb, comme on ne dit plus depuis tant\u00f4t un si\u00e8cle\u00a0? Simple pr\u00e9ciosit\u00e9 taubirienne\u00a0? Que nenni\u00a0! Ce pluriel vient souligner opportun\u00e9ment que la gauche en miettes doit se trouver d\u2019urgence un candidat capable de la r\u00e9unifier. Ou une candidate\u2026<\/p>\n<p>[Publi\u00e9 dans <em>Valeurs Actuelles<\/em>]<\/p>\n<p><span style=\"border-radius: 2px; text-indent: 20px; width: auto; padding: 0px 4px 0px 0px; text-align: center; font: bold 11px\/20px 'Helvetica Neue',Helvetica,sans-serif; color: #ffffff; background: #bd081c url('data:image\/svg+xml;base64,PHN2ZyB4bWxucz0iaHR0cDovL3d3dy53My5vcmcvMjAwMC9zdmciIGhlaWdodD0iMzBweCIgd2lkdGg9IjMwcHgiIHZpZXdCb3g9Ii0xIC0xIDMxIDMxIj48Zz48cGF0aCBkPSJNMjkuNDQ5LDE0LjY2MiBDMjkuNDQ5LDIyLjcyMiAyMi44NjgsMjkuMjU2IDE0Ljc1LDI5LjI1NiBDNi42MzIsMjkuMjU2IDAuMDUxLDIyLjcyMiAwLjA1MSwxNC42NjIgQzAuMDUxLDYuNjAxIDYuNjMyLDAuMDY3IDE0Ljc1LDAuMDY3IEMyMi44NjgsMC4wNjcgMjkuNDQ5LDYuNjAxIDI5LjQ0OSwxNC42NjIiIGZpbGw9IiNmZmYiIHN0cm9rZT0iI2ZmZiIgc3Ryb2tlLXdpZHRoPSIxIj48L3BhdGg+PHBhdGggZD0iTTE0LjczMywxLjY4NiBDNy41MTYsMS42ODYgMS42NjUsNy40OTUgMS42NjUsMTQuNjYyIEMxLjY2NSwyMC4xNTkgNS4xMDksMjQuODU0IDkuOTcsMjYuNzQ0IEM5Ljg1NiwyNS43MTggOS43NTMsMjQuMTQzIDEwLjAxNiwyMy4wMjIgQzEwLjI1MywyMi4wMSAxMS41NDgsMTYuNTcyIDExLjU0OCwxNi41NzIgQzExLjU0OCwxNi41NzIgMTEuMTU3LDE1Ljc5NSAxMS4xNTcsMTQuNjQ2IEMxMS4xNTcsMTIuODQyIDEyLjIxMSwxMS40OTUgMTMuNTIyLDExLjQ5NSBDMTQuNjM3LDExLjQ5NSAxNS4xNzUsMTIuMzI2IDE1LjE3NSwxMy4zMjMgQzE1LjE3NSwxNC40MzYgMTQuNDYyLDE2LjEgMTQuMDkzLDE3LjY0MyBDMTMuNzg1LDE4LjkzNSAxNC43NDUsMTkuOTg4IDE2LjAyOCwxOS45ODggQzE4LjM1MSwxOS45ODggMjAuMTM2LDE3LjU1NiAyMC4xMzYsMTQuMDQ2IEMyMC4xMzYsMTAuOTM5IDE3Ljg4OCw4Ljc2NyAxNC42NzgsOC43NjcgQzEwLjk1OSw4Ljc2NyA4Ljc3NywxMS41MzYgOC43NzcsMTQuMzk4IEM4Ljc3NywxNS41MTMgOS4yMSwxNi43MDkgOS43NDksMTcuMzU5IEM5Ljg1NiwxNy40ODggOS44NzIsMTcuNiA5Ljg0LDE3LjczMSBDOS43NDEsMTguMTQxIDkuNTIsMTkuMDIzIDkuNDc3LDE5LjIwMyBDOS40MiwxOS40NCA5LjI4OCwxOS40OTEgOS4wNCwxOS4zNzYgQzcuNDA4LDE4LjYyMiA2LjM4NywxNi4yNTIgNi4zODcsMTQuMzQ5IEM2LjM4NywxMC4yNTYgOS4zODMsNi40OTcgMTUuMDIyLDYuNDk3IEMxOS41NTUsNi40OTcgMjMuMDc4LDkuNzA1IDIzLjA3OCwxMy45OTEgQzIzLjA3OCwxOC40NjMgMjAuMjM5LDIyLjA2MiAxNi4yOTcsMjIuMDYyIEMxNC45NzMsMjIuMDYyIDEzLjcyOCwyMS4zNzkgMTMuMzAyLDIwLjU3MiBDMTMuMzAyLDIwLjU3MiAxMi42NDcsMjMuMDUgMTIuNDg4LDIzLjY1NyBDMTIuMTkzLDI0Ljc4NCAxMS4zOTYsMjYuMTk2IDEwLjg2MywyNy4wNTggQzEyLjA4NiwyNy40MzQgMTMuMzg2LDI3LjYzNyAxNC43MzMsMjcuNjM3IEMyMS45NSwyNy42MzcgMjcuODAxLDIxLjgyOCAyNy44MDEsMTQuNjYyIEMyNy44MDEsNy40OTUgMjEuOTUsMS42ODYgMTQuNzMzLDEuNjg2IiBmaWxsPSIjYmQwODFjIj48L3BhdGg+PC9nPjwvc3ZnPg==') no-repeat scroll 3px 50% \/ 14px 14px; position: absolute; opacity: 1; z-index: 8675309; display: none; cursor: pointer; top: 98px; left: 19px;\">Enregistrer<\/span><\/p>\n<p><span style=\"border-radius: 2px; text-indent: 20px; width: auto; padding: 0px 4px 0px 0px; text-align: center; font: bold 11px\/20px 'Helvetica Neue',Helvetica,sans-serif; color: #ffffff; background: #bd081c url('data:image\/svg+xml;base64,PHN2ZyB4bWxucz0iaHR0cDovL3d3dy53My5vcmcvMjAwMC9zdmciIGhlaWdodD0iMzBweCIgd2lkdGg9IjMwcHgiIHZpZXdCb3g9Ii0xIC0xIDMxIDMxIj48Zz48cGF0aCBkPSJNMjkuNDQ5LDE0LjY2MiBDMjkuNDQ5LDIyLjcyMiAyMi44NjgsMjkuMjU2IDE0Ljc1LDI5LjI1NiBDNi42MzIsMjkuMjU2IDAuMDUxLDIyLjcyMiAwLjA1MSwxNC42NjIgQzAuMDUxLDYuNjAxIDYuNjMyLDAuMDY3IDE0Ljc1LDAuMDY3IEMyMi44NjgsMC4wNjcgMjkuNDQ5LDYuNjAxIDI5LjQ0OSwxNC42NjIiIGZpbGw9IiNmZmYiIHN0cm9rZT0iI2ZmZiIgc3Ryb2tlLXdpZHRoPSIxIj48L3BhdGg+PHBhdGggZD0iTTE0LjczMywxLjY4NiBDNy41MTYsMS42ODYgMS42NjUsNy40OTUgMS42NjUsMTQuNjYyIEMxLjY2NSwyMC4xNTkgNS4xMDksMjQuODU0IDkuOTcsMjYuNzQ0IEM5Ljg1NiwyNS43MTggOS43NTMsMjQuMTQzIDEwLjAxNiwyMy4wMjIgQzEwLjI1MywyMi4wMSAxMS41NDgsMTYuNTcyIDExLjU0OCwxNi41NzIgQzExLjU0OCwxNi41NzIgMTEuMTU3LDE1Ljc5NSAxMS4xNTcsMTQuNjQ2IEMxMS4xNTcsMTIuODQyIDEyLjIxMSwxMS40OTUgMTMuNTIyLDExLjQ5NSBDMTQuNjM3LDExLjQ5NSAxNS4xNzUsMTIuMzI2IDE1LjE3NSwxMy4zMjMgQzE1LjE3NSwxNC40MzYgMTQuNDYyLDE2LjEgMTQuMDkzLDE3LjY0MyBDMTMuNzg1LDE4LjkzNSAxNC43NDUsMTkuOTg4IDE2LjAyOCwxOS45ODggQzE4LjM1MSwxOS45ODggMjAuMTM2LDE3LjU1NiAyMC4xMzYsMTQuMDQ2IEMyMC4xMzYsMTAuOTM5IDE3Ljg4OCw4Ljc2NyAxNC42NzgsOC43NjcgQzEwLjk1OSw4Ljc2NyA4Ljc3NywxMS41MzYgOC43NzcsMTQuMzk4IEM4Ljc3NywxNS41MTMgOS4yMSwxNi43MDkgOS43NDksMTcuMzU5IEM5Ljg1NiwxNy40ODggOS44NzIsMTcuNiA5Ljg0LDE3LjczMSBDOS43NDEsMTguMTQxIDkuNTIsMTkuMDIzIDkuNDc3LDE5LjIwMyBDOS40MiwxOS40NCA5LjI4OCwxOS40OTEgOS4wNCwxOS4zNzYgQzcuNDA4LDE4LjYyMiA2LjM4NywxNi4yNTIgNi4zODcsMTQuMzQ5IEM2LjM4NywxMC4yNTYgOS4zODMsNi40OTcgMTUuMDIyLDYuNDk3IEMxOS41NTUsNi40OTcgMjMuMDc4LDkuNzA1IDIzLjA3OCwxMy45OTEgQzIzLjA3OCwxOC40NjMgMjAuMjM5LDIyLjA2MiAxNi4yOTcsMjIuMDYyIEMxNC45NzMsMjIuMDYyIDEzLjcyOCwyMS4zNzkgMTMuMzAyLDIwLjU3MiBDMTMuMzAyLDIwLjU3MiAxMi42NDcsMjMuMDUgMTIuNDg4LDIzLjY1NyBDMTIuMTkzLDI0Ljc4NCAxMS4zOTYsMjYuMTk2IDEwLjg2MywyNy4wNTggQzEyLjA4NiwyNy40MzQgMTMuMzg2LDI3LjYzNyAxNC43MzMsMjcuNjM3IEMyMS45NSwyNy42MzcgMjcuODAxLDIxLjgyOCAyNy44MDEsMTQuNjYyIEMyNy44MDEsNy40OTUgMjEuOTUsMS42ODYgMTQuNzMzLDEuNjg2IiBmaWxsPSIjYmQwODFjIj48L3BhdGg+PC9nPjwvc3ZnPg==') no-repeat scroll 3px 50% \/ 14px 14px; position: absolute; opacity: 1; z-index: 8675309; display: none; cursor: pointer; top: 741px; left: 130px;\">Enregistrer<\/span><\/p>\n","protected":false},"excerpt":{"rendered":"<p>\u00c0 la une cette semaine, les pr\u00e9dictions du mage Minc, le renoncement de Hollande et son \u00e9loge fun\u00e8bre par Taubira.<\/p>\n","protected":false},"author":9,"featured_media":0,"comment_status":"open","ping_status":"closed","sticky":false,"template":"","format":"standard","meta":{"footnotes":""},"categories":[1],"tags":[24,733,82],"class_list":{"0":"post-2296","1":"post","2":"type-post","3":"status-publish","4":"format-standard","6":"category-non-classe","7":"tag-alain-minc","8":"tag-christiane-taubira","9":"tag-francois-hollande"},"_links":{"self":[{"href":"https:\/\/blog.causeur.fr\/asiledeblog\/wp-json\/wp\/v2\/posts\/2296","targetHints":{"allow":["GET"]}}],"collection":[{"href":"https:\/\/blog.causeur.fr\/asiledeblog\/wp-json\/wp\/v2\/posts"}],"about":[{"href":"https:\/\/blog.causeur.fr\/asiledeblog\/wp-json\/wp\/v2\/types\/post"}],"author":[{"embeddable":true,"href":"https:\/\/blog.causeur.fr\/asiledeblog\/wp-json\/wp\/v2\/users\/9"}],"replies":[{"embeddable":true,"href":"https:\/\/blog.causeur.fr\/asiledeblog\/wp-json\/wp\/v2\/comments?post=2296"}],"version-history":[{"count":0,"href":"https:\/\/blog.causeur.fr\/asiledeblog\/wp-json\/wp\/v2\/posts\/2296\/revisions"}],"wp:attachment":[{"href":"https:\/\/blog.causeur.fr\/asiledeblog\/wp-json\/wp\/v2\/media?parent=2296"}],"wp:term":[{"taxonomy":"category","embeddable":true,"href":"https:\/\/blog.causeur.fr\/asiledeblog\/wp-json\/wp\/v2\/categories?post=2296"},{"taxonomy":"post_tag","embeddable":true,"href":"https:\/\/blog.causeur.fr\/asiledeblog\/wp-json\/wp\/v2\/tags?post=2296"}],"curies":[{"name":"wp","href":"https:\/\/api.w.org\/{rel}","templated":true}]}}