{"id":2302,"date":"2017-01-16T09:50:15","date_gmt":"2017-01-16T09:50:15","guid":{"rendered":"http:\/\/blog.causeur.fr\/asiledeblog\/?p=2302"},"modified":"2021-04-26T12:57:01","modified_gmt":"2021-04-26T10:57:01","slug":"2017-une-annee-a-eviter","status":"publish","type":"post","link":"https:\/\/blog.causeur.fr\/asiledeblog\/2017-une-annee-a-eviter-2302","title":{"rendered":"2017, une ann\u00e9e \u00e0 \u00e9viter !"},"content":{"rendered":"<p><strong>Cette semaine d\u00e9j\u00e0, rien ne va plus ! Manuel Valls part en vrille, Rama Yade r\u00eave des genoux, et Nuit Debout finit en petite culotte\u2026<!--more--><\/strong><\/p>\n<figure id=\"attachment_2305\" aria-describedby=\"caption-attachment-2305\" style=\"width: 300px\" class=\"wp-caption alignleft\"><a href=\"http:\/\/blog.causeur.fr\/asiledeblog\/2017-une-annee-a-eviter-002302.html\/372va13-3\" rel=\"attachment wp-att-2305\"><img loading=\"lazy\" decoding=\"async\" class=\"size-medium wp-image-2305\" title=\"37,2VA13\" src=\"http:\/\/blog.causeur.fr\/asiledeblog\/files\/2017\/01\/372VA132-300x289.jpg\" alt=\"\" width=\"300\" height=\"289\" srcset=\"https:\/\/blog.causeur.fr\/asiledeblog\/wp-content\/uploads\/sites\/10\/2017\/01\/372VA132-300x289.jpg 300w, https:\/\/blog.causeur.fr\/asiledeblog\/wp-content\/uploads\/sites\/10\/2017\/01\/372VA132-310x300.jpg 310w, https:\/\/blog.causeur.fr\/asiledeblog\/wp-content\/uploads\/sites\/10\/2017\/01\/372VA132.jpg 559w\" sizes=\"auto, (max-width: 300px) 100vw, 300px\" \/><\/a><figcaption id=\"caption-attachment-2305\" class=\"wp-caption-text\">Merci les internautes ! C\u2019est pas tous les jours qu\u2019on rigole avec Valls\u2026<\/figcaption><\/figure>\n<p><strong><em>Facebook, Youtube<\/em> : Valls en rase campagne<\/strong><\/p>\n<p><strong><\/strong>\u00ab\u00a0<em>Les emm\u2026., \u00e7a vole toujours en escadrille\u00a0<\/em>\u00bb, disait plaisamment Jacques Chirac. Mais dans le cas de Manuel Valls, on ne peut m\u00eame pas parler de \u00ab\u00a0trou d\u2019air\u00a0\u00bb dans sa campagne\u00a0: elle n\u2019arrive tout simplement pas \u00e0 d\u00e9coller.Il faut dire aussi qu\u2019il y met du sien, le bougre\u00a0! D\u2019abord on l\u2019a vu tenter un remake grossier de la conversion de Sa\u00fcl de Tarse, en ralliant un peu pr\u00e9cipitamment la cause de ceux qu\u2019il pers\u00e9cutait hier. Puis, comme si \u00e7a ne suffisait pas, il a encha\u00een\u00e9 avec le reniement de Pierre\u00a0: l\u2019ap\u00f4tre en chef du 49.3 ne l\u2019a-t-il pas reni\u00e9 trois fois avant que de Koch chante (si j\u2019ose)\u00a0?<br \/>\nAvec tout \u00e7a et quelques autres boulettes de la m\u00eame farine, allez vous \u00e9tonner que les gens se gaussent, \u00e0 gauche comme \u00e0 droite. Sur Facebook, l\u2019actrice engag\u00e9e Fr\u00e9d\u00e9rique Bel se fiche ouvertement du candidat en publiant le photomontage ci-contre, inspir\u00e9 d\u2019un c\u00e9l\u00e8bre film des ann\u00e9es 1980. D\u2019autres se contentent de mettre sur leur compte un lien YouTube\u00a0: <em>N\u2019y va pas, Manuel<\/em>\u2026<br \/>\nLa chanson d\u2019Edith Piaf a beau dater de 1953, son refrain est sans \u00e9quivoque\u00a0: \u00ab\u00a0<em>N\u2019y va pas, Manuel, n\u2019y va pas\u00a0\/ Y a des choses dans la vie qu\u2019on ne fait pas \/ Et plus tard, tu le regretteras \/ N\u2019y va pas\u00a0! N\u2019y va pas\u00a0!\u00a0<\/em>\u00bb Eh bien, il y va tout droit\u2026<\/p>\n<p><strong><em>GazetteDebout.fr \u2013 La Nuit au d\u00e9p\u00f4t<\/em><\/strong><\/p>\n<figure id=\"attachment_2306\" aria-describedby=\"caption-attachment-2306\" style=\"width: 300px\" class=\"wp-caption alignright\"><a href=\"http:\/\/blog.causeur.fr\/asiledeblog\/2017-une-annee-a-eviter-002302.html\/nuitdeboutva13\" rel=\"attachment wp-att-2306\"><img loading=\"lazy\" decoding=\"async\" class=\"size-medium wp-image-2306\" title=\"NuitDeboutVA13\" src=\"http:\/\/blog.causeur.fr\/asiledeblog\/files\/2017\/01\/NuitDeboutVA13-300x167.jpg\" alt=\"\" width=\"300\" height=\"167\" srcset=\"https:\/\/blog.causeur.fr\/asiledeblog\/wp-content\/uploads\/sites\/10\/2017\/01\/NuitDeboutVA13-300x167.jpg 300w, https:\/\/blog.causeur.fr\/asiledeblog\/wp-content\/uploads\/sites\/10\/2017\/01\/NuitDeboutVA13.jpg 425w\" sizes=\"auto, (max-width: 300px) 100vw, 300px\" \/><\/a><figcaption id=\"caption-attachment-2306\" class=\"wp-caption-text\">Nuit Debout \u00ab privatis\u00e9e \u00bb : bient\u00f4t des assembl\u00e9es g\u00e9n\u00e9rales\u2026 d\u2019actionnaires ?<\/figcaption><\/figure>\n<p>Dans un article navr\u00e9, ce site issu des assembl\u00e9es nocturnes du printemps dernier nous\u00a0 l\u2019apprend\u00a0: des businessmen avis\u00e9s viennent de d\u00e9poser la marque \u00ab\u00a0Nuit Debout\u00a0\u00bb \u00e0 l\u2019INPI (Institut national de la propri\u00e9t\u00e9 industrielle). \u00ab\u00a0<em>Le fer de lance de la contestation anticapitaliste est aujourd\u2019hui devenu un banal label, bien loin des id\u00e9aux des milliers de personnes qui se sont r\u00e9unies place de la R\u00e9publique\u00a0<\/em>\u00bb s\u2019indigne le webzine militant.<br \/>\nUn sacril\u00e8ge d\u2019autant plus grave que, selon GazetteDebout, ladite marque a \u00e9t\u00e9 d\u00e9pos\u00e9e dans les cat\u00e9gories les plus vari\u00e9es d\u2019objets mercantiles\u00a0: \u00ab\u00a0<em>Des t-shirts Nuit Debout. Des petites culottes Nuit Debout. Des combinaisons de plong\u00e9e Nuit Debout\u2026<\/em>\u00a0\u00bb Jusqu\u2019o\u00f9 descendra-t-on, dans l\u2019exploitation sauvage de l\u2019\u00a0\u00ab\u00a0<em>inappropriable<\/em>\u00a0\u00bb, comme ils disent\u00a0?<br \/>\nL\u2019appellation embl\u00e9matique a m\u00eame \u00e9t\u00e9 d\u00e9pos\u00e9e pour les produits pharmaceutiques \u2013 mais l\u00e0 au moins, \u00e7a se tient\u00a0: sans doute les nouveaux propri\u00e9taires de la marque songent-ils \u00e0 lancer une gamme de boissons \u00e9nergisantes, bien utiles pour lutter contre l\u2019assoupissement des masses lors des interminables A.G\u2026<\/p>\n<p><strong><em>Twitter, Facebook \u2013 Rama ose tout<\/em><\/strong><\/p>\n<figure id=\"attachment_2307\" aria-describedby=\"caption-attachment-2307\" style=\"width: 300px\" class=\"wp-caption alignright\"><a href=\"http:\/\/blog.causeur.fr\/asiledeblog\/2017-une-annee-a-eviter-002302.html\/va13rama\" rel=\"attachment wp-att-2307\"><img loading=\"lazy\" decoding=\"async\" class=\"size-medium wp-image-2307\" title=\"VA13Rama\" src=\"http:\/\/blog.causeur.fr\/asiledeblog\/files\/2017\/01\/VA13Rama-300x235.jpg\" alt=\"\" width=\"300\" height=\"235\" srcset=\"https:\/\/blog.causeur.fr\/asiledeblog\/wp-content\/uploads\/sites\/10\/2017\/01\/VA13Rama-300x235.jpg 300w, https:\/\/blog.causeur.fr\/asiledeblog\/wp-content\/uploads\/sites\/10\/2017\/01\/VA13Rama-381x300.jpg 381w, https:\/\/blog.causeur.fr\/asiledeblog\/wp-content\/uploads\/sites\/10\/2017\/01\/VA13Rama.jpg 510w\" sizes=\"auto, (max-width: 300px) 100vw, 300px\" \/><\/a><figcaption id=\"caption-attachment-2307\" class=\"wp-caption-text\">Plus que deux formalit\u00e9s \u00e0 r\u00e9gler pour Rama : les 500 signatures, et le suffrage universel\u2026<\/figcaption><\/figure>\n<p>Gros succ\u00e8s sur le net pour Rama Yade, apr\u00e8s son intervention sur LCI. Elle \u00e9tait venue pr\u00e9senter son nouveau parti, <em>La France qui ose<\/em>, et le candidat qu\u2019il s\u2019est choisi pour la pr\u00e9sidentielle\u00a0: elle-m\u00eame.<br \/>\nH\u00e9las pour l\u2019amie Rama, ce n\u2019est pas son programme pour mobiliser \u00ab\u00a0<em>les oubli\u00e9s de la politique\u00a0<\/em>\u00bb qui a retenu l\u2019attention des internautes, ni m\u00eame sa cr\u00e2ne ambition de \u00ab\u00a0<em>convaincre les \u00e9lecteurs du Front national<\/em>\u00a0\u00bb.<br \/>\nNon, ce qui a d\u00e9clench\u00e9 le buzz sur les r\u00e9seaux sociaux, en m\u00eame temps que l\u2019hilarit\u00e9 g\u00e9n\u00e9rale, c\u2019est cette affirmation de Mme Yade\u00a0: <em>\u00ab\u00a0Je peux gagner cette \u00e9lection pr\u00e9sidentielle<\/em>\u00a0\u00bb. Une avalanche de moqueries somme toute injuste. En ce d\u00e9but d&rsquo;ann\u00e9e, comment reprocher \u00e0 Rama de faire des v\u0153ux, voire de croire encore au P\u00e8re No\u00ebl\u00a0?<\/p>\n<p>[Publi\u00e9 dans <em>Valeurs Actuelles<\/em>]<\/p>\n<p><span style=\"border-radius: 2px; text-indent: 20px; width: auto; padding: 0px 4px 0px 0px; text-align: center; font: bold 11px\/20px 'Helvetica Neue',Helvetica,sans-serif; color: #ffffff; background: #bd081c url('data:image\/svg+xml;base64,PHN2ZyB4bWxucz0iaHR0cDovL3d3dy53My5vcmcvMjAwMC9zdmciIGhlaWdodD0iMzBweCIgd2lkdGg9IjMwcHgiIHZpZXdCb3g9Ii0xIC0xIDMxIDMxIj48Zz48cGF0aCBkPSJNMjkuNDQ5LDE0LjY2MiBDMjkuNDQ5LDIyLjcyMiAyMi44NjgsMjkuMjU2IDE0Ljc1LDI5LjI1NiBDNi42MzIsMjkuMjU2IDAuMDUxLDIyLjcyMiAwLjA1MSwxNC42NjIgQzAuMDUxLDYuNjAxIDYuNjMyLDAuMDY3IDE0Ljc1LDAuMDY3IEMyMi44NjgsMC4wNjcgMjkuNDQ5LDYuNjAxIDI5LjQ0OSwxNC42NjIiIGZpbGw9IiNmZmYiIHN0cm9rZT0iI2ZmZiIgc3Ryb2tlLXdpZHRoPSIxIj48L3BhdGg+PHBhdGggZD0iTTE0LjczMywxLjY4NiBDNy41MTYsMS42ODYgMS42NjUsNy40OTUgMS42NjUsMTQuNjYyIEMxLjY2NSwyMC4xNTkgNS4xMDksMjQuODU0IDkuOTcsMjYuNzQ0IEM5Ljg1NiwyNS43MTggOS43NTMsMjQuMTQzIDEwLjAxNiwyMy4wMjIgQzEwLjI1MywyMi4wMSAxMS41NDgsMTYuNTcyIDExLjU0OCwxNi41NzIgQzExLjU0OCwxNi41NzIgMTEuMTU3LDE1Ljc5NSAxMS4xNTcsMTQuNjQ2IEMxMS4xNTcsMTIuODQyIDEyLjIxMSwxMS40OTUgMTMuNTIyLDExLjQ5NSBDMTQuNjM3LDExLjQ5NSAxNS4xNzUsMTIuMzI2IDE1LjE3NSwxMy4zMjMgQzE1LjE3NSwxNC40MzYgMTQuNDYyLDE2LjEgMTQuMDkzLDE3LjY0MyBDMTMuNzg1LDE4LjkzNSAxNC43NDUsMTkuOTg4IDE2LjAyOCwxOS45ODggQzE4LjM1MSwxOS45ODggMjAuMTM2LDE3LjU1NiAyMC4xMzYsMTQuMDQ2IEMyMC4xMzYsMTAuOTM5IDE3Ljg4OCw4Ljc2NyAxNC42NzgsOC43NjcgQzEwLjk1OSw4Ljc2NyA4Ljc3NywxMS41MzYgOC43NzcsMTQuMzk4IEM4Ljc3NywxNS41MTMgOS4yMSwxNi43MDkgOS43NDksMTcuMzU5IEM5Ljg1NiwxNy40ODggOS44NzIsMTcuNiA5Ljg0LDE3LjczMSBDOS43NDEsMTguMTQxIDkuNTIsMTkuMDIzIDkuNDc3LDE5LjIwMyBDOS40MiwxOS40NCA5LjI4OCwxOS40OTEgOS4wNCwxOS4zNzYgQzcuNDA4LDE4LjYyMiA2LjM4NywxNi4yNTIgNi4zODcsMTQuMzQ5IEM2LjM4NywxMC4yNTYgOS4zODMsNi40OTcgMTUuMDIyLDYuNDk3IEMxOS41NTUsNi40OTcgMjMuMDc4LDkuNzA1IDIzLjA3OCwxMy45OTEgQzIzLjA3OCwxOC40NjMgMjAuMjM5LDIyLjA2MiAxNi4yOTcsMjIuMDYyIEMxNC45NzMsMjIuMDYyIDEzLjcyOCwyMS4zNzkgMTMuMzAyLDIwLjU3MiBDMTMuMzAyLDIwLjU3MiAxMi42NDcsMjMuMDUgMTIuNDg4LDIzLjY1NyBDMTIuMTkzLDI0Ljc4NCAxMS4zOTYsMjYuMTk2IDEwLjg2MywyNy4wNTggQzEyLjA4NiwyNy40MzQgMTMuMzg2LDI3LjYzNyAxNC43MzMsMjcuNjM3IEMyMS45NSwyNy42MzcgMjcuODAxLDIxLjgyOCAyNy44MDEsMTQuNjYyIEMyNy44MDEsNy40OTUgMjEuOTUsMS42ODYgMTQuNzMzLDEuNjg2IiBmaWxsPSIjYmQwODFjIj48L3BhdGg+PC9nPjwvc3ZnPg==') no-repeat scroll 3px 50% \/ 14px 14px; position: absolute; opacity: 1; z-index: 8675309; display: none; cursor: pointer; top: 1513px; left: 272px;\">Enregistrer<\/span><\/p>\n","protected":false},"excerpt":{"rendered":"<p>Cette semaine d\u00e9j\u00e0, rien ne va plus ! Manuel Valls part en vrille, Rama Yade r\u00eave des genoux, et Nuit Debout finit en petite culotte\u2026<\/p>\n","protected":false},"author":9,"featured_media":0,"comment_status":"open","ping_status":"closed","sticky":false,"template":"","format":"standard","meta":{"footnotes":""},"categories":[1],"tags":[503,734,735],"class_list":{"0":"post-2302","1":"post","2":"type-post","3":"status-publish","4":"format-standard","6":"category-non-classe","7":"tag-manuel-valls","8":"tag-nuit-debout","9":"tag-rama-yade"},"_links":{"self":[{"href":"https:\/\/blog.causeur.fr\/asiledeblog\/wp-json\/wp\/v2\/posts\/2302","targetHints":{"allow":["GET"]}}],"collection":[{"href":"https:\/\/blog.causeur.fr\/asiledeblog\/wp-json\/wp\/v2\/posts"}],"about":[{"href":"https:\/\/blog.causeur.fr\/asiledeblog\/wp-json\/wp\/v2\/types\/post"}],"author":[{"embeddable":true,"href":"https:\/\/blog.causeur.fr\/asiledeblog\/wp-json\/wp\/v2\/users\/9"}],"replies":[{"embeddable":true,"href":"https:\/\/blog.causeur.fr\/asiledeblog\/wp-json\/wp\/v2\/comments?post=2302"}],"version-history":[{"count":0,"href":"https:\/\/blog.causeur.fr\/asiledeblog\/wp-json\/wp\/v2\/posts\/2302\/revisions"}],"wp:attachment":[{"href":"https:\/\/blog.causeur.fr\/asiledeblog\/wp-json\/wp\/v2\/media?parent=2302"}],"wp:term":[{"taxonomy":"category","embeddable":true,"href":"https:\/\/blog.causeur.fr\/asiledeblog\/wp-json\/wp\/v2\/categories?post=2302"},{"taxonomy":"post_tag","embeddable":true,"href":"https:\/\/blog.causeur.fr\/asiledeblog\/wp-json\/wp\/v2\/tags?post=2302"}],"curies":[{"name":"wp","href":"https:\/\/api.w.org\/{rel}","templated":true}]}}