{"id":2310,"date":"2017-01-25T08:25:49","date_gmt":"2017-01-25T08:25:49","guid":{"rendered":"http:\/\/blog.causeur.fr\/asiledeblog\/?p=2310"},"modified":"2021-04-26T12:57:01","modified_gmt":"2021-04-26T10:57:01","slug":"derniere-fessee-a-paris","status":"publish","type":"post","link":"https:\/\/blog.causeur.fr\/asiledeblog\/derniere-fessee-a-paris-2310","title":{"rendered":"Derni\u00e8re fess\u00e9e \u00e0 Paris"},"content":{"rendered":"<p style=\"text-align: left;\" align=\"center\"><strong>Cette semaine, carr\u00e9ment n\u2019importe quoi\u00a0! la loi interdit la fess\u00e9e, Peillon accuse la droite d\u2019esclavagisme et Gilbert Collard s\u2019en prend aux cr\u00eapiers\u2026<!--more--><\/strong><\/p>\n<p><strong><em>Facebook :<\/em> Fesse Book<\/strong><\/p>\n<figure id=\"attachment_2312\" aria-describedby=\"caption-attachment-2312\" style=\"width: 905px\" class=\"wp-caption alignright\"><a href=\"http:\/\/blog.causeur.fr\/asiledeblog\/derniere-fessee-a-paris-002310.html\/luckylukeva14-2\" rel=\"attachment wp-att-2312\"><img loading=\"lazy\" decoding=\"async\" class=\"size-full wp-image-2312\" title=\"LuckyLukeVA14\" src=\"http:\/\/blog.causeur.fr\/asiledeblog\/files\/2017\/01\/LuckyLukeVA141.jpg\" alt=\"\" width=\"905\" height=\"617\" srcset=\"https:\/\/blog.causeur.fr\/asiledeblog\/wp-content\/uploads\/sites\/10\/2017\/01\/LuckyLukeVA141.jpg 905w, https:\/\/blog.causeur.fr\/asiledeblog\/wp-content\/uploads\/sites\/10\/2017\/01\/LuckyLukeVA141-300x204.jpg 300w, https:\/\/blog.causeur.fr\/asiledeblog\/wp-content\/uploads\/sites\/10\/2017\/01\/LuckyLukeVA141-440x300.jpg 440w\" sizes=\"auto, (max-width: 905px) 100vw, 905px\" \/><\/a><figcaption id=\"caption-attachment-2312\" class=\"wp-caption-text\">Attention ! L\u2019image de gauche est de droite, et vice versa.<\/figcaption><\/figure>\n<p>Depuis le 1<sup>er<\/sup> janvier, une loi solennellement intitul\u00e9e \u00ab\u00a0Egalit\u00e9 et Citoyennet\u00e9\u00a0\u00bb interdit la fess\u00e9e. Sans surprise, cette prohibition, r\u00e9clam\u00e9e de longue date par les milieux progressistes, a d\u00e9clench\u00e9 une avalanche de gags sur les r\u00e9seaux sociaux. Mon pr\u00e9f\u00e9r\u00e9 est incontestablement celui-ci, qui compare la couverture d\u2019une fameuse BD de Morris &amp; Goscinny publi\u00e9e en 1962 \u00e0 ce qu\u2019il en resterait aujourd\u2019hui.<br \/>\nDisparu, bien s\u00fbr, le ch\u00e2timent-corporel-d\u2019un-autre-\u00e2ge\u00a0; mais aussi, pour faire bonne mesure, quelques autres d\u00e9tails contraires \u00e0 l\u2019\u00e9thique contemporaine\u00a0: plus de Jolly Jumper exploit\u00e9 (au nom de la lib\u00e9ration animale) ni d\u2019arbre sauvagement tron\u00e7onn\u00e9 (eux aussi ont le droit de vivre\u2026)<br \/>\nReste \u00e0 savoir pourquoi l\u2019excellent humoriste de Facebook s\u2019est arr\u00eat\u00e9 en si bon chemin. Une compassion sinc\u00e8re pour la cause animale n\u2019e\u00fbt-elle pas impliqu\u00e9 aussi le remplacement des santiags de Lucky Luke par des tongs\u00a0?<\/p>\n<p style=\"text-align: left;\" align=\"center\">\u00a0<strong><em>Twitter : <\/em>Professeur Foldingue<\/strong><\/p>\n<figure id=\"attachment_2314\" aria-describedby=\"caption-attachment-2314\" style=\"width: 251px\" class=\"wp-caption alignright\"><a href=\"http:\/\/blog.causeur.fr\/asiledeblog\/derniere-fessee-a-paris-002310.html\/vp_cravate_grande-2\" rel=\"attachment wp-att-2314\"><img loading=\"lazy\" decoding=\"async\" class=\"size-medium wp-image-2314\" title=\"VP_cravate_grande\" src=\"http:\/\/blog.causeur.fr\/asiledeblog\/files\/2017\/01\/VP_cravate_grande1-251x300.jpg\" alt=\"\" width=\"251\" height=\"300\" srcset=\"https:\/\/blog.causeur.fr\/asiledeblog\/wp-content\/uploads\/sites\/10\/2017\/01\/VP_cravate_grande1-251x300.jpg 251w, https:\/\/blog.causeur.fr\/asiledeblog\/wp-content\/uploads\/sites\/10\/2017\/01\/VP_cravate_grande1.jpg 370w\" sizes=\"auto, (max-width: 251px) 100vw, 251px\" \/><\/a><figcaption id=\"caption-attachment-2314\" class=\"wp-caption-text\">La botte secr\u00e8te de Peillon pour percer dans la primaire de la gauche : l\u2019antidroitisme primaire.<\/figcaption><\/figure>\n<p style=\"text-align: left;\" align=\"center\">Parmi les perdants de la primaire, un qui a tout fait pour, c\u2019est Vincent Peillon. L\u2019autre mardi, au J.T. de France 2, notre prof agr\u00e9g\u00e9 comparait le sort des musulmans dans la France d\u2019aujourd\u2019hui \u00e0 celui des juifs sous Vichy\u2026 Toll\u00e9 dans les rangs de la gauche \u00ab\u00a0r\u00e9publicaine\u00a0\u00bb\u00a0!<br \/>\nD\u00e8s le lendemain, au micro de Yann Barth\u00e8s, Peillon tente de rentrer en gr\u00e2ce aupr\u00e8s des siens, avec une diatribe d\u00e9lirante contre le camp d\u2019en face o\u00f9 il ne s\u2019embarrasse ni de syntaxe ni de nuances\u00a0: \u00ab\u00a0<em>La droite, c\u2019est des gens qui consid\u00e8rent qu\u2019il y a des diff\u00e9rences entre nous qui font que, par exemple, \u201c\u00a0Si nous n\u2019avons pas la m\u00eame orientation sexuelle, moi j\u2019ai le droit de me marier, lui n\u2019a pas le droit de se marier. Il est noir\u00a0? Il n\u2019a pas le droit de vote. C\u2019est \u00e7a, notre histoire depuis deux si\u00e8cles\u00a0<\/em>\u201c.\u00a0\u00bb<br \/>\n\u00c0 quoi bon, grands dieux, \u00eatre prof si c\u2019est pour prof\u00e9rer de telles inepties\u00a0? La meilleure r\u00e9action, on la doit au blogueur souverainiste David Desgouilles sur son compte Twitter\u00a0: \u00ab\u00a0<em>Je n\u2019ai pas pu entendre Peillon ce soir. J\u2019avais des probl\u00e8mes de personnel dans ma plantation de coton\u2026\u00a0<\/em>\u00bb<\/p>\n<p style=\"text-align: left;\" align=\"center\"><strong><em>Facebook<\/em> : Sus au sarrasin\u00a0!<\/strong><\/p>\n<p>Le torchon br\u00fble entre Gilbert Collard et \u2026 les cr\u00eapiers\u00a0! En cause, une sortie du d\u00e9put\u00e9 du Gard ou celui-ci d\u00e9non\u00e7ait les formations de cr\u00eapiers propos\u00e9es aux ch\u00f4meurs, qui d\u00e9boucheraient selon lui sur de \u00ab\u00a0<em>faux emplois\u00a0<\/em>\u00bb.<\/p>\n<figure id=\"attachment_2315\" aria-describedby=\"caption-attachment-2315\" style=\"width: 258px\" class=\"wp-caption alignleft\"><a href=\"http:\/\/blog.causeur.fr\/asiledeblog\/derniere-fessee-a-paris-002310.html\/va14crepe\" rel=\"attachment wp-att-2315\"><img loading=\"lazy\" decoding=\"async\" class=\"size-medium wp-image-2315\" title=\"VA14Crepe\" src=\"http:\/\/blog.causeur.fr\/asiledeblog\/files\/2017\/01\/VA14Crepe-258x300.png\" alt=\"\" width=\"258\" height=\"300\" srcset=\"https:\/\/blog.causeur.fr\/asiledeblog\/wp-content\/uploads\/sites\/10\/2017\/01\/VA14Crepe-258x300.png 258w, https:\/\/blog.causeur.fr\/asiledeblog\/wp-content\/uploads\/sites\/10\/2017\/01\/VA14Crepe.png 726w\" sizes=\"auto, (max-width: 258px) 100vw, 258px\" \/><\/a><figcaption id=\"caption-attachment-2315\" class=\"wp-caption-text\">Pour d\u00e9fendre leur honneur, les cr\u00eapiers ont mis la main \u00e0 la p\u00e2te.<\/figcaption><\/figure>\n<p>On s\u2019en doute, la profession a assez peu go\u00fbt\u00e9, et les virtuoses de la compl\u00e8te jambon-\u0153uf-fromage ont multipli\u00e9 les ripostes humoristiques sur les r\u00e9seaux sociaux, \u00e0 l\u2019image du logo rigolo ci-contre. Face \u00e0 cette lev\u00e9e de po\u00eales, Me Collard s\u2019est lui aussi essay\u00e9 \u00e0 la blague, mais plut\u00f4t du genre Carambar\u00a0: \u00ab\u00a0<em>Je suis tr\u00e8s \u00e9tonn\u00e9 qu\u2019on fasse tout un fromage avec une histoire de cr\u00eape\u2026 m\u00eame s\u2019il peut y avoir des cr\u00eapes au fromage\u00a0!\u00a0<\/em>\u00bb<br \/>\nQuant au FN, heureusement pour lui qu\u2019il s\u2019est tenu \u00e0 l\u2019\u00e9cart de cette redoutable pol\u00e9mique, sans quoi ses \u00e9lecteurs bretons auraient pu \u00eatre tent\u00e9s de changer de cr\u00eaperie\u2026<\/p>\n<p>[Article publi\u00e9 dans <em>Valeurs Actuelles<\/em>]<\/p>\n","protected":false},"excerpt":{"rendered":"<p>Cette semaine, carr\u00e9ment n\u2019importe quoi\u00a0! la loi interdit la fess\u00e9e, Peillon accuse la droite d\u2019esclavagisme et Gilbert Collard s\u2019en prend aux cr\u00eapiers\u2026<\/p>\n","protected":false},"author":9,"featured_media":0,"comment_status":"open","ping_status":"closed","sticky":false,"template":"","format":"standard","meta":{"footnotes":""},"categories":[1],"tags":[738,736,737],"class_list":{"0":"post-2310","1":"post","2":"type-post","3":"status-publish","4":"format-standard","6":"category-non-classe","7":"tag-gilbert-collard","8":"tag-lucky-luke","9":"tag-vincent-peillon"},"_links":{"self":[{"href":"https:\/\/blog.causeur.fr\/asiledeblog\/wp-json\/wp\/v2\/posts\/2310","targetHints":{"allow":["GET"]}}],"collection":[{"href":"https:\/\/blog.causeur.fr\/asiledeblog\/wp-json\/wp\/v2\/posts"}],"about":[{"href":"https:\/\/blog.causeur.fr\/asiledeblog\/wp-json\/wp\/v2\/types\/post"}],"author":[{"embeddable":true,"href":"https:\/\/blog.causeur.fr\/asiledeblog\/wp-json\/wp\/v2\/users\/9"}],"replies":[{"embeddable":true,"href":"https:\/\/blog.causeur.fr\/asiledeblog\/wp-json\/wp\/v2\/comments?post=2310"}],"version-history":[{"count":0,"href":"https:\/\/blog.causeur.fr\/asiledeblog\/wp-json\/wp\/v2\/posts\/2310\/revisions"}],"wp:attachment":[{"href":"https:\/\/blog.causeur.fr\/asiledeblog\/wp-json\/wp\/v2\/media?parent=2310"}],"wp:term":[{"taxonomy":"category","embeddable":true,"href":"https:\/\/blog.causeur.fr\/asiledeblog\/wp-json\/wp\/v2\/categories?post=2310"},{"taxonomy":"post_tag","embeddable":true,"href":"https:\/\/blog.causeur.fr\/asiledeblog\/wp-json\/wp\/v2\/tags?post=2310"}],"curies":[{"name":"wp","href":"https:\/\/api.w.org\/{rel}","templated":true}]}}