{"id":2317,"date":"2017-02-06T09:22:02","date_gmt":"2017-02-06T09:22:02","guid":{"rendered":"http:\/\/blog.causeur.fr\/asiledeblog\/?p=2317"},"modified":"2021-04-26T12:57:01","modified_gmt":"2021-04-26T10:57:01","slug":"rions-mes-freres","status":"publish","type":"post","link":"https:\/\/blog.causeur.fr\/asiledeblog\/rions-mes-freres-2317","title":{"rendered":"Rions, mes fr\u00e8res !"},"content":{"rendered":"<p><strong>Cette semaine, Tintin au goulag, Socrate censur\u00e9 et, bonne nouvelle quand m\u00eame, l\u2019Evangile \u00e0 prix cass\u00e9s\u00a0!<!--more--><\/strong><\/p>\n<p><strong><span style=\"color: #ff0000;\">Lutte ouvri\u00e8re.org\u00a0<\/span>Tintin au pays des trotskards<\/strong><\/p>\n<figure id=\"attachment_2318\" aria-describedby=\"caption-attachment-2318\" style=\"width: 300px\" class=\"wp-caption alignright\"><a href=\"http:\/\/blog.causeur.fr\/asiledeblog\/rions-mes-freres-002317.html\/va15-lo-tintin\" rel=\"attachment wp-att-2318\"><img loading=\"lazy\" decoding=\"async\" class=\"size-medium wp-image-2318\" title=\"VA15 LO Tintin\" src=\"http:\/\/blog.causeur.fr\/asiledeblog\/files\/2017\/02\/VA15-LO-Tintin-300x224.jpg\" alt=\"\" width=\"300\" height=\"224\" srcset=\"https:\/\/blog.causeur.fr\/asiledeblog\/wp-content\/uploads\/sites\/10\/2017\/02\/VA15-LO-Tintin-300x224.jpg 300w, https:\/\/blog.causeur.fr\/asiledeblog\/wp-content\/uploads\/sites\/10\/2017\/02\/VA15-LO-Tintin-400x300.jpg 400w, https:\/\/blog.causeur.fr\/asiledeblog\/wp-content\/uploads\/sites\/10\/2017\/02\/VA15-LO-Tintin.jpg 811w\" sizes=\"auto, (max-width: 300px) 100vw, 300px\" \/><\/a><figcaption id=\"caption-attachment-2318\" class=\"wp-caption-text\">Chez les camarades d\u2019Arlette, pour l\u2019humour, c\u2019est tintin !<\/figcaption><\/figure>\n<p>Trente ans apr\u00e8s sa mort, l\u2019\u0153uvre de Herg\u00e9 n\u2019est plus \u00e0 l\u2019index dans le camp du Bien. T\u00e9moin le succ\u00e8s de l\u2019expo qui lui a \u00e9t\u00e9 consacr\u00e9e au Grand Palais. Toute la presse, y compris celle de gauche, a rendu un hommage sans r\u00e9serve au g\u00e9nie de l\u2019artiste\u2026 Toute\u00a0? Non, car un village peupl\u00e9 d\u2019irr\u00e9ductibles trotskistes r\u00e9siste encore et toujours aux bandes (dessin\u00e9es) r\u00e9actionnaires.<br \/>\nLutte ouvri\u00e8re.org s\u2019\u00e9l\u00e8ve contre la r\u00e9\u00e9dition de <em>Tintin au pays des soviets<\/em>, \u00ab\u00a0<em>ouvrage fonci\u00e8rement anticommuniste et grossi\u00e8rement mensonger, (\u2026) repr\u00e9sentatif de la haine que la r\u00e9volution ouvri\u00e8re de 1917, en Russie, a inspir\u00e9e, et inspire toujours, \u00e0 la bourgeoisie et \u00e0 nombre de ses portes-plumes.<\/em>\u00a0\u00bb \u2013 Et vous savez ce qu\u2019il vous dit, le porte-plume de la bourgeoisie\u00a0? Il vous dit qu\u2019un bouquin \u00ab\u00a0<em>fonci\u00e8rement anticommuniste\u00a0<\/em>\u00bb ne peut pas \u00eatre, en tant que tel, \u00ab\u00a0<em>grossi\u00e8rement mensonger<\/em>\u00a0\u00bb.<br \/>\nAccessoirement, je veux bien admettre que, dans l\u2019esprit de mon confr\u00e8re r\u00e9dacteur prol\u00e9tarien, le tra\u00eetre Tintin m\u00e9rite le goulag\u00a0; mais pourquoi y envoyer aussi Milou\u00a0? Sans doute parce que, comme disait Sartre, \u00ab\u00a0<em>tout anticommuniste est un chien<\/em>\u00a0\u00bb\u2026<\/p>\n<figure id=\"attachment_2322\" aria-describedby=\"caption-attachment-2322\" style=\"width: 188px\" class=\"wp-caption alignleft\"><a href=\"http:\/\/blog.causeur.fr\/asiledeblog\/rions-mes-freres-002317.html\/va15nadler-2\" rel=\"attachment wp-att-2322\"><img loading=\"lazy\" decoding=\"async\" class=\"size-full wp-image-2322\" title=\"VA15Nadler\" src=\"http:\/\/blog.causeur.fr\/asiledeblog\/files\/2017\/02\/VA15Nadler1.jpg\" alt=\"\" width=\"188\" height=\"281\" \/><\/a><figcaption id=\"caption-attachment-2322\" class=\"wp-caption-text\">Ce cur\u00e9 malicieux, m\u00eame les la\u00efcs le likent.<\/figcaption><\/figure>\n<p><strong><span style=\"color: #ff0000;\">Twitter <\/span>P\u00e8re spirituel<\/strong><\/p>\n<p>Cur\u00e9 de la paroisse Saint-Jean-de-Beaumont \u00e0 Tours et grand geek devant l\u2019Eternel, le p\u00e8re Jean-Baptiste Nadler ne rate jamais une occasion de porter la bonne parole sur les r\u00e9seaux sociaux. Et il ne pr\u00eache pas que des convertis, loin de l\u00e0\u00a0! Son approche \u00e0 la fois \u00e9rudite et humoristique de l\u2019\u00e9vang\u00e9lisation lui a gagn\u00e9 un vaste public, y compris chez les agnostiques voire les ath\u00e9es, pour peu qu\u2019ils soient dot\u00e9s d\u2019esprit.<br \/>\nAinsi, \u00e0 l\u2019occasion des soldes d\u2019hiver, a-t-il tweet\u00e9 ce savoureux pastiche de spot publicitaire\u00a0: <em>\u00ab\u00a0# Soldes. Les \u00e9glises seront ouvertes ce dimanche. Des remises jusqu\u2019\u00e0 100 % sur le Salut, la Joie et la Vie \u00e9ternelle\u00a0!<\/em>\u00a0\u00bb Attention quand m\u00eame\u00a0! Ces offres promotionnelles ne s\u2019appliquent pas \u00e0 la qu\u00eate, ni <em>a fortiori<\/em> au denier de l\u2019\u00c9glise.<\/p>\n<p><strong><span style=\"color: #ff0000;\">Telegraph.co.uk<\/span> Philosophes blancs sur liste noire<\/strong><\/p>\n<p>L\u2019affaire, rapport\u00e9e par le <em>Daily Telegraph,<\/em> fait grand bruit au Royaume-Uni\u00a0: le principal syndicat \u00e9tudiant de la SOAS, l\u2019\u00c9cole des \u00e9tudes orientales et africaines, r\u00e9clame la suppression de l\u2019enseignement obligatoire de Platon, Aristote, Kant et autres \u00ab\u00a0<em>parce qu\u2019ils sont blancs\u00a0<\/em>\u00bb. \u00a0\u00c0 l\u2019inverse, \u00a0le syndicat exige que \u00ab<em>\u00a0la majorit\u00e9 des philosophes \u00e9tudi\u00e9s en cours\u00a0soient originaires d\u2019Afrique ou d\u2019Asie<\/em>\u00bb. Objectif\u00a0: \u00ab\u00a0<em>En<\/em> <em>finir<\/em> <em>avec l\u2019h\u00e9ritage structurel et \u00e9pist\u00e9mologique du colonialisme\u00a0<\/em>\u00bb.<\/p>\n<figure id=\"attachment_2321\" aria-describedby=\"caption-attachment-2321\" style=\"width: 300px\" class=\"wp-caption alignright\"><a href=\"http:\/\/blog.causeur.fr\/asiledeblog\/rions-mes-freres-002317.html\/va15facsanglaises-2\" rel=\"attachment wp-att-2321\"><img loading=\"lazy\" decoding=\"async\" class=\"size-medium wp-image-2321\" title=\"VA15FacsAnglaises\" src=\"http:\/\/blog.causeur.fr\/asiledeblog\/files\/2017\/02\/VA15FacsAnglaises1-300x191.jpg\" alt=\"\" width=\"300\" height=\"191\" srcset=\"https:\/\/blog.causeur.fr\/asiledeblog\/wp-content\/uploads\/sites\/10\/2017\/02\/VA15FacsAnglaises1-300x191.jpg 300w, https:\/\/blog.causeur.fr\/asiledeblog\/wp-content\/uploads\/sites\/10\/2017\/02\/VA15FacsAnglaises1-471x300.jpg 471w, https:\/\/blog.causeur.fr\/asiledeblog\/wp-content\/uploads\/sites\/10\/2017\/02\/VA15FacsAnglaises1.jpg 526w\" sizes=\"auto, (max-width: 300px) 100vw, 300px\" \/><\/a><figcaption id=\"caption-attachment-2321\" class=\"wp-caption-text\">Quand Platon et Aristote sont pri\u00e9s d\u2019aller se faire voir chez les Grecs\u2026<\/figcaption><\/figure>\n<p>Bien entendu, il s \u2018est trouv\u00e9 nombre d\u2019intellectuels pour soutenir cette revendication, d\u00e9j\u00e0 tr\u00e8s tendance sur les campus am\u00e9ricains. Mais d\u2019autres rient sous cape\u2026 Ainsi l\u2019universitaire conservateur Roger Scruton se fait-il taquin dans les colonnes du <em>Daily Mail\u00a0<\/em>: \u00ab<em>S&rsquo;il y a un contexte colonial \u00e0 partir duquel la\u00a0<\/em>Critique de la raison pure\u00a0<em>de Kant est apparue, j\u2019aimerais savoir lequel<\/em>.\u00a0\u00bb Chez nous aussi, on commence \u00e0 ironiser sur cette histoire, notamment dans la r\u00e9acosph\u00e8re. Mention sp\u00e9ciale au blogueur Pierre Cormary, qui la r\u00e9sume ainsi\u00a0sur Facebook : \u00ab\u00a0<em>D\u00e9colonisons la philosophie.<\/em> <em>D\u00e9blanchissons la pens\u00e9e. Sus au KKK (Kant, Kierkegaard, Kafka)<\/em>.\u00a0\u00bb<br \/>\nDes critiques qui, toutefois, ne risquent pas d\u2019\u00e9branler nos syndicalistes \u00e9tudiants d\u2019Outre-Manche, puisqu\u2019elles \u00e9manent d\u2019auteurs blancs.<\/p>\n<p>[Article publi\u00e9 dans <em>Valeurs Actuelles<\/em>]<\/p>\n<p><span style=\"border-radius: 2px; text-indent: 20px; width: auto; padding: 0px 4px 0px 0px; text-align: center; font: bold 11px\/20px 'Helvetica Neue',Helvetica,sans-serif; color: #ffffff; background: #bd081c url('data:image\/svg+xml;base64,PHN2ZyB4bWxucz0iaHR0cDovL3d3dy53My5vcmcvMjAwMC9zdmciIGhlaWdodD0iMzBweCIgd2lkdGg9IjMwcHgiIHZpZXdCb3g9Ii0xIC0xIDMxIDMxIj48Zz48cGF0aCBkPSJNMjkuNDQ5LDE0LjY2MiBDMjkuNDQ5LDIyLjcyMiAyMi44NjgsMjkuMjU2IDE0Ljc1LDI5LjI1NiBDNi42MzIsMjkuMjU2IDAuMDUxLDIyLjcyMiAwLjA1MSwxNC42NjIgQzAuMDUxLDYuNjAxIDYuNjMyLDAuMDY3IDE0Ljc1LDAuMDY3IEMyMi44NjgsMC4wNjcgMjkuNDQ5LDYuNjAxIDI5LjQ0OSwxNC42NjIiIGZpbGw9IiNmZmYiIHN0cm9rZT0iI2ZmZiIgc3Ryb2tlLXdpZHRoPSIxIj48L3BhdGg+PHBhdGggZD0iTTE0LjczMywxLjY4NiBDNy41MTYsMS42ODYgMS42NjUsNy40OTUgMS42NjUsMTQuNjYyIEMxLjY2NSwyMC4xNTkgNS4xMDksMjQuODU0IDkuOTcsMjYuNzQ0IEM5Ljg1NiwyNS43MTggOS43NTMsMjQuMTQzIDEwLjAxNiwyMy4wMjIgQzEwLjI1MywyMi4wMSAxMS41NDgsMTYuNTcyIDExLjU0OCwxNi41NzIgQzExLjU0OCwxNi41NzIgMTEuMTU3LDE1Ljc5NSAxMS4xNTcsMTQuNjQ2IEMxMS4xNTcsMTIuODQyIDEyLjIxMSwxMS40OTUgMTMuNTIyLDExLjQ5NSBDMTQuNjM3LDExLjQ5NSAxNS4xNzUsMTIuMzI2IDE1LjE3NSwxMy4zMjMgQzE1LjE3NSwxNC40MzYgMTQuNDYyLDE2LjEgMTQuMDkzLDE3LjY0MyBDMTMuNzg1LDE4LjkzNSAxNC43NDUsMTkuOTg4IDE2LjAyOCwxOS45ODggQzE4LjM1MSwxOS45ODggMjAuMTM2LDE3LjU1NiAyMC4xMzYsMTQuMDQ2IEMyMC4xMzYsMTAuOTM5IDE3Ljg4OCw4Ljc2NyAxNC42NzgsOC43NjcgQzEwLjk1OSw4Ljc2NyA4Ljc3NywxMS41MzYgOC43NzcsMTQuMzk4IEM4Ljc3NywxNS41MTMgOS4yMSwxNi43MDkgOS43NDksMTcuMzU5IEM5Ljg1NiwxNy40ODggOS44NzIsMTcuNiA5Ljg0LDE3LjczMSBDOS43NDEsMTguMTQxIDkuNTIsMTkuMDIzIDkuNDc3LDE5LjIwMyBDOS40MiwxOS40NCA5LjI4OCwxOS40OTEgOS4wNCwxOS4zNzYgQzcuNDA4LDE4LjYyMiA2LjM4NywxNi4yNTIgNi4zODcsMTQuMzQ5IEM2LjM4NywxMC4yNTYgOS4zODMsNi40OTcgMTUuMDIyLDYuNDk3IEMxOS41NTUsNi40OTcgMjMuMDc4LDkuNzA1IDIzLjA3OCwxMy45OTEgQzIzLjA3OCwxOC40NjMgMjAuMjM5LDIyLjA2MiAxNi4yOTcsMjIuMDYyIEMxNC45NzMsMjIuMDYyIDEzLjcyOCwyMS4zNzkgMTMuMzAyLDIwLjU3MiBDMTMuMzAyLDIwLjU3MiAxMi42NDcsMjMuMDUgMTIuNDg4LDIzLjY1NyBDMTIuMTkzLDI0Ljc4NCAxMS4zOTYsMjYuMTk2IDEwLjg2MywyNy4wNTggQzEyLjA4NiwyNy40MzQgMTMuMzg2LDI3LjYzNyAxNC43MzMsMjcuNjM3IEMyMS45NSwyNy42MzcgMjcuODAxLDIxLjgyOCAyNy44MDEsMTQuNjYyIEMyNy44MDEsNy40OTUgMjEuOTUsMS42ODYgMTQuNzMzLDEuNjg2IiBmaWxsPSIjYmQwODFjIj48L3BhdGg+PC9nPjwvc3ZnPg==') no-repeat scroll 3px 50% \/ 14px 14px; position: absolute; opacity: 1; z-index: 8675309; display: none; cursor: pointer;\">Enregistrer<\/span><\/p>\n","protected":false},"excerpt":{"rendered":"<p>Cette semaine, Tintin au goulag, Socrate censur\u00e9 et, bonne nouvelle quand m\u00eame, l\u2019Evangile \u00e0 prix cass\u00e9s\u00a0!<\/p>\n","protected":false},"author":9,"featured_media":0,"comment_status":"open","ping_status":"closed","sticky":false,"template":"","format":"standard","meta":{"footnotes":""},"categories":[1],"tags":[740,741,742,739],"class_list":{"0":"post-2317","1":"post","2":"type-post","3":"status-publish","4":"format-standard","6":"category-non-classe","7":"tag-herge","8":"tag-jean-baptiste-nadler","9":"tag-roger-scruton","10":"tag-tintin"},"_links":{"self":[{"href":"https:\/\/blog.causeur.fr\/asiledeblog\/wp-json\/wp\/v2\/posts\/2317","targetHints":{"allow":["GET"]}}],"collection":[{"href":"https:\/\/blog.causeur.fr\/asiledeblog\/wp-json\/wp\/v2\/posts"}],"about":[{"href":"https:\/\/blog.causeur.fr\/asiledeblog\/wp-json\/wp\/v2\/types\/post"}],"author":[{"embeddable":true,"href":"https:\/\/blog.causeur.fr\/asiledeblog\/wp-json\/wp\/v2\/users\/9"}],"replies":[{"embeddable":true,"href":"https:\/\/blog.causeur.fr\/asiledeblog\/wp-json\/wp\/v2\/comments?post=2317"}],"version-history":[{"count":0,"href":"https:\/\/blog.causeur.fr\/asiledeblog\/wp-json\/wp\/v2\/posts\/2317\/revisions"}],"wp:attachment":[{"href":"https:\/\/blog.causeur.fr\/asiledeblog\/wp-json\/wp\/v2\/media?parent=2317"}],"wp:term":[{"taxonomy":"category","embeddable":true,"href":"https:\/\/blog.causeur.fr\/asiledeblog\/wp-json\/wp\/v2\/categories?post=2317"},{"taxonomy":"post_tag","embeddable":true,"href":"https:\/\/blog.causeur.fr\/asiledeblog\/wp-json\/wp\/v2\/tags?post=2317"}],"curies":[{"name":"wp","href":"https:\/\/api.w.org\/{rel}","templated":true}]}}