{"id":2324,"date":"2017-02-14T10:00:38","date_gmt":"2017-02-14T10:00:38","guid":{"rendered":"http:\/\/blog.causeur.fr\/asiledeblog\/?p=2324"},"modified":"2021-04-26T12:57:01","modified_gmt":"2021-04-26T10:57:01","slug":"sivoupleee","status":"publish","type":"post","link":"https:\/\/blog.causeur.fr\/asiledeblog\/sivoupleee-2324","title":{"rendered":"Sivoupl\u00e9\u00e9\u00e9 !"},"content":{"rendered":"<p><strong>\u00c0 la une, politique et showbiz\u00a0! Les antiracistes font leur cin\u00e9ma, Ben et Manu font un malheur au Top 50 et Trump, figurez-vous, fait du Trump.<!--more--><\/strong><\/p>\n<p><strong><span style=\"color: #ff0000;\">Facebook<\/span> 45 tours et puis s\u2019en vont\u2026<\/strong><\/p>\n<figure id=\"attachment_2327\" aria-describedby=\"caption-attachment-2327\" style=\"width: 300px\" class=\"wp-caption alignleft\"><a href=\"http:\/\/blog.causeur.fr\/asiledeblog\/sivoupleee-002324.html\/va17hamonvalls-2\" rel=\"attachment wp-att-2327\"><img loading=\"lazy\" decoding=\"async\" class=\"size-medium wp-image-2327\" title=\"VA17HamonValls\" src=\"http:\/\/blog.causeur.fr\/asiledeblog\/files\/2017\/02\/VA17HamonValls1-300x298.jpg\" alt=\"\" width=\"300\" height=\"298\" srcset=\"https:\/\/blog.causeur.fr\/asiledeblog\/wp-content\/uploads\/sites\/10\/2017\/02\/VA17HamonValls1-300x298.jpg 300w, https:\/\/blog.causeur.fr\/asiledeblog\/wp-content\/uploads\/sites\/10\/2017\/02\/VA17HamonValls1-150x150.jpg 150w, https:\/\/blog.causeur.fr\/asiledeblog\/wp-content\/uploads\/sites\/10\/2017\/02\/VA17HamonValls1-301x300.jpg 301w, https:\/\/blog.causeur.fr\/asiledeblog\/wp-content\/uploads\/sites\/10\/2017\/02\/VA17HamonValls1.jpg 937w\" sizes=\"auto, (max-width: 300px) 100vw, 300px\" \/><\/a><figcaption id=\"caption-attachment-2327\" class=\"wp-caption-text\">D\u00e9but de soir\u00e9e, ou fin de partie ?<\/figcaption><\/figure>\n<p>Grand vainqueur de la primaire de la gauche, voici le tout-sauf-Valls pr\u00e9nomm\u00e9 Beno\u00eet\u00a0: la nostalgie 80\u2019s. Des semaines durant, on a vu rebondir sur le Net d\u2019\u00e9tonnantes photos d\u2019archives repr\u00e9sentant Ben et Manu, tous deux alors jeunes rocardiens, au milieu des ann\u00e9es 1980. Ces images vintage sont d\u00e9j\u00e0 assez dr\u00f4les par elles-m\u00eames\u00a0; mais voil\u00e0 qu\u2019un humoriste 2.0 a eu la riche id\u00e9e de les r\u00e9unir en un pastiche de 45 tours c\u00e9l\u00e8bre de ces ann\u00e9es-l\u00e0.<em><br \/>\nVent de folie<\/em>, le tube du groupe <em>\u00ab\u00a0<\/em>D\u00e9but de soir\u00e9e\u00a0\u00bb, vous vous souvenez\u00a0? Mais si voyons, si je vous dis\u00a0: \u00ab\u00a0<em>Et tu chantes, chantes, chantes ce refrain qui te pla\u00eet<\/em>\u00a0\u00bb\u2026 Quoique, entre Manuel et Beno\u00eet, l\u2019ambiance en fin de campagne \u00e9tait plut\u00f4t au deuxi\u00e8me vers du refrain\u00a0: \u00ab\u00a0<em>Et tu tapes, tapes, tapes, c\u2019est ta fa\u00e7on d\u2019aimer\u00a0<\/em>\u00bb\u2026<\/p>\n<p>&nbsp;<\/p>\n<p>&nbsp;<\/p>\n<p>&nbsp;<\/p>\n<p><strong><span style=\"color: #ff0000;\">LCI.fr<\/span> Boulevard du Rom <\/strong><\/p>\n<figure id=\"attachment_2326\" aria-describedby=\"caption-attachment-2326\" style=\"width: 300px\" class=\"wp-caption alignleft\"><a href=\"http:\/\/blog.causeur.fr\/asiledeblog\/sivoupleee-002324.html\/va17clavier\" rel=\"attachment wp-att-2326\"><img loading=\"lazy\" decoding=\"async\" class=\"size-medium wp-image-2326 \" title=\"VA17Clavier\" src=\"http:\/\/blog.causeur.fr\/asiledeblog\/files\/2017\/02\/VA17Clavier-300x190.jpg\" alt=\"\" width=\"300\" height=\"190\" srcset=\"https:\/\/blog.causeur.fr\/asiledeblog\/wp-content\/uploads\/sites\/10\/2017\/02\/VA17Clavier-300x190.jpg 300w, https:\/\/blog.causeur.fr\/asiledeblog\/wp-content\/uploads\/sites\/10\/2017\/02\/VA17Clavier-472x300.jpg 472w, https:\/\/blog.causeur.fr\/asiledeblog\/wp-content\/uploads\/sites\/10\/2017\/02\/VA17Clavier.jpg 526w\" sizes=\"auto, (max-width: 300px) 100vw, 300px\" \/><\/a><figcaption id=\"caption-attachment-2326\" class=\"wp-caption-text\">L\u2019ami Clavier devrait pourtant le savoir : pour nos critiques, un bon film est un film de gauche.<\/figcaption><\/figure>\n<p>Tout commence au printemps dernier, quand tr\u00e8s innocemment, Christian Clavier fait savoir qu\u2019il aura grand plaisir \u00e0 retravailler avec Philippe de Chauveron, heureux r\u00e9alisateur <em>de Qu\u2019est-ce qu\u2019on a fait au bon Dieu\u00a0?<\/em>. Et de r\u00e9v\u00e9ler au passage que le film s\u2019appellera <em>Sivoupl\u00e9\u00e9\u00e9 !<\/em> et racontera les tribulations d\u2019un intello de gauche, bourgeois mais bien-pensant, contrait d\u2019accueillir chez lui une famille de Roms. Aussit\u00f4t ce pitch connu, il s\u2019est trouv\u00e9 des centaines d\u2019internautes et des grandes consciences patent\u00e9es pour hurler \u00e0 la mort contre un projet de\u00a0film <em>forc\u00e9ment raciste.<\/em><br \/>\nNavrante cons\u00e9quence de ce tir de barrage\u00a0: l\u2019\u00e9quipe du film a d\u00e9cid\u00e9 de faire profil bas. Adieu le \u00ab\u00a0sivoupl\u00e9\u00e9\u00e9\u00a0\u00bb du titre, qui moquait gentiment le mantra de la mendicit\u00e9 rom\u00a0; place \u00e0 un consensuel <em>\u00c0 bras ouverts.<\/em>\u00a0 Et ce n\u2019est pas tout\u00a0: malgr\u00e9 les concessions du r\u00e9alisateur, le site de LCI nous apprend que deux des acteurs\u00a0principaux se sont d\u00e9sist\u00e9s \u00e0 la derni\u00e8re minute, <strong>\u00a0<\/strong>\u00ab\u00a0<em>\u00e9chaud\u00e9s, <\/em>murmure-t-on<em>, \u00a0par le mauvais accueil initial du projet\u00a0<\/em>\u00bb.<br \/>\nSur cette base-l\u00e0, le cin\u00e9ma fran\u00e7ais est mal parti\u2026 Suffira-t-il d\u00e9sormais d\u2019une bande d\u2019internautes violents non identifi\u00e9s et de quelques personnalit\u00e9s \u00ab\u00a0indign\u00e9es\u00a0\u00bb\u00a0pour r\u00e9tablir la censure pr\u00e9alable, en 2017, au pays des libert\u00e9s\u00a0? Mais qu\u2019est-ce qu\u2019on a fait au bon Dieu\u00a0?<\/p>\n<p><strong><span style=\"color: #ff0000;\">Facebook<\/span>\u00a0Antitrumpiste, tu perds ton sang-froid\u00a0!<\/strong><\/p>\n<figure id=\"attachment_2328\" aria-describedby=\"caption-attachment-2328\" style=\"width: 300px\" class=\"wp-caption alignleft\"><a href=\"http:\/\/blog.causeur.fr\/asiledeblog\/sivoupleee-002324.html\/va17trumplego\" rel=\"attachment wp-att-2328\"><img loading=\"lazy\" decoding=\"async\" class=\"size-medium wp-image-2328 \" title=\"VA17TrumpLego\" src=\"http:\/\/blog.causeur.fr\/asiledeblog\/files\/2017\/02\/VA17TrumpLego-300x300.jpg\" alt=\"\" width=\"300\" height=\"300\" srcset=\"https:\/\/blog.causeur.fr\/asiledeblog\/wp-content\/uploads\/sites\/10\/2017\/02\/VA17TrumpLego-300x300.jpg 300w, https:\/\/blog.causeur.fr\/asiledeblog\/wp-content\/uploads\/sites\/10\/2017\/02\/VA17TrumpLego-150x150.jpg 150w, https:\/\/blog.causeur.fr\/asiledeblog\/wp-content\/uploads\/sites\/10\/2017\/02\/VA17TrumpLego.jpg 1000w\" sizes=\"auto, (max-width: 300px) 100vw, 300px\" \/><\/a><figcaption id=\"caption-attachment-2328\" class=\"wp-caption-text\">Des Lego contre les ill\u00e9gaux ?<\/figcaption><\/figure>\n<p>Au secours\u00a0! Dans la semaine qui a suivi son entr\u00e9e en fonction, Donald Trump a d\u00e9j\u00e0 restreint les visas, enterr\u00e9 le trait\u00e9 transpacifique et b\u00e9tonn\u00e9 la construction du mur \u00e0 la fronti\u00e8re mexicaine.<br \/>\nCes mesures, et notamment le d\u00e9cret sur l\u2019immigration, ont aussit\u00f4t d\u00e9clench\u00e9 une tornade de protestations. Parfois elles prennent la forme d\u2019un amusant clin d\u2019\u0153il, comme dans le photomontage ci-dessous. Mais pour l\u2019essentiel, la complainte anti-Trump s\u2019\u00e9tire en un interminable lamento choral des ONG, des assoc\u2019 et des m\u00e9dias progressistes<span style=\"text-decoration: line-through;\">.<\/span><br \/>\nEt de quoi l\u2019accuse-t-on, sinon de commencer \u00e0 faire ce qu\u2019il avait promis\u00a0? Ils s\u2019attendaient \u00e0 quoi au juste, les ch\u00e9ris\u00a0? \u00c0 ce que Trump fasse du Clinton\u00a0? Reprocher \u00e0 un pr\u00e9sident de tenir ses engagements de candidat, c\u2019est donc \u00e7a, d\u00e9sormais, \u00eatre d\u00e9mocrate\u00a0?<\/p>\n<p>[Article publi\u00e9 dans <em>Valeurs Actuelles<\/em>]<\/p>\n<p><span style=\"border-radius: 2px; text-indent: 20px; width: auto; padding: 0px 4px 0px 0px; text-align: center; font: bold 11px\/20px 'Helvetica Neue',Helvetica,sans-serif; color: #ffffff; background: #bd081c url('data:image\/svg+xml;base64,PHN2ZyB4bWxucz0iaHR0cDovL3d3dy53My5vcmcvMjAwMC9zdmciIGhlaWdodD0iMzBweCIgd2lkdGg9IjMwcHgiIHZpZXdCb3g9Ii0xIC0xIDMxIDMxIj48Zz48cGF0aCBkPSJNMjkuNDQ5LDE0LjY2MiBDMjkuNDQ5LDIyLjcyMiAyMi44NjgsMjkuMjU2IDE0Ljc1LDI5LjI1NiBDNi42MzIsMjkuMjU2IDAuMDUxLDIyLjcyMiAwLjA1MSwxNC42NjIgQzAuMDUxLDYuNjAxIDYuNjMyLDAuMDY3IDE0Ljc1LDAuMDY3IEMyMi44NjgsMC4wNjcgMjkuNDQ5LDYuNjAxIDI5LjQ0OSwxNC42NjIiIGZpbGw9IiNmZmYiIHN0cm9rZT0iI2ZmZiIgc3Ryb2tlLXdpZHRoPSIxIj48L3BhdGg+PHBhdGggZD0iTTE0LjczMywxLjY4NiBDNy41MTYsMS42ODYgMS42NjUsNy40OTUgMS42NjUsMTQuNjYyIEMxLjY2NSwyMC4xNTkgNS4xMDksMjQuODU0IDkuOTcsMjYuNzQ0IEM5Ljg1NiwyNS43MTggOS43NTMsMjQuMTQzIDEwLjAxNiwyMy4wMjIgQzEwLjI1MywyMi4wMSAxMS41NDgsMTYuNTcyIDExLjU0OCwxNi41NzIgQzExLjU0OCwxNi41NzIgMTEuMTU3LDE1Ljc5NSAxMS4xNTcsMTQuNjQ2IEMxMS4xNTcsMTIuODQyIDEyLjIxMSwxMS40OTUgMTMuNTIyLDExLjQ5NSBDMTQuNjM3LDExLjQ5NSAxNS4xNzUsMTIuMzI2IDE1LjE3NSwxMy4zMjMgQzE1LjE3NSwxNC40MzYgMTQuNDYyLDE2LjEgMTQuMDkzLDE3LjY0MyBDMTMuNzg1LDE4LjkzNSAxNC43NDUsMTkuOTg4IDE2LjAyOCwxOS45ODggQzE4LjM1MSwxOS45ODggMjAuMTM2LDE3LjU1NiAyMC4xMzYsMTQuMDQ2IEMyMC4xMzYsMTAuOTM5IDE3Ljg4OCw4Ljc2NyAxNC42NzgsOC43NjcgQzEwLjk1OSw4Ljc2NyA4Ljc3NywxMS41MzYgOC43NzcsMTQuMzk4IEM4Ljc3NywxNS41MTMgOS4yMSwxNi43MDkgOS43NDksMTcuMzU5IEM5Ljg1NiwxNy40ODggOS44NzIsMTcuNiA5Ljg0LDE3LjczMSBDOS43NDEsMTguMTQxIDkuNTIsMTkuMDIzIDkuNDc3LDE5LjIwMyBDOS40MiwxOS40NCA5LjI4OCwxOS40OTEgOS4wNCwxOS4zNzYgQzcuNDA4LDE4LjYyMiA2LjM4NywxNi4yNTIgNi4zODcsMTQuMzQ5IEM2LjM4NywxMC4yNTYgOS4zODMsNi40OTcgMTUuMDIyLDYuNDk3IEMxOS41NTUsNi40OTcgMjMuMDc4LDkuNzA1IDIzLjA3OCwxMy45OTEgQzIzLjA3OCwxOC40NjMgMjAuMjM5LDIyLjA2MiAxNi4yOTcsMjIuMDYyIEMxNC45NzMsMjIuMDYyIDEzLjcyOCwyMS4zNzkgMTMuMzAyLDIwLjU3MiBDMTMuMzAyLDIwLjU3MiAxMi42NDcsMjMuMDUgMTIuNDg4LDIzLjY1NyBDMTIuMTkzLDI0Ljc4NCAxMS4zOTYsMjYuMTk2IDEwLjg2MywyNy4wNTggQzEyLjA4NiwyNy40MzQgMTMuMzg2LDI3LjYzNyAxNC43MzMsMjcuNjM3IEMyMS45NSwyNy42MzcgMjcuODAxLDIxLjgyOCAyNy44MDEsMTQuNjYyIEMyNy44MDEsNy40OTUgMjEuOTUsMS42ODYgMTQuNzMzLDEuNjg2IiBmaWxsPSIjYmQwODFjIj48L3BhdGg+PC9nPjwvc3ZnPg==') no-repeat scroll 3px 50% \/ 14px 14px; position: absolute; opacity: 1; z-index: 8675309; display: none; cursor: pointer; top: 1439px; left: 272px;\">Enregistrer<\/span><\/p>\n<p><span style=\"border-radius: 2px; text-indent: 20px; width: auto; padding: 0px 4px 0px 0px; text-align: center; font: bold 11px\/20px 'Helvetica Neue',Helvetica,sans-serif; color: #ffffff; background: #bd081c url('data:image\/svg+xml;base64,PHN2ZyB4bWxucz0iaHR0cDovL3d3dy53My5vcmcvMjAwMC9zdmciIGhlaWdodD0iMzBweCIgd2lkdGg9IjMwcHgiIHZpZXdCb3g9Ii0xIC0xIDMxIDMxIj48Zz48cGF0aCBkPSJNMjkuNDQ5LDE0LjY2MiBDMjkuNDQ5LDIyLjcyMiAyMi44NjgsMjkuMjU2IDE0Ljc1LDI5LjI1NiBDNi42MzIsMjkuMjU2IDAuMDUxLDIyLjcyMiAwLjA1MSwxNC42NjIgQzAuMDUxLDYuNjAxIDYuNjMyLDAuMDY3IDE0Ljc1LDAuMDY3IEMyMi44NjgsMC4wNjcgMjkuNDQ5LDYuNjAxIDI5LjQ0OSwxNC42NjIiIGZpbGw9IiNmZmYiIHN0cm9rZT0iI2ZmZiIgc3Ryb2tlLXdpZHRoPSIxIj48L3BhdGg+PHBhdGggZD0iTTE0LjczMywxLjY4NiBDNy41MTYsMS42ODYgMS42NjUsNy40OTUgMS42NjUsMTQuNjYyIEMxLjY2NSwyMC4xNTkgNS4xMDksMjQuODU0IDkuOTcsMjYuNzQ0IEM5Ljg1NiwyNS43MTggOS43NTMsMjQuMTQzIDEwLjAxNiwyMy4wMjIgQzEwLjI1MywyMi4wMSAxMS41NDgsMTYuNTcyIDExLjU0OCwxNi41NzIgQzExLjU0OCwxNi41NzIgMTEuMTU3LDE1Ljc5NSAxMS4xNTcsMTQuNjQ2IEMxMS4xNTcsMTIuODQyIDEyLjIxMSwxMS40OTUgMTMuNTIyLDExLjQ5NSBDMTQuNjM3LDExLjQ5NSAxNS4xNzUsMTIuMzI2IDE1LjE3NSwxMy4zMjMgQzE1LjE3NSwxNC40MzYgMTQuNDYyLDE2LjEgMTQuMDkzLDE3LjY0MyBDMTMuNzg1LDE4LjkzNSAxNC43NDUsMTkuOTg4IDE2LjAyOCwxOS45ODggQzE4LjM1MSwxOS45ODggMjAuMTM2LDE3LjU1NiAyMC4xMzYsMTQuMDQ2IEMyMC4xMzYsMTAuOTM5IDE3Ljg4OCw4Ljc2NyAxNC42NzgsOC43NjcgQzEwLjk1OSw4Ljc2NyA4Ljc3NywxMS41MzYgOC43NzcsMTQuMzk4IEM4Ljc3NywxNS41MTMgOS4yMSwxNi43MDkgOS43NDksMTcuMzU5IEM5Ljg1NiwxNy40ODggOS44NzIsMTcuNiA5Ljg0LDE3LjczMSBDOS43NDEsMTguMTQxIDkuNTIsMTkuMDIzIDkuNDc3LDE5LjIwMyBDOS40MiwxOS40NCA5LjI4OCwxOS40OTEgOS4wNCwxOS4zNzYgQzcuNDA4LDE4LjYyMiA2LjM4NywxNi4yNTIgNi4zODcsMTQuMzQ5IEM2LjM4NywxMC4yNTYgOS4zODMsNi40OTcgMTUuMDIyLDYuNDk3IEMxOS41NTUsNi40OTcgMjMuMDc4LDkuNzA1IDIzLjA3OCwxMy45OTEgQzIzLjA3OCwxOC40NjMgMjAuMjM5LDIyLjA2MiAxNi4yOTcsMjIuMDYyIEMxNC45NzMsMjIuMDYyIDEzLjcyOCwyMS4zNzkgMTMuMzAyLDIwLjU3MiBDMTMuMzAyLDIwLjU3MiAxMi42NDcsMjMuMDUgMTIuNDg4LDIzLjY1NyBDMTIuMTkzLDI0Ljc4NCAxMS4zOTYsMjYuMTk2IDEwLjg2MywyNy4wNTggQzEyLjA4NiwyNy40MzQgMTMuMzg2LDI3LjYzNyAxNC43MzMsMjcuNjM3IEMyMS45NSwyNy42MzcgMjcuODAxLDIxLjgyOCAyNy44MDEsMTQuNjYyIEMyNy44MDEsNy40OTUgMjEuOTUsMS42ODYgMTQuNzMzLDEuNjg2IiBmaWxsPSIjYmQwODFjIj48L3BhdGg+PC9nPjwvc3ZnPg==') no-repeat scroll 3px 50% \/ 14px 14px; position: absolute; opacity: 1; z-index: 8675309; display: none; cursor: pointer; top: 1464px; left: 272px;\">Enregistrer<\/span><\/p>\n","protected":false},"excerpt":{"rendered":"<p>\u00c0 la une, politique et showbiz\u00a0! Les antiracistes font leur cin\u00e9ma, Ben et Manu font un malheur au Top 50 et Trump, figurez-vous, fait du Trump.<\/p>\n","protected":false},"author":9,"featured_media":0,"comment_status":"open","ping_status":"closed","sticky":false,"template":"","format":"standard","meta":{"footnotes":""},"categories":[1],"tags":[743,744,731,503],"class_list":{"0":"post-2324","1":"post","2":"type-post","3":"status-publish","4":"format-standard","6":"category-non-classe","7":"tag-benoit-hamon","8":"tag-christian-clavier","9":"tag-donald-trump","10":"tag-manuel-valls"},"_links":{"self":[{"href":"https:\/\/blog.causeur.fr\/asiledeblog\/wp-json\/wp\/v2\/posts\/2324","targetHints":{"allow":["GET"]}}],"collection":[{"href":"https:\/\/blog.causeur.fr\/asiledeblog\/wp-json\/wp\/v2\/posts"}],"about":[{"href":"https:\/\/blog.causeur.fr\/asiledeblog\/wp-json\/wp\/v2\/types\/post"}],"author":[{"embeddable":true,"href":"https:\/\/blog.causeur.fr\/asiledeblog\/wp-json\/wp\/v2\/users\/9"}],"replies":[{"embeddable":true,"href":"https:\/\/blog.causeur.fr\/asiledeblog\/wp-json\/wp\/v2\/comments?post=2324"}],"version-history":[{"count":0,"href":"https:\/\/blog.causeur.fr\/asiledeblog\/wp-json\/wp\/v2\/posts\/2324\/revisions"}],"wp:attachment":[{"href":"https:\/\/blog.causeur.fr\/asiledeblog\/wp-json\/wp\/v2\/media?parent=2324"}],"wp:term":[{"taxonomy":"category","embeddable":true,"href":"https:\/\/blog.causeur.fr\/asiledeblog\/wp-json\/wp\/v2\/categories?post=2324"},{"taxonomy":"post_tag","embeddable":true,"href":"https:\/\/blog.causeur.fr\/asiledeblog\/wp-json\/wp\/v2\/tags?post=2324"}],"curies":[{"name":"wp","href":"https:\/\/api.w.org\/{rel}","templated":true}]}}