{"id":2336,"date":"2017-03-06T10:57:10","date_gmt":"2017-03-06T10:57:10","guid":{"rendered":"http:\/\/blog.causeur.fr\/asiledeblog\/?p=2336"},"modified":"2021-04-26T12:57:01","modified_gmt":"2021-04-26T10:57:01","slug":"tout-sachete-et-tout-se-vend","status":"publish","type":"post","link":"https:\/\/blog.causeur.fr\/asiledeblog\/tout-sachete-et-tout-se-vend-2336","title":{"rendered":"Tout s&rsquo;ach\u00e8te et tout se vend&#8230;"},"content":{"rendered":"<p align=\"center\"><strong>Cette semaine, L\u2019Obs nous vend du Macron, le quai de Conti se paie l&rsquo;H\u00f4tel de Ville, et la presse alg\u00e9rienne ach\u00e8te n\u2019importe quoi\u2026<!--more--><\/strong><\/p>\n<p>\u00a0<strong><span style=\"color: #ff0000;\">Le Gorafi-\u00ab El Hayat \u00bb<\/span> Marine fait le mur<\/strong><\/p>\n<figure id=\"attachment_2337\" aria-describedby=\"caption-attachment-2337\" style=\"width: 300px\" class=\"wp-caption alignleft\"><a href=\"http:\/\/blog.causeur.fr\/asiledeblog\/tout-sachete-et-tout-se-vend-002336.html\/va20elhayatmlp\" rel=\"attachment wp-att-2337\"><img loading=\"lazy\" decoding=\"async\" class=\"size-medium wp-image-2337 \" title=\"VA20ElHayatMLP\" src=\"http:\/\/blog.causeur.fr\/asiledeblog\/files\/2017\/03\/VA20ElHayatMLP-300x208.jpg\" alt=\"\" width=\"300\" height=\"208\" srcset=\"https:\/\/blog.causeur.fr\/asiledeblog\/wp-content\/uploads\/sites\/10\/2017\/03\/VA20ElHayatMLP-300x208.jpg 300w, https:\/\/blog.causeur.fr\/asiledeblog\/wp-content\/uploads\/sites\/10\/2017\/03\/VA20ElHayatMLP-432x300.jpg 432w, https:\/\/blog.causeur.fr\/asiledeblog\/wp-content\/uploads\/sites\/10\/2017\/03\/VA20ElHayatMLP.jpg 800w\" sizes=\"auto, (max-width: 300px) 100vw, 300px\" \/><\/a><figcaption id=\"caption-attachment-2337\" class=\"wp-caption-text\">Le journal alg\u00e9rien a vraiment cru que Marine Le Pen allait \u00ab construire un mur entre la France et l\u2019Alg\u00e9rie \u00bb. Finalement, l\u2019affaire est tomb\u00e9e \u00e0 l\u2019eau\u2026<\/figcaption><\/figure>\n<p>Le site parodique <em>Le Gorafi<\/em> a-t-il failli d\u00e9clencher une crise diplomatique entre Paris et Alger\u00a0? Tout a commenc\u00e9 avec un article o\u00f9 nos pasticheurs pr\u00e9tendaient qu\u2019\u00e0 l\u2019instar de Trump avec le Mexique, Marine Le Pen se proposait, une fois \u00e9lue, de faire construire un mur entre la France et L\u2019Alg\u00e9rie\u2026<br \/>\nMalgr\u00e9 l\u2019\u00e9normit\u00e9 de la blague, le tr\u00e8s respectable quotidien alg\u00e9rois <em>El Hayat<\/em> a pris l\u2019affaire au s\u00e9rieux, au point d\u2019en faire sa une. Certains propos attribu\u00e9s par le Gorafi \u00e0 Mme Le Pen auraient pourtant d\u00fb mettre la puce \u00e0 l\u2019oreille du journaliste le plus distrait, et notamment sa phrase de conclusion\u00a0: \u00ab\u00a0 <em>J\u2019invite donc le pr\u00e9sident Bouteflika \u00e0 r\u00e9unir au plus vite la somme de 9,36 milliards d\u2019euros et \u00e0 me la faire parvenir par virement ou mandat postal.\u00a0<\/em>\u00bb<br \/>\nMais la presse alg\u00e9rienne a un peu pris l\u2019habitude, ces cinquante derni\u00e8res ann\u00e9es, d\u2019accuser de tous les p\u00e9ch\u00e9s du monde la classe politique fran\u00e7aise. Alors Marine Le Pen, pensez donc\u2026 Et voil\u00e0 comment nos estimables confr\u00e8res sont all\u00e9s dans le mur !<strong><em><\/em><\/strong><\/p>\n<p><strong><span style=\"color: #ff0000;\">Le Parisien.fr<\/span> Les Immortels au Burger King<\/strong><\/p>\n<figure id=\"attachment_2338\" aria-describedby=\"caption-attachment-2338\" style=\"width: 300px\" class=\"wp-caption alignright\"><a href=\"http:\/\/blog.causeur.fr\/asiledeblog\/tout-sachete-et-tout-se-vend-002336.html\/parisienjo\" rel=\"attachment wp-att-2338\"><img loading=\"lazy\" decoding=\"async\" class=\"size-medium wp-image-2338  \" title=\"ParisienJO\" src=\"http:\/\/blog.causeur.fr\/asiledeblog\/files\/2017\/03\/ParisienJO-300x167.jpg\" alt=\"\" width=\"300\" height=\"167\" srcset=\"https:\/\/blog.causeur.fr\/asiledeblog\/wp-content\/uploads\/sites\/10\/2017\/03\/ParisienJO-300x167.jpg 300w, https:\/\/blog.causeur.fr\/asiledeblog\/wp-content\/uploads\/sites\/10\/2017\/03\/ParisienJO-500x279.jpg 500w, https:\/\/blog.causeur.fr\/asiledeblog\/wp-content\/uploads\/sites\/10\/2017\/03\/ParisienJO.jpg 1005w\" sizes=\"auto, (max-width: 300px) 100vw, 300px\" \/><\/a><figcaption id=\"caption-attachment-2338\" class=\"wp-caption-text\">\u00c0 titre de repr\u00e9sailles, Anne Hidalgo va-t-elle demander qu\u2019on rase la Coupole pour agrandir Paris-Plages ?<\/figcaption><\/figure>\n<p>Le 3 f\u00e9vrier dernier, Mme Hidalgo et le Comit\u00e9 de candidature de Paris aux J.O. de 2024 avaient d\u00e9voil\u00e9 leur slogan officiel, projet\u00e9 pour l\u2019occasion en lettres g\u00e9antes sur la tour Eiffel\u00a0: \u00ab\u00a0<em>Made for sharing<\/em>\u00a0\u00bb. Litt\u00e9ralement, \u00ab\u00a0Faits pour \u00eatre partag\u00e9s\u00a0\u00bb. \u00c0 ce qu\u2019on dit, les petits g\u00e9nies de l\u2019H\u00f4tel de Ville auraient jug\u00e9 plus \u00ab\u00a0fun\u00a0\u00bb, et surtout plus \u00ab\u00a0bankable\u00a0\u00bb, de faire acte de candidature dans la langue de Shakespeare et de Kim Kardashian.<br \/>\nMais les Immortels savent aussi se faire taquins pour \u00e9voquer ce grotesque \u00ab\u00a0Made for sharing\u00a0\u00bb\u00a0: \u00ab\u00a0 <em>Ce slogan<\/em>, notent-ils<em>, a d\u00e9j\u00e0 \u00e9t\u00e9 utilis\u00e9 lors de campagnes publicitaires pour les bonbons de la marque Quality Street, les biscuits Cadbury Snaps et les pizzas \u00e0 d\u00e9couper de la cha\u00eene Burger King.\u00a0<\/em>\u00bb<br \/>\nAinsi donc, la calamiteuse \u00ab\u00a0trouvaille\u00a0\u00bb de Mme Hidalgo aura eu au moins une cons\u00e9quence heureuse\u00a0: c\u2019est bien la premi\u00e8re fois qu\u2019un communiqu\u00e9 officiel de l\u2019Acad\u00e9mie parle de pizzas ou cite <em>Burger King<\/em>\u2026\u00a0 Une d\u00e9fense de la langue fran\u00e7aise aussi efficace que peu acad\u00e9mique\u00a0!<\/p>\n<p><strong><span style=\"color: #ff0000;\">Nouvelobs.com<\/span> Macron et \u201cL\u2019Obs\u201d : la rumeur<\/strong><\/p>\n<figure id=\"attachment_2339\" aria-describedby=\"caption-attachment-2339\" style=\"width: 300px\" class=\"wp-caption alignleft\"><a href=\"http:\/\/blog.causeur.fr\/asiledeblog\/tout-sachete-et-tout-se-vend-002336.html\/va20macronobs\" rel=\"attachment wp-att-2339\"><img loading=\"lazy\" decoding=\"async\" class=\"size-medium wp-image-2339\" title=\"VA20MacronObs\" src=\"http:\/\/blog.causeur.fr\/asiledeblog\/files\/2017\/03\/VA20MacronObs-300x284.jpg\" alt=\"\" width=\"300\" height=\"284\" srcset=\"https:\/\/blog.causeur.fr\/asiledeblog\/wp-content\/uploads\/sites\/10\/2017\/03\/VA20MacronObs-300x284.jpg 300w, https:\/\/blog.causeur.fr\/asiledeblog\/wp-content\/uploads\/sites\/10\/2017\/03\/VA20MacronObs-316x300.jpg 316w, https:\/\/blog.causeur.fr\/asiledeblog\/wp-content\/uploads\/sites\/10\/2017\/03\/VA20MacronObs.jpg 813w\" sizes=\"auto, (max-width: 300px) 100vw, 300px\" \/><\/a><figcaption id=\"caption-attachment-2339\" class=\"wp-caption-text\">Si vous ne devinez pas pour qui roule l\u2019hebdo, vous n\u2019\u00eates pas tr\u00e8s observateur\u2026<\/figcaption><\/figure>\n<p>Les unes de l\u2019Obs se suivent et parfois se ressemblent. En moins d\u2019un an, les lecteurs de l\u2019organe central de la gauche moderne auront ainsi eu droit en couverture \u00e0 \u00ab <em>La fus\u00e9e Macron <\/em>\u00bb (3 mars 2016), \u00a0\u00ab<em> Macron,\u00a0l&rsquo;homme press\u00e9 <\/em>\u00bb (1<sup>er<\/sup> septembre), <em>\u00ab Macron d\u00e9voile enfin son programme <\/em>\u00bb (10 novembre) et \u00ab<em> Les secrets de Macron <\/em>\u00bb (5 janvier 2017). Pour les vacances de f\u00e9vrier, on s\u2019attendait donc logiquement \u00e0 un \u00ab<em> Macron fait du ski <\/em>\u00bb<em>\u2026<\/em> Mais l\u2019Obs, journal s\u00e9rieux, a finalement choisi de revenir \u00e0 l\u2019essentiel en titrant \u00ab <em>Lui pr\u00e9sident\u00a0?<\/em> \u00bb On esp\u00e8re seulement qu\u2019Emmanuel ne va pas d\u00e9crocher son t\u00e9l\u00e9phone pour se plaindre du point d\u2019interrogation.<\/p>\n<p>[Article paru dans <em>Valeurs Actuelles<\/em>]<\/p>\n<p><span style=\"border-radius: 2px; text-indent: 20px; width: auto; padding: 0px 4px 0px 0px; text-align: center; font: bold 11px\/20px 'Helvetica Neue',Helvetica,sans-serif; color: #ffffff; background: #bd081c url('data:image\/svg+xml;base64,PHN2ZyB4bWxucz0iaHR0cDovL3d3dy53My5vcmcvMjAwMC9zdmciIGhlaWdodD0iMzBweCIgd2lkdGg9IjMwcHgiIHZpZXdCb3g9Ii0xIC0xIDMxIDMxIj48Zz48cGF0aCBkPSJNMjkuNDQ5LDE0LjY2MiBDMjkuNDQ5LDIyLjcyMiAyMi44NjgsMjkuMjU2IDE0Ljc1LDI5LjI1NiBDNi42MzIsMjkuMjU2IDAuMDUxLDIyLjcyMiAwLjA1MSwxNC42NjIgQzAuMDUxLDYuNjAxIDYuNjMyLDAuMDY3IDE0Ljc1LDAuMDY3IEMyMi44NjgsMC4wNjcgMjkuNDQ5LDYuNjAxIDI5LjQ0OSwxNC42NjIiIGZpbGw9IiNmZmYiIHN0cm9rZT0iI2ZmZiIgc3Ryb2tlLXdpZHRoPSIxIj48L3BhdGg+PHBhdGggZD0iTTE0LjczMywxLjY4NiBDNy41MTYsMS42ODYgMS42NjUsNy40OTUgMS42NjUsMTQuNjYyIEMxLjY2NSwyMC4xNTkgNS4xMDksMjQuODU0IDkuOTcsMjYuNzQ0IEM5Ljg1NiwyNS43MTggOS43NTMsMjQuMTQzIDEwLjAxNiwyMy4wMjIgQzEwLjI1MywyMi4wMSAxMS41NDgsMTYuNTcyIDExLjU0OCwxNi41NzIgQzExLjU0OCwxNi41NzIgMTEuMTU3LDE1Ljc5NSAxMS4xNTcsMTQuNjQ2IEMxMS4xNTcsMTIuODQyIDEyLjIxMSwxMS40OTUgMTMuNTIyLDExLjQ5NSBDMTQuNjM3LDExLjQ5NSAxNS4xNzUsMTIuMzI2IDE1LjE3NSwxMy4zMjMgQzE1LjE3NSwxNC40MzYgMTQuNDYyLDE2LjEgMTQuMDkzLDE3LjY0MyBDMTMuNzg1LDE4LjkzNSAxNC43NDUsMTkuOTg4IDE2LjAyOCwxOS45ODggQzE4LjM1MSwxOS45ODggMjAuMTM2LDE3LjU1NiAyMC4xMzYsMTQuMDQ2IEMyMC4xMzYsMTAuOTM5IDE3Ljg4OCw4Ljc2NyAxNC42NzgsOC43NjcgQzEwLjk1OSw4Ljc2NyA4Ljc3NywxMS41MzYgOC43NzcsMTQuMzk4IEM4Ljc3NywxNS41MTMgOS4yMSwxNi43MDkgOS43NDksMTcuMzU5IEM5Ljg1NiwxNy40ODggOS44NzIsMTcuNiA5Ljg0LDE3LjczMSBDOS43NDEsMTguMTQxIDkuNTIsMTkuMDIzIDkuNDc3LDE5LjIwMyBDOS40MiwxOS40NCA5LjI4OCwxOS40OTEgOS4wNCwxOS4zNzYgQzcuNDA4LDE4LjYyMiA2LjM4NywxNi4yNTIgNi4zODcsMTQuMzQ5IEM2LjM4NywxMC4yNTYgOS4zODMsNi40OTcgMTUuMDIyLDYuNDk3IEMxOS41NTUsNi40OTcgMjMuMDc4LDkuNzA1IDIzLjA3OCwxMy45OTEgQzIzLjA3OCwxOC40NjMgMjAuMjM5LDIyLjA2MiAxNi4yOTcsMjIuMDYyIEMxNC45NzMsMjIuMDYyIDEzLjcyOCwyMS4zNzkgMTMuMzAyLDIwLjU3MiBDMTMuMzAyLDIwLjU3MiAxMi42NDcsMjMuMDUgMTIuNDg4LDIzLjY1NyBDMTIuMTkzLDI0Ljc4NCAxMS4zOTYsMjYuMTk2IDEwLjg2MywyNy4wNTggQzEyLjA4NiwyNy40MzQgMTMuMzg2LDI3LjYzNyAxNC43MzMsMjcuNjM3IEMyMS45NSwyNy42MzcgMjcuODAxLDIxLjgyOCAyNy44MDEsMTQuNjYyIEMyNy44MDEsNy40OTUgMjEuOTUsMS42ODYgMTQuNzMzLDEuNjg2IiBmaWxsPSIjYmQwODFjIj48L3BhdGg+PC9nPjwvc3ZnPg==') no-repeat scroll 3px 50% \/ 14px 14px; position: absolute; opacity: 1; z-index: 8675309; display: none; cursor: pointer; top: 1415px; left: 40px;\">Enregistrer<\/span><\/p>\n","protected":false},"excerpt":{"rendered":"<p>Cette semaine, L\u2019Obs nous vend du Macron, le quai de Conti se paie l&rsquo;H\u00f4tel de Ville, et la presse alg\u00e9rienne ach\u00e8te n\u2019importe quoi\u2026<\/p>\n","protected":false},"author":9,"featured_media":0,"comment_status":"open","ping_status":"closed","sticky":false,"template":"","format":"standard","meta":{"footnotes":""},"categories":[1],"tags":[748,745,746,747,141],"class_list":{"0":"post-2336","1":"post","2":"type-post","3":"status-publish","4":"format-standard","6":"category-non-classe","7":"tag-anne-hidalgo","8":"tag-emmanuel-macron","9":"tag-lobs","10":"tag-le-gorafi","11":"tag-marine-le-pen"},"_links":{"self":[{"href":"https:\/\/blog.causeur.fr\/asiledeblog\/wp-json\/wp\/v2\/posts\/2336","targetHints":{"allow":["GET"]}}],"collection":[{"href":"https:\/\/blog.causeur.fr\/asiledeblog\/wp-json\/wp\/v2\/posts"}],"about":[{"href":"https:\/\/blog.causeur.fr\/asiledeblog\/wp-json\/wp\/v2\/types\/post"}],"author":[{"embeddable":true,"href":"https:\/\/blog.causeur.fr\/asiledeblog\/wp-json\/wp\/v2\/users\/9"}],"replies":[{"embeddable":true,"href":"https:\/\/blog.causeur.fr\/asiledeblog\/wp-json\/wp\/v2\/comments?post=2336"}],"version-history":[{"count":0,"href":"https:\/\/blog.causeur.fr\/asiledeblog\/wp-json\/wp\/v2\/posts\/2336\/revisions"}],"wp:attachment":[{"href":"https:\/\/blog.causeur.fr\/asiledeblog\/wp-json\/wp\/v2\/media?parent=2336"}],"wp:term":[{"taxonomy":"category","embeddable":true,"href":"https:\/\/blog.causeur.fr\/asiledeblog\/wp-json\/wp\/v2\/categories?post=2336"},{"taxonomy":"post_tag","embeddable":true,"href":"https:\/\/blog.causeur.fr\/asiledeblog\/wp-json\/wp\/v2\/tags?post=2336"}],"curies":[{"name":"wp","href":"https:\/\/api.w.org\/{rel}","templated":true}]}}