{"id":2347,"date":"2017-03-27T09:41:03","date_gmt":"2017-03-27T09:41:03","guid":{"rendered":"http:\/\/blog.causeur.fr\/asiledeblog\/?p=2347"},"modified":"2021-04-26T12:57:01","modified_gmt":"2021-04-26T10:57:01","slug":"lobs-est-il-gateux","status":"publish","type":"post","link":"https:\/\/blog.causeur.fr\/asiledeblog\/lobs-est-il-gateux-2347","title":{"rendered":"L&rsquo;Obs est-il g\u00e2teux ?"},"content":{"rendered":"<p align=\"center\"><strong>\u00c0 la une cette semaine, carr\u00e9ment n\u2019importe quoi\u00a0! Nike met les voiles, <em>l\u2019Obs<\/em> bat la campagne et l\u2019Eglise est mise \u00e0 l\u2019index\u2026<!--more--><\/strong><\/p>\n<p style=\"text-align: left;\" align=\"center\">\u00a0<strong><span style=\"color: #ff0000;\">Facebook, Twitter<\/span> \u00ab\u00a0Obs\u00a0\u00bb comme obs\u00e9d\u00e9<\/strong><\/p>\n<figure id=\"attachment_2349\" aria-describedby=\"caption-attachment-2349\" style=\"width: 300px\" class=\"wp-caption alignright\"><a href=\"http:\/\/blog.causeur.fr\/asiledeblog\/lobs-est-il-gateux-002347.html\/va23obs-2\" rel=\"attachment wp-att-2349\"><img loading=\"lazy\" decoding=\"async\" class=\"size-medium wp-image-2349\" title=\"VA23Obs\" src=\"http:\/\/blog.causeur.fr\/asiledeblog\/files\/2017\/03\/VA23Obs1-300x182.jpg\" alt=\"\" width=\"300\" height=\"182\" srcset=\"https:\/\/blog.causeur.fr\/asiledeblog\/wp-content\/uploads\/sites\/10\/2017\/03\/VA23Obs1-300x182.jpg 300w, https:\/\/blog.causeur.fr\/asiledeblog\/wp-content\/uploads\/sites\/10\/2017\/03\/VA23Obs1-493x300.jpg 493w, https:\/\/blog.causeur.fr\/asiledeblog\/wp-content\/uploads\/sites\/10\/2017\/03\/VA23Obs1.jpg 765w\" sizes=\"auto, (max-width: 300px) 100vw, 300px\" \/><\/a><figcaption id=\"caption-attachment-2349\" class=\"wp-caption-text\">Une couverture pour deux...<\/figcaption><\/figure>\n<p>Contrairement \u00e0 ce que certains croient, <em>l\u2019Obs<\/em> ne consacre pas toutes ses unes \u00e0 faire la campagne d\u2019Emmanuel Macron. Il lui arrive aussi d\u2019\u00e9voquer d\u2019autres candidats, plut\u00f4t en mal \u00e0 vrai dire \u2013 surtout quand ils ne sont pas de gauche. T\u00e9moin sa couverture de la semaine pass\u00e9e, qui s\u2019interrogeait gravement sur Fran\u00e7ois Fillon\u00a0: \u00ab\u00a0<em>Cet homme est-il dangereux\u00a0?<\/em>\u00a0\u00bb Une question si pertinente que l\u2019hebdo l\u2019avait d\u00e9j\u00e0 pos\u00e9e, exactement dans les m\u00eames termes, il y a sept ans \u00e0 propos de Nicolas Sarkozy \u2013 ce que n\u2019ont pas manqu\u00e9 de relever nombre d\u2019internautes. Bien entendu, hier comme aujourd\u2019hui, la r\u00e9ponse est oui. Et dans les deux cas, pour qu\u2019on sente mieux le danger, pas de photo couleur pour les suspects\u00a0: la politique vue de <em>l\u2019Obs<\/em>, c\u2019est tout noir ou tout blanc.<\/p>\n<p style=\"text-align: left;\" align=\"center\"><strong><span style=\"color: #ff0000;\">Facebook<\/span> Voile de comp\u00e9tition<\/strong><\/p>\n<figure id=\"attachment_2350\" aria-describedby=\"caption-attachment-2350\" style=\"width: 300px\" class=\"wp-caption alignleft\"><a href=\"http:\/\/blog.causeur.fr\/asiledeblog\/lobs-est-il-gateux-002347.html\/va23nike\" rel=\"attachment wp-att-2350\"><img loading=\"lazy\" decoding=\"async\" class=\"size-medium wp-image-2350\" title=\"VA23Nike\" src=\"http:\/\/blog.causeur.fr\/asiledeblog\/files\/2017\/03\/VA23Nike-300x273.jpg\" alt=\"\" width=\"300\" height=\"273\" srcset=\"https:\/\/blog.causeur.fr\/asiledeblog\/wp-content\/uploads\/sites\/10\/2017\/03\/VA23Nike-300x273.jpg 300w, https:\/\/blog.causeur.fr\/asiledeblog\/wp-content\/uploads\/sites\/10\/2017\/03\/VA23Nike-329x300.jpg 329w, https:\/\/blog.causeur.fr\/asiledeblog\/wp-content\/uploads\/sites\/10\/2017\/03\/VA23Nike.jpg 709w\" sizes=\"auto, (max-width: 300px) 100vw, 300px\" \/><\/a><figcaption id=\"caption-attachment-2350\" class=\"wp-caption-text\">Les la\u00efcs ne likent pas Nike.<\/figcaption><\/figure>\n<p>R\u00e9cemment, je vous parlais de Nike et de son clip de pub laborieusement antiraciste. Aujourd\u2019hui, la marque d\u00e9fraye \u00e0 nouveau la chronique avec l\u2019annonce du lancement prochain d\u2019un hijab pour \u00ab\u00a0<em>sportives musulmanes\u00a0<\/em>\u00bb.\u00a0 Simple offensive commerciale en direction des march\u00e9s proche-orientaux\u00a0? Peut-\u00eatre pas\u2026 Selon le site am\u00e9ricain Quartz, qui a r\u00e9v\u00e9l\u00e9 l\u2019affaire, \u00ab\u00a0<em>Nike souhaite aussi r\u00e9affirmer ses valeurs anti-discrimination depuis l\u2019\u00e9lection du pr\u00e9sident Trump<\/em>\u00a0\u00bb.<br \/>\nDu refus de la discrimination au communautarisme, il n\u2019y a parfois qu\u2019un pas\u2026 Un peu partout en Occident, les blogueurs islamistes ont applaudi \u00e0 la cr\u00e9ation de ce nouvel accessoire de sport \u00ab\u00a0pudique\u00a0\u00bb, comme ils disent pudiquement.<br \/>\nAilleurs sur le Net en revanche, cette innovation est abondamment moqu\u00e9e. \u00c0 peine le projet r\u00e9v\u00e9l\u00e9, on a vu appara\u00eetre de fausses pubs comme celle ci-contre, avec le slogan \u00ab Just do it \u00bb suivi de la mention en petit caract\u00e8res \u00ab\u00a0si ton mari te laisse faire\u00a0\u00bb. Esp\u00e9rons quand m\u00eame pour Nike que cette parodie bien sentie ne portera pas pr\u00e9judice aux vraies \u00ab\u00a0valeurs\u00a0\u00bb de la marque\u00a0: celles qui sont cot\u00e9es en Bourse.<\/p>\n<p style=\"text-align: left;\" align=\"center\"><strong><em><span style=\"text-align: left;\">Twitter<\/span> Cathos\u00a0: d\u00e9fense de s\u2019afficher\u00a0?<\/em><\/strong><\/p>\n<figure id=\"attachment_2351\" aria-describedby=\"caption-attachment-2351\" style=\"width: 225px\" class=\"wp-caption alignleft\"><a href=\"http:\/\/blog.causeur.fr\/asiledeblog\/lobs-est-il-gateux-002347.html\/va23denierverticale\" rel=\"attachment wp-att-2351\"><img loading=\"lazy\" decoding=\"async\" class=\"size-medium wp-image-2351\" title=\"VA23DENIERVerticale\" src=\"http:\/\/blog.causeur.fr\/asiledeblog\/files\/2017\/03\/VA23DENIERVerticale-225x300.jpg\" alt=\"\" width=\"225\" height=\"300\" srcset=\"https:\/\/blog.causeur.fr\/asiledeblog\/wp-content\/uploads\/sites\/10\/2017\/03\/VA23DENIERVerticale-225x300.jpg 225w, https:\/\/blog.causeur.fr\/asiledeblog\/wp-content\/uploads\/sites\/10\/2017\/03\/VA23DENIERVerticale.jpg 444w\" sizes=\"auto, (max-width: 225px) 100vw, 225px\" \/><\/a><figcaption id=\"caption-attachment-2351\" class=\"wp-caption-text\">\u00ab Votez J\u00e9sus \u00bb : une campagne qui a choqu\u00e9 les marchands du Temple\u2026<\/figcaption><\/figure>\n<p>Chaque ann\u00e9e le dioc\u00e8se de Gap et d\u2019Embrun fait, comme beaucoup d\u2019autres, la promotion du denier de l\u2019Eglise sur les autobus et les panneaux publicitaires. Ce coup-ci pourtant, \u00e7a risque d\u2019\u00eatre plus compliqu\u00e9\u00a0: l\u2019Autorit\u00e9 de r\u00e9gulation professionnelle de la publicit\u00e9 (ARPP) a formellement d\u00e9conseill\u00e9 \u00e0 l\u2019afficheur Clear Channel d\u2019accepter la campagne du dioc\u00e8se. Motifs invoqu\u00e9s\u00a0: <em>primo<\/em>, l\u2019utilisation du drapeau fran\u00e7ais dans une communication religieuse risquerait de \u00ab\u00a0<em>choquer<\/em>\u00a0\u00bb, et <em>secundo<\/em>, le dioc\u00e8se n\u2019a pas demand\u00e9 l\u2019autorisation des ayants droit de \u2026 Don Camillo.<br \/>\nBref, n\u2019importe quoi \u2013 et pour cause\u00a0: comme l\u2019explique Jean-Michel Di Falco, \u00e9v\u00eaque des lieux, la vraie raison de cette interdiction, c\u2019est que selon l\u2019ARPP, l\u2019affiche en question est de nature \u00e0 \u00ab\u00a0<em>tourner en d\u00e9rision les politiques\u00a0<\/em>\u00bb. Pour un peu, on accuserait l\u2019Eglise de blasph\u00e9mer contre la R\u00e9publique\u2026<\/p>\n<p>[Article publi\u00e9 dans <em>Valeurs Actuelles<\/em>]<\/p>\n<p><span style=\"border-radius: 2px; text-indent: 20px; width: auto; padding: 0px 4px 0px 0px; text-align: center; font: bold 11px\/20px 'Helvetica Neue',Helvetica,sans-serif; color: #ffffff; background: #bd081c url('data:image\/svg+xml;base64,PHN2ZyB4bWxucz0iaHR0cDovL3d3dy53My5vcmcvMjAwMC9zdmciIGhlaWdodD0iMzBweCIgd2lkdGg9IjMwcHgiIHZpZXdCb3g9Ii0xIC0xIDMxIDMxIj48Zz48cGF0aCBkPSJNMjkuNDQ5LDE0LjY2MiBDMjkuNDQ5LDIyLjcyMiAyMi44NjgsMjkuMjU2IDE0Ljc1LDI5LjI1NiBDNi42MzIsMjkuMjU2IDAuMDUxLDIyLjcyMiAwLjA1MSwxNC42NjIgQzAuMDUxLDYuNjAxIDYuNjMyLDAuMDY3IDE0Ljc1LDAuMDY3IEMyMi44NjgsMC4wNjcgMjkuNDQ5LDYuNjAxIDI5LjQ0OSwxNC42NjIiIGZpbGw9IiNmZmYiIHN0cm9rZT0iI2ZmZiIgc3Ryb2tlLXdpZHRoPSIxIj48L3BhdGg+PHBhdGggZD0iTTE0LjczMywxLjY4NiBDNy41MTYsMS42ODYgMS42NjUsNy40OTUgMS42NjUsMTQuNjYyIEMxLjY2NSwyMC4xNTkgNS4xMDksMjQuODU0IDkuOTcsMjYuNzQ0IEM5Ljg1NiwyNS43MTggOS43NTMsMjQuMTQzIDEwLjAxNiwyMy4wMjIgQzEwLjI1MywyMi4wMSAxMS41NDgsMTYuNTcyIDExLjU0OCwxNi41NzIgQzExLjU0OCwxNi41NzIgMTEuMTU3LDE1Ljc5NSAxMS4xNTcsMTQuNjQ2IEMxMS4xNTcsMTIuODQyIDEyLjIxMSwxMS40OTUgMTMuNTIyLDExLjQ5NSBDMTQuNjM3LDExLjQ5NSAxNS4xNzUsMTIuMzI2IDE1LjE3NSwxMy4zMjMgQzE1LjE3NSwxNC40MzYgMTQuNDYyLDE2LjEgMTQuMDkzLDE3LjY0MyBDMTMuNzg1LDE4LjkzNSAxNC43NDUsMTkuOTg4IDE2LjAyOCwxOS45ODggQzE4LjM1MSwxOS45ODggMjAuMTM2LDE3LjU1NiAyMC4xMzYsMTQuMDQ2IEMyMC4xMzYsMTAuOTM5IDE3Ljg4OCw4Ljc2NyAxNC42NzgsOC43NjcgQzEwLjk1OSw4Ljc2NyA4Ljc3NywxMS41MzYgOC43NzcsMTQuMzk4IEM4Ljc3NywxNS41MTMgOS4yMSwxNi43MDkgOS43NDksMTcuMzU5IEM5Ljg1NiwxNy40ODggOS44NzIsMTcuNiA5Ljg0LDE3LjczMSBDOS43NDEsMTguMTQxIDkuNTIsMTkuMDIzIDkuNDc3LDE5LjIwMyBDOS40MiwxOS40NCA5LjI4OCwxOS40OTEgOS4wNCwxOS4zNzYgQzcuNDA4LDE4LjYyMiA2LjM4NywxNi4yNTIgNi4zODcsMTQuMzQ5IEM2LjM4NywxMC4yNTYgOS4zODMsNi40OTcgMTUuMDIyLDYuNDk3IEMxOS41NTUsNi40OTcgMjMuMDc4LDkuNzA1IDIzLjA3OCwxMy45OTEgQzIzLjA3OCwxOC40NjMgMjAuMjM5LDIyLjA2MiAxNi4yOTcsMjIuMDYyIEMxNC45NzMsMjIuMDYyIDEzLjcyOCwyMS4zNzkgMTMuMzAyLDIwLjU3MiBDMTMuMzAyLDIwLjU3MiAxMi42NDcsMjMuMDUgMTIuNDg4LDIzLjY1NyBDMTIuMTkzLDI0Ljc4NCAxMS4zOTYsMjYuMTk2IDEwLjg2MywyNy4wNTggQzEyLjA4NiwyNy40MzQgMTMuMzg2LDI3LjYzNyAxNC43MzMsMjcuNjM3IEMyMS45NSwyNy42MzcgMjcuODAxLDIxLjgyOCAyNy44MDEsMTQuNjYyIEMyNy44MDEsNy40OTUgMjEuOTUsMS42ODYgMTQuNzMzLDEuNjg2IiBmaWxsPSIjYmQwODFjIj48L3BhdGg+PC9nPjwvc3ZnPg==') no-repeat scroll 3px 50% \/ 14px 14px; position: absolute; opacity: 1; z-index: 8675309; display: none; cursor: pointer; top: 1801px; left: 40px;\">Enregistrer<\/span><\/p>\n<p><span style=\"border-radius: 2px; text-indent: 20px; width: auto; padding: 0px 4px 0px 0px; text-align: center; font: bold 11px\/20px 'Helvetica Neue',Helvetica,sans-serif; color: #ffffff; background: #bd081c url('data:image\/svg+xml;base64,PHN2ZyB4bWxucz0iaHR0cDovL3d3dy53My5vcmcvMjAwMC9zdmciIGhlaWdodD0iMzBweCIgd2lkdGg9IjMwcHgiIHZpZXdCb3g9Ii0xIC0xIDMxIDMxIj48Zz48cGF0aCBkPSJNMjkuNDQ5LDE0LjY2MiBDMjkuNDQ5LDIyLjcyMiAyMi44NjgsMjkuMjU2IDE0Ljc1LDI5LjI1NiBDNi42MzIsMjkuMjU2IDAuMDUxLDIyLjcyMiAwLjA1MSwxNC42NjIgQzAuMDUxLDYuNjAxIDYuNjMyLDAuMDY3IDE0Ljc1LDAuMDY3IEMyMi44NjgsMC4wNjcgMjkuNDQ5LDYuNjAxIDI5LjQ0OSwxNC42NjIiIGZpbGw9IiNmZmYiIHN0cm9rZT0iI2ZmZiIgc3Ryb2tlLXdpZHRoPSIxIj48L3BhdGg+PHBhdGggZD0iTTE0LjczMywxLjY4NiBDNy41MTYsMS42ODYgMS42NjUsNy40OTUgMS42NjUsMTQuNjYyIEMxLjY2NSwyMC4xNTkgNS4xMDksMjQuODU0IDkuOTcsMjYuNzQ0IEM5Ljg1NiwyNS43MTggOS43NTMsMjQuMTQzIDEwLjAxNiwyMy4wMjIgQzEwLjI1MywyMi4wMSAxMS41NDgsMTYuNTcyIDExLjU0OCwxNi41NzIgQzExLjU0OCwxNi41NzIgMTEuMTU3LDE1Ljc5NSAxMS4xNTcsMTQuNjQ2IEMxMS4xNTcsMTIuODQyIDEyLjIxMSwxMS40OTUgMTMuNTIyLDExLjQ5NSBDMTQuNjM3LDExLjQ5NSAxNS4xNzUsMTIuMzI2IDE1LjE3NSwxMy4zMjMgQzE1LjE3NSwxNC40MzYgMTQuNDYyLDE2LjEgMTQuMDkzLDE3LjY0MyBDMTMuNzg1LDE4LjkzNSAxNC43NDUsMTkuOTg4IDE2LjAyOCwxOS45ODggQzE4LjM1MSwxOS45ODggMjAuMTM2LDE3LjU1NiAyMC4xMzYsMTQuMDQ2IEMyMC4xMzYsMTAuOTM5IDE3Ljg4OCw4Ljc2NyAxNC42NzgsOC43NjcgQzEwLjk1OSw4Ljc2NyA4Ljc3NywxMS41MzYgOC43NzcsMTQuMzk4IEM4Ljc3NywxNS41MTMgOS4yMSwxNi43MDkgOS43NDksMTcuMzU5IEM5Ljg1NiwxNy40ODggOS44NzIsMTcuNiA5Ljg0LDE3LjczMSBDOS43NDEsMTguMTQxIDkuNTIsMTkuMDIzIDkuNDc3LDE5LjIwMyBDOS40MiwxOS40NCA5LjI4OCwxOS40OTEgOS4wNCwxOS4zNzYgQzcuNDA4LDE4LjYyMiA2LjM4NywxNi4yNTIgNi4zODcsMTQuMzQ5IEM2LjM4NywxMC4yNTYgOS4zODMsNi40OTcgMTUuMDIyLDYuNDk3IEMxOS41NTUsNi40OTcgMjMuMDc4LDkuNzA1IDIzLjA3OCwxMy45OTEgQzIzLjA3OCwxOC40NjMgMjAuMjM5LDIyLjA2MiAxNi4yOTcsMjIuMDYyIEMxNC45NzMsMjIuMDYyIDEzLjcyOCwyMS4zNzkgMTMuMzAyLDIwLjU3MiBDMTMuMzAyLDIwLjU3MiAxMi42NDcsMjMuMDUgMTIuNDg4LDIzLjY1NyBDMTIuMTkzLDI0Ljc4NCAxMS4zOTYsMjYuMTk2IDEwLjg2MywyNy4wNTggQzEyLjA4NiwyNy40MzQgMTMuMzg2LDI3LjYzNyAxNC43MzMsMjcuNjM3IEMyMS45NSwyNy42MzcgMjcuODAxLDIxLjgyOCAyNy44MDEsMTQuNjYyIEMyNy44MDEsNy40OTUgMjEuOTUsMS42ODYgMTQuNzMzLDEuNjg2IiBmaWxsPSIjYmQwODFjIj48L3BhdGg+PC9nPjwvc3ZnPg==') no-repeat scroll 3px 50% \/ 14px 14px; position: absolute; opacity: 1; z-index: 8675309; display: none; cursor: pointer;\">Enregistrer<\/span><\/p>\n","protected":false},"excerpt":{"rendered":"<p>\u00c0 la une cette semaine, carr\u00e9ment n\u2019importe quoi\u00a0! Nike met les voiles, l\u2019Obs bat la campagne et l\u2019Eglise est mise \u00e0 l\u2019index\u2026<\/p>\n","protected":false},"author":9,"featured_media":0,"comment_status":"open","ping_status":"closed","sticky":false,"template":"","format":"standard","meta":{"footnotes":""},"categories":[1],"tags":[749,753,754,746,752],"class_list":{"0":"post-2347","1":"post","2":"type-post","3":"status-publish","4":"format-standard","6":"category-non-classe","7":"tag-francois-fillon","8":"tag-hijab","9":"tag-jean-michel-di-falco","10":"tag-lobs","11":"tag-nike"},"_links":{"self":[{"href":"https:\/\/blog.causeur.fr\/asiledeblog\/wp-json\/wp\/v2\/posts\/2347","targetHints":{"allow":["GET"]}}],"collection":[{"href":"https:\/\/blog.causeur.fr\/asiledeblog\/wp-json\/wp\/v2\/posts"}],"about":[{"href":"https:\/\/blog.causeur.fr\/asiledeblog\/wp-json\/wp\/v2\/types\/post"}],"author":[{"embeddable":true,"href":"https:\/\/blog.causeur.fr\/asiledeblog\/wp-json\/wp\/v2\/users\/9"}],"replies":[{"embeddable":true,"href":"https:\/\/blog.causeur.fr\/asiledeblog\/wp-json\/wp\/v2\/comments?post=2347"}],"version-history":[{"count":0,"href":"https:\/\/blog.causeur.fr\/asiledeblog\/wp-json\/wp\/v2\/posts\/2347\/revisions"}],"wp:attachment":[{"href":"https:\/\/blog.causeur.fr\/asiledeblog\/wp-json\/wp\/v2\/media?parent=2347"}],"wp:term":[{"taxonomy":"category","embeddable":true,"href":"https:\/\/blog.causeur.fr\/asiledeblog\/wp-json\/wp\/v2\/categories?post=2347"},{"taxonomy":"post_tag","embeddable":true,"href":"https:\/\/blog.causeur.fr\/asiledeblog\/wp-json\/wp\/v2\/tags?post=2347"}],"curies":[{"name":"wp","href":"https:\/\/api.w.org\/{rel}","templated":true}]}}