{"id":2369,"date":"2017-05-29T08:22:36","date_gmt":"2017-05-29T08:22:36","guid":{"rendered":"http:\/\/blog.causeur.fr\/asiledeblog\/?p=2369"},"modified":"2021-04-26T12:57:01","modified_gmt":"2021-04-26T10:57:01","slug":"des-macron-partout","status":"publish","type":"post","link":"https:\/\/blog.causeur.fr\/asiledeblog\/des-macron-partout-2369","title":{"rendered":"Des Macron partout !"},"content":{"rendered":"<p><strong style=\"mso-bidi-font-weight: normal;\">L&rsquo;avez-vous remarqu\u00e9 ? Ces temps-ci, que l\u2019on parle d\u2019un ancien Premier ministre, du pr\u00e9sident des Etats-Unis ou du Christ en personne, cette semaine, tous les chemins m\u00e8nent \u00e0 Macron.<!--more--><\/strong><\/p>\n<p><strong style=\"mso-bidi-font-weight: normal;\"><span style=\"color: #ff0000;\">LaVie.fr<\/span> En marche sur l\u2019eau<\/strong><\/p>\n<figure id=\"attachment_2370\" aria-describedby=\"caption-attachment-2370\" style=\"width: 219px\" class=\"wp-caption alignleft\"><a href=\"http:\/\/blog.causeur.fr\/asiledeblog\/des-macron-partout-002369.html\/va32lavie\" rel=\"attachment wp-att-2370\"><img loading=\"lazy\" decoding=\"async\" class=\"size-medium wp-image-2370\" title=\"VA32LaVie\" src=\"http:\/\/blog.causeur.fr\/asiledeblog\/files\/2017\/05\/VA32LaVie-219x300.jpg\" alt=\"\" width=\"219\" height=\"300\" srcset=\"https:\/\/blog.causeur.fr\/asiledeblog\/wp-content\/uploads\/sites\/10\/2017\/05\/VA32LaVie-219x300.jpg 219w, https:\/\/blog.causeur.fr\/asiledeblog\/wp-content\/uploads\/sites\/10\/2017\/05\/VA32LaVie.jpg 749w\" sizes=\"auto, (max-width: 219px) 100vw, 219px\" \/><\/a><figcaption id=\"caption-attachment-2370\" class=\"wp-caption-text\">Macron, ou la parabole de l\u2019enfant-prodige.<\/figcaption><\/figure>\n<p>Blasph\u00e8me, ou simple offense au chef de l\u2019\u00c9tat\u00a0? Ni l\u2019un ni l\u2019autre, puisque <em style=\"mso-bidi-font-style: normal;\">La Vie<\/em>, hebdomadaire par ailleurs catholique, a soutenu le candidat Macron. J\u2019y vois plut\u00f4t la patte de son directeur Jean-Pierre Denis, connu pour son humour et son go\u00fbt de la provocation. Sur les r\u00e9seaux sociaux, o\u00f9 il est tr\u00e8s actif, son Macron en Christ-roi a d\u00e9fray\u00e9 la chronique.<br \/>\nPolitiquement parlant, cette une est d\u2019un \u0153cum\u00e9nisme exemplaire. Les partisans du nouveau pr\u00e9sident y verront un hommage rendu \u00e0 leur champion\u00a0; pour eux, cette \u00e9lection est une divine surprise. Quant \u00e0 ses d\u00e9tracteurs, ils y trouveront la confirmation de leur pronostic\u00a0: pour que Macron gagne tous ses paris, il faudrait un miracle.<\/p>\n<p>&nbsp;<\/p>\n<p><strong><span style=\"color: #ff0000;\">Facebook<\/span> L\u2019homme le moins recherch\u00e9 de France<\/strong><\/p>\n<figure id=\"attachment_2371\" aria-describedby=\"caption-attachment-2371\" style=\"width: 300px\" class=\"wp-caption alignright\"><a href=\"http:\/\/blog.causeur.fr\/asiledeblog\/des-macron-partout-002369.html\/va32manuchao\" rel=\"attachment wp-att-2371\"><img loading=\"lazy\" decoding=\"async\" class=\"size-medium wp-image-2371\" title=\"VA32ManuChao\" src=\"http:\/\/blog.causeur.fr\/asiledeblog\/files\/2017\/05\/VA32ManuChao-300x179.jpg\" alt=\"\" width=\"300\" height=\"179\" srcset=\"https:\/\/blog.causeur.fr\/asiledeblog\/wp-content\/uploads\/sites\/10\/2017\/05\/VA32ManuChao-300x179.jpg 300w, https:\/\/blog.causeur.fr\/asiledeblog\/wp-content\/uploads\/sites\/10\/2017\/05\/VA32ManuChao-1024x612.jpg 1024w, https:\/\/blog.causeur.fr\/asiledeblog\/wp-content\/uploads\/sites\/10\/2017\/05\/VA32ManuChao-500x300.jpg 500w, https:\/\/blog.causeur.fr\/asiledeblog\/wp-content\/uploads\/sites\/10\/2017\/05\/VA32ManuChao.jpeg 1170w\" sizes=\"auto, (max-width: 300px) 100vw, 300px\" \/><\/a><figcaption id=\"caption-attachment-2371\" class=\"wp-caption-text\">C\u2019est un chanteur abandonn\u00e9\u2026<\/figcaption><\/figure>\n<p>Ces derniers temps, Manuel Valls avait disparu des r\u00e9seaux sociaux, pour des raisons ind\u00e9pendantes de la sa volont\u00e9. Il y a fait un retour en fanfare dont il se serait, \u00e0 nouveau, bien pass\u00e9. Les dirigeants d\u2019En marche! \u2013 que notre fier hidalgo suppliait de lui accorder leur investiture \u2013 l\u2019ont soumis \u00e0 un bizutage en r\u00e8gle, avant de finalement condescendre \u00e0 ne point lui opposer de candidat dans sa circonscription d\u2019\u00c9vry. \u00c7a ne vaut pas une investiture en bonne et due forme, mais c\u2019est toujours mieux que le ch\u00f4mage.<br \/>\nPendant deux ou trois jours, on a vu les internautes ironiser sur les malheurs de celui qui \u00e9tait pass\u00e9 en quelques mois du statut de premier ministre \u00e0 celui de SDF politique. Les uns lui ont attribu\u00e9 de faux tweets, du genre\u00a0: \u00ab\u00a0<em style=\"mso-bidi-font-style: normal;\">Cher Jean-Luc M\u00e9lenchon, pourriez-vous m\u2019accorder l\u2019investiture\u00a0de <\/em>La France Insoumise<em style=\"mso-bidi-font-style: normal;\"> ? Sans moi, il n\u2019y aurait pas eu les manifs contre la loi Travail<\/em>. \u00bb D\u2019autres, comme celui ci-contre, ont cru pouvoir dire d\u00e9finitivement tchao \u00e0 Manu. Mais en politique c\u2019est bien connu, on n\u2019est jamais mort. Comme disait un autre chanteur populaire. <em style=\"mso-bidi-font-style: normal;\">\u00c7a s\u2019en va et \u00e7a revient\u2026<\/em> (Attention je n\u2019ai pas dit<em style=\"mso-bidi-font-style: normal;\"> \u00ab\u00a0C\u2019est fait de tout petits riens\u00a0\u00bb<\/em>\u00a0!)<\/p>\n<p><span style=\"color: #ff0000;\"><strong style=\"mso-bidi-font-weight: normal;\">Twitter <span style=\"color: #000000;\">Yes we can speak french<\/span><\/strong><\/span><\/p>\n<figure id=\"attachment_2372\" aria-describedby=\"caption-attachment-2372\" style=\"width: 297px\" class=\"wp-caption alignleft\"><a href=\"http:\/\/blog.causeur.fr\/asiledeblog\/des-macron-partout-002369.html\/va32macrontrump\" rel=\"attachment wp-att-2372\"><img loading=\"lazy\" decoding=\"async\" class=\"size-medium wp-image-2372\" title=\"VA32MacronTrump\" src=\"http:\/\/blog.causeur.fr\/asiledeblog\/files\/2017\/05\/VA32MacronTrump-297x300.jpg\" alt=\"\" width=\"297\" height=\"300\" srcset=\"https:\/\/blog.causeur.fr\/asiledeblog\/wp-content\/uploads\/sites\/10\/2017\/05\/VA32MacronTrump-297x300.jpg 297w, https:\/\/blog.causeur.fr\/asiledeblog\/wp-content\/uploads\/sites\/10\/2017\/05\/VA32MacronTrump.jpg 514w\" sizes=\"auto, (max-width: 297px) 100vw, 297px\" \/><\/a><figcaption id=\"caption-attachment-2372\" class=\"wp-caption-text\">Parler anglais, c\u2019est bien. Reste \u00e0 savoir si Macron saura \u00e9couter les Fran\u00e7ais.<\/figcaption><\/figure>\n<p>Comme si Donald Trump n\u2019avait pas assez de soucis en ce moment, ses d\u00e9tracteurs ont profit\u00e9 de l\u2019\u00e9lection fran\u00e7aise pour en rajouter une couche. Je vous fais gr\u00e2ce des envol\u00e9es lyriques des Attali locaux, glorifiant le triomphe de la raison progressiste sur l\u2019hydre populiste. Mais j\u2019ai bien ri avec cette petite pique m\u00e9chante de l\u2019humoriste canadienne Deven Green\u00a0: \u00ab\u00a0<em style=\"mso-bidi-font-style: normal;\">C\u2019est la premi\u00e8re fois dans l\u2019Histoire qu\u2019un pr\u00e9sident fran\u00e7ais parlera mieux anglais que le pr\u00e9sident des Etats-Unis<\/em>\u00a0\u00bb.<br \/>\nDe fait, personne n\u2019ira reprocher au nouveau pr\u00e9sident de mieux ma\u00eetriser l\u2019anglais que ses pr\u00e9d\u00e9cesseurs.<span style=\"mso-spacerun: yes;\">\u00a0 <\/span>On pourra n\u00e9anmoins souhaiter qu\u2019il en use avec plus de parcimonie quand il est cens\u00e9 s\u2019exprimer en fran\u00e7ais. Mais pour le \u00ab\u00a0Kid\u00a0\u00bb, comme l\u2019a surnomm\u00e9 <em style=\"mso-bidi-font-style: normal;\">L\u2019Express<\/em>, bannir de son vocabulaire les <em style=\"mso-bidi-font-style: normal;\">helpers<\/em>, la <em style=\"mso-bidi-font-style: normal;\">team ambiance<\/em> et surtout l\u2019indispensable <em style=\"mso-bidi-font-style: normal;\">benchmarking<\/em>, en voil\u00e0 un <em style=\"mso-bidi-font-style: normal;\">challenge<\/em>\u00a0!<\/p>\n<p>&nbsp;<\/p>\n<p>[Article publi\u00e9 dans Valeurs Actuelles]<\/p>\n<p>&nbsp;<\/p>\n<p><span style=\"border-radius: 2px; text-indent: 20px; width: auto; padding: 0px 4px 0px 0px; text-align: center; font: bold 11px\/20px 'Helvetica Neue',Helvetica,sans-serif; color: #ffffff; background: #bd081c url('data:image\/svg+xml;base64,PHN2ZyB4bWxucz0iaHR0cDovL3d3dy53My5vcmcvMjAwMC9zdmciIGhlaWdodD0iMzBweCIgd2lkdGg9IjMwcHgiIHZpZXdCb3g9Ii0xIC0xIDMxIDMxIj48Zz48cGF0aCBkPSJNMjkuNDQ5LDE0LjY2MiBDMjkuNDQ5LDIyLjcyMiAyMi44NjgsMjkuMjU2IDE0Ljc1LDI5LjI1NiBDNi42MzIsMjkuMjU2IDAuMDUxLDIyLjcyMiAwLjA1MSwxNC42NjIgQzAuMDUxLDYuNjAxIDYuNjMyLDAuMDY3IDE0Ljc1LDAuMDY3IEMyMi44NjgsMC4wNjcgMjkuNDQ5LDYuNjAxIDI5LjQ0OSwxNC42NjIiIGZpbGw9IiNmZmYiIHN0cm9rZT0iI2ZmZiIgc3Ryb2tlLXdpZHRoPSIxIj48L3BhdGg+PHBhdGggZD0iTTE0LjczMywxLjY4NiBDNy41MTYsMS42ODYgMS42NjUsNy40OTUgMS42NjUsMTQuNjYyIEMxLjY2NSwyMC4xNTkgNS4xMDksMjQuODU0IDkuOTcsMjYuNzQ0IEM5Ljg1NiwyNS43MTggOS43NTMsMjQuMTQzIDEwLjAxNiwyMy4wMjIgQzEwLjI1MywyMi4wMSAxMS41NDgsMTYuNTcyIDExLjU0OCwxNi41NzIgQzExLjU0OCwxNi41NzIgMTEuMTU3LDE1Ljc5NSAxMS4xNTcsMTQuNjQ2IEMxMS4xNTcsMTIuODQyIDEyLjIxMSwxMS40OTUgMTMuNTIyLDExLjQ5NSBDMTQuNjM3LDExLjQ5NSAxNS4xNzUsMTIuMzI2IDE1LjE3NSwxMy4zMjMgQzE1LjE3NSwxNC40MzYgMTQuNDYyLDE2LjEgMTQuMDkzLDE3LjY0MyBDMTMuNzg1LDE4LjkzNSAxNC43NDUsMTkuOTg4IDE2LjAyOCwxOS45ODggQzE4LjM1MSwxOS45ODggMjAuMTM2LDE3LjU1NiAyMC4xMzYsMTQuMDQ2IEMyMC4xMzYsMTAuOTM5IDE3Ljg4OCw4Ljc2NyAxNC42NzgsOC43NjcgQzEwLjk1OSw4Ljc2NyA4Ljc3NywxMS41MzYgOC43NzcsMTQuMzk4IEM4Ljc3NywxNS41MTMgOS4yMSwxNi43MDkgOS43NDksMTcuMzU5IEM5Ljg1NiwxNy40ODggOS44NzIsMTcuNiA5Ljg0LDE3LjczMSBDOS43NDEsMTguMTQxIDkuNTIsMTkuMDIzIDkuNDc3LDE5LjIwMyBDOS40MiwxOS40NCA5LjI4OCwxOS40OTEgOS4wNCwxOS4zNzYgQzcuNDA4LDE4LjYyMiA2LjM4NywxNi4yNTIgNi4zODcsMTQuMzQ5IEM2LjM4NywxMC4yNTYgOS4zODMsNi40OTcgMTUuMDIyLDYuNDk3IEMxOS41NTUsNi40OTcgMjMuMDc4LDkuNzA1IDIzLjA3OCwxMy45OTEgQzIzLjA3OCwxOC40NjMgMjAuMjM5LDIyLjA2MiAxNi4yOTcsMjIuMDYyIEMxNC45NzMsMjIuMDYyIDEzLjcyOCwyMS4zNzkgMTMuMzAyLDIwLjU3MiBDMTMuMzAyLDIwLjU3MiAxMi42NDcsMjMuMDUgMTIuNDg4LDIzLjY1NyBDMTIuMTkzLDI0Ljc4NCAxMS4zOTYsMjYuMTk2IDEwLjg2MywyNy4wNTggQzEyLjA4NiwyNy40MzQgMTMuMzg2LDI3LjYzNyAxNC43MzMsMjcuNjM3IEMyMS45NSwyNy42MzcgMjcuODAxLDIxLjgyOCAyNy44MDEsMTQuNjYyIEMyNy44MDEsNy40OTUgMjEuOTUsMS42ODYgMTQuNzMzLDEuNjg2IiBmaWxsPSIjYmQwODFjIj48L3BhdGg+PC9nPjwvc3ZnPg==') no-repeat scroll 3px 50% \/ 14px 14px; position: absolute; opacity: 1; z-index: 8675309; display: none; cursor: pointer; top: 757px; left: 272px;\">Enregistrer<\/span><\/p>\n<p><span style=\"border-radius: 2px; text-indent: 20px; width: auto; padding: 0px 4px 0px 0px; text-align: center; font: bold 11px\/20px 'Helvetica Neue',Helvetica,sans-serif; color: #ffffff; background: #bd081c url('data:image\/svg+xml;base64,PHN2ZyB4bWxucz0iaHR0cDovL3d3dy53My5vcmcvMjAwMC9zdmciIGhlaWdodD0iMzBweCIgd2lkdGg9IjMwcHgiIHZpZXdCb3g9Ii0xIC0xIDMxIDMxIj48Zz48cGF0aCBkPSJNMjkuNDQ5LDE0LjY2MiBDMjkuNDQ5LDIyLjcyMiAyMi44NjgsMjkuMjU2IDE0Ljc1LDI5LjI1NiBDNi42MzIsMjkuMjU2IDAuMDUxLDIyLjcyMiAwLjA1MSwxNC42NjIgQzAuMDUxLDYuNjAxIDYuNjMyLDAuMDY3IDE0Ljc1LDAuMDY3IEMyMi44NjgsMC4wNjcgMjkuNDQ5LDYuNjAxIDI5LjQ0OSwxNC42NjIiIGZpbGw9IiNmZmYiIHN0cm9rZT0iI2ZmZiIgc3Ryb2tlLXdpZHRoPSIxIj48L3BhdGg+PHBhdGggZD0iTTE0LjczMywxLjY4NiBDNy41MTYsMS42ODYgMS42NjUsNy40OTUgMS42NjUsMTQuNjYyIEMxLjY2NSwyMC4xNTkgNS4xMDksMjQuODU0IDkuOTcsMjYuNzQ0IEM5Ljg1NiwyNS43MTggOS43NTMsMjQuMTQzIDEwLjAxNiwyMy4wMjIgQzEwLjI1MywyMi4wMSAxMS41NDgsMTYuNTcyIDExLjU0OCwxNi41NzIgQzExLjU0OCwxNi41NzIgMTEuMTU3LDE1Ljc5NSAxMS4xNTcsMTQuNjQ2IEMxMS4xNTcsMTIuODQyIDEyLjIxMSwxMS40OTUgMTMuNTIyLDExLjQ5NSBDMTQuNjM3LDExLjQ5NSAxNS4xNzUsMTIuMzI2IDE1LjE3NSwxMy4zMjMgQzE1LjE3NSwxNC40MzYgMTQuNDYyLDE2LjEgMTQuMDkzLDE3LjY0MyBDMTMuNzg1LDE4LjkzNSAxNC43NDUsMTkuOTg4IDE2LjAyOCwxOS45ODggQzE4LjM1MSwxOS45ODggMjAuMTM2LDE3LjU1NiAyMC4xMzYsMTQuMDQ2IEMyMC4xMzYsMTAuOTM5IDE3Ljg4OCw4Ljc2NyAxNC42NzgsOC43NjcgQzEwLjk1OSw4Ljc2NyA4Ljc3NywxMS41MzYgOC43NzcsMTQuMzk4IEM4Ljc3NywxNS41MTMgOS4yMSwxNi43MDkgOS43NDksMTcuMzU5IEM5Ljg1NiwxNy40ODggOS44NzIsMTcuNiA5Ljg0LDE3LjczMSBDOS43NDEsMTguMTQxIDkuNTIsMTkuMDIzIDkuNDc3LDE5LjIwMyBDOS40MiwxOS40NCA5LjI4OCwxOS40OTEgOS4wNCwxOS4zNzYgQzcuNDA4LDE4LjYyMiA2LjM4NywxNi4yNTIgNi4zODcsMTQuMzQ5IEM2LjM4NywxMC4yNTYgOS4zODMsNi40OTcgMTUuMDIyLDYuNDk3IEMxOS41NTUsNi40OTcgMjMuMDc4LDkuNzA1IDIzLjA3OCwxMy45OTEgQzIzLjA3OCwxOC40NjMgMjAuMjM5LDIyLjA2MiAxNi4yOTcsMjIuMDYyIEMxNC45NzMsMjIuMDYyIDEzLjcyOCwyMS4zNzkgMTMuMzAyLDIwLjU3MiBDMTMuMzAyLDIwLjU3MiAxMi42NDcsMjMuMDUgMTIuNDg4LDIzLjY1NyBDMTIuMTkzLDI0Ljc4NCAxMS4zOTYsMjYuMTk2IDEwLjg2MywyNy4wNTggQzEyLjA4NiwyNy40MzQgMTMuMzg2LDI3LjYzNyAxNC43MzMsMjcuNjM3IEMyMS45NSwyNy42MzcgMjcuODAxLDIxLjgyOCAyNy44MDEsMTQuNjYyIEMyNy44MDEsNy40OTUgMjEuOTUsMS42ODYgMTQuNzMzLDEuNjg2IiBmaWxsPSIjYmQwODFjIj48L3BhdGg+PC9nPjwvc3ZnPg==') no-repeat scroll 3px 50% \/ 14px 14px; position: absolute; opacity: 1; z-index: 8675309; display: none; cursor: pointer; top: 220px; left: 40px;\">Enregistrer<\/span><\/p>\n","protected":false},"excerpt":{"rendered":"<p>L&rsquo;avez-vous remarqu\u00e9 ? Ces temps-ci, que l\u2019on parle d\u2019un ancien Premier ministre, du pr\u00e9sident des Etats-Unis ou du Christ en personne, cette semaine, tous les chemins m\u00e8nent \u00e0 Macron.<\/p>\n","protected":false},"author":9,"featured_media":0,"comment_status":"open","ping_status":"closed","sticky":false,"template":"","format":"standard","meta":{"footnotes":""},"categories":[1],"tags":[745,760,503],"class_list":{"0":"post-2369","1":"post","2":"type-post","3":"status-publish","4":"format-standard","6":"category-non-classe","7":"tag-emmanuel-macron","8":"tag-jean-pierre-denis","9":"tag-manuel-valls"},"_links":{"self":[{"href":"https:\/\/blog.causeur.fr\/asiledeblog\/wp-json\/wp\/v2\/posts\/2369","targetHints":{"allow":["GET"]}}],"collection":[{"href":"https:\/\/blog.causeur.fr\/asiledeblog\/wp-json\/wp\/v2\/posts"}],"about":[{"href":"https:\/\/blog.causeur.fr\/asiledeblog\/wp-json\/wp\/v2\/types\/post"}],"author":[{"embeddable":true,"href":"https:\/\/blog.causeur.fr\/asiledeblog\/wp-json\/wp\/v2\/users\/9"}],"replies":[{"embeddable":true,"href":"https:\/\/blog.causeur.fr\/asiledeblog\/wp-json\/wp\/v2\/comments?post=2369"}],"version-history":[{"count":0,"href":"https:\/\/blog.causeur.fr\/asiledeblog\/wp-json\/wp\/v2\/posts\/2369\/revisions"}],"wp:attachment":[{"href":"https:\/\/blog.causeur.fr\/asiledeblog\/wp-json\/wp\/v2\/media?parent=2369"}],"wp:term":[{"taxonomy":"category","embeddable":true,"href":"https:\/\/blog.causeur.fr\/asiledeblog\/wp-json\/wp\/v2\/categories?post=2369"},{"taxonomy":"post_tag","embeddable":true,"href":"https:\/\/blog.causeur.fr\/asiledeblog\/wp-json\/wp\/v2\/tags?post=2369"}],"curies":[{"name":"wp","href":"https:\/\/api.w.org\/{rel}","templated":true}]}}