{"id":2374,"date":"2017-06-08T08:13:42","date_gmt":"2017-06-08T08:13:42","guid":{"rendered":"http:\/\/blog.causeur.fr\/asiledeblog\/?p=2374"},"modified":"2021-04-26T12:57:01","modified_gmt":"2021-04-26T10:57:01","slug":"trois-super-heros","status":"publish","type":"post","link":"https:\/\/blog.causeur.fr\/asiledeblog\/trois-super-heros-2374","title":{"rendered":"Trois super-h\u00e9ros"},"content":{"rendered":"<p style=\"text-align: left;\" align=\"center\"><strong>\u00c0 la une, de gauche \u00e0 droite, M\u00e9lenchon l&rsquo;Insoumis, Macron l&rsquo;Invincible et Morrissey l&rsquo;Incorrect.<!--more--><em><\/em><\/strong><\/p>\n<p><strong><span style=\"color: #ff0000;\">Facebook<\/span> La R\u00e9publique en marches\u2026<\/strong><\/p>\n<figure id=\"attachment_2375\" aria-describedby=\"caption-attachment-2375\" style=\"width: 300px\" class=\"wp-caption alignleft\"><a href=\"http:\/\/blog.causeur.fr\/asiledeblog\/trois-super-heros-002374.html\/va34macron\" rel=\"attachment wp-att-2375\"><img loading=\"lazy\" decoding=\"async\" class=\"size-medium wp-image-2375\" title=\"Va34Macron\" src=\"http:\/\/blog.causeur.fr\/asiledeblog\/files\/2017\/06\/Va34Macron-300x219.jpg\" alt=\"\" width=\"300\" height=\"219\" srcset=\"https:\/\/blog.causeur.fr\/asiledeblog\/wp-content\/uploads\/sites\/10\/2017\/06\/Va34Macron-300x219.jpg 300w, https:\/\/blog.causeur.fr\/asiledeblog\/wp-content\/uploads\/sites\/10\/2017\/06\/Va34Macron-409x300.jpg 409w, https:\/\/blog.causeur.fr\/asiledeblog\/wp-content\/uploads\/sites\/10\/2017\/06\/Va34Macron.jpeg 914w\" sizes=\"auto, (max-width: 300px) 100vw, 300px\" \/><\/a><figcaption id=\"caption-attachment-2375\" class=\"wp-caption-text\">Prendre l&#39;ascenseur, c&#39;est tellement moins photog\u00e9nique !<\/figcaption><\/figure>\n<p>Pour prouver \u00e0 quel point il est jeune, dynamique et nouveau, le pr\u00e9sident a publi\u00e9 sur sa page Facebook une photo o\u00f9 on le voit gravir quatre \u00e0 quatre les marches d\u2019un escalier de l\u2019\u00c9lys\u00e9e \u2013 exactement comme Chaban \u00e0 Matignon il y a quarante-huit ans. \u00c0 l\u2019usage de ses lecteurs mal-comprenants, le pr\u00e9sident a assorti ce clich\u00e9 d\u2019un commentaire on ne peut plus explicite\u00a0: \u00ab\u00a0<em>Jour 10. Au pas de course\u00a0!\u00a0<\/em>\u00bb<br \/>\nComme de bien entendu, les internautes macronistes se sont p\u00e2m\u00e9s d\u2019enthousiasme devant tant d\u2019\u00e9nergie mise au service du pays. D\u2019autres ont plaint le malheureux huissier contraint de pr\u00e9c\u00e9der Emmanuel dans sa \u00ab\u00a0marche\u00a0\u00bb devenue course folle. Mais le commentaire qui a fait le plus de buzz sur les r\u00e9seaux sociaux (2500 \u00ab\u00a0likes\u00a0\u00bb en 24h) est celui d\u2019un certain\u00a0David Mrx (?) Tr\u00e8s au fait des pr\u00e9f\u00e9rences culinaires du chef de l\u2019\u00c9tat, \u00ab\u00a0<em>vues \u00e0 la t\u00e9l\u00e9\u00a0<\/em>\u00bb, cet internaute sugg\u00e8re une l\u00e9gende pour la photo\u00a0: \u00ab\u00a0<em>Quand il y a des cordon bleu \u00e0 la cantine\u2026 <\/em>\u00bb<\/p>\n<p><strong><span style=\"color: #ff0000;\">Facebook<\/span> Morrissey\u00a0: trop punk pour \u201cLes Inrocks\u201d !<\/strong><\/p>\n<p>Depuis que <em>Les Inrocks<\/em> existent, le groupe anglais des ann\u00e9es 1980 the Smiths et son chanteur Morrissey y ont toujours fait figure d\u2019ic\u00f4nes. D\u2019o\u00f9 ma surprise de voir, au lendemain de l\u2019attentat de Manchester, cette violente attaque contre lui sur le site du journal. Qu\u2019a donc dit de si grave l\u2019artiste mancunien pour que ses fans des <em>Inrocks<\/em> se pincent soudain le nez\u00a0?<\/p>\n<figure id=\"attachment_2378\" aria-describedby=\"caption-attachment-2378\" style=\"width: 300px\" class=\"wp-caption alignright\"><a href=\"http:\/\/blog.causeur.fr\/asiledeblog\/trois-super-heros-002374.html\/va34morissey-2\" rel=\"attachment wp-att-2378\"><img loading=\"lazy\" decoding=\"async\" class=\"size-medium wp-image-2378\" title=\"VA34Morissey\" src=\"http:\/\/blog.causeur.fr\/asiledeblog\/files\/2017\/06\/VA34Morissey1-300x269.jpg\" alt=\"\" width=\"300\" height=\"269\" srcset=\"https:\/\/blog.causeur.fr\/asiledeblog\/wp-content\/uploads\/sites\/10\/2017\/06\/VA34Morissey1-300x269.jpg 300w, https:\/\/blog.causeur.fr\/asiledeblog\/wp-content\/uploads\/sites\/10\/2017\/06\/VA34Morissey1-333x300.jpg 333w, https:\/\/blog.causeur.fr\/asiledeblog\/wp-content\/uploads\/sites\/10\/2017\/06\/VA34Morissey1.jpeg 681w\" sizes=\"auto, (max-width: 300px) 100vw, 300px\" \/><\/a><figcaption id=\"caption-attachment-2378\" class=\"wp-caption-text\">Quand il parle de terrorisme ou d&#39;immigration, Morrissey ne s&#39;en tient pas aux rock&#39;n&#39;roll platitudes.<\/figcaption><\/figure>\n<p>Eh bien, il faut dire qu\u2019il a mis le paquet. Dans une lettre ouverte sur sa page Facebook, le rockeur a reproch\u00e9 \u00e0 la reine Elizabeth d\u2019avoir maintenu la garden party pr\u00e9vue le lendemain \u00e0 Buckingham Palace. Sur sa lanc\u00e9e, il s\u2019en est pris aussi au premier ministre Theresa May et au maire de Londres Sadiq Khan, sans oublier une vol\u00e9e de bois vert pour le maire de Manchester\u00a0:\u00a0 \u00ab\u00a0<em>Andy Burnham affirme que l\u2019attaque a \u00e9t\u00e9 perp\u00e9tr\u00e9e par \u201cun extr\u00e9miste\u201d. Un extr\u00e9miste de quoi\u00a0? Un lapin extr\u00e9miste\u00a0? Aujourd\u2019hui en Grande-Bretagne, tout le monde semble p\u00e9trifi\u00e9 \u00e0 l\u2019id\u00e9e d\u2019exprimer en public tout ce que l\u2019on dit en priv\u00e9.\u00a0<\/em>\u00bb<br \/>\nRassure-toi, Morrissey\u00a0: ici, c\u2019est pareil. Comme leurs confr\u00e8res bien-pensants d\u2019outre-Manche, \u00ab\u00a0nos\u00a0\u00bb <em>Inrocks<\/em> \u00e0 nous n\u2019ont gu\u00e8re appr\u00e9ci\u00e9 ta saillie, pourtant fameuse, sur les \u00ab\u00a0<em>lapins extr\u00e9mistes\u00a0<\/em>\u00bb. C\u2019est comme \u00e7a, \u00e0 gauche\u00a0: tout artiste qui, apr\u00e8s un attentat, refuse d\u2019entonner le sempiternel \u00ab\u00a0<em>Vous n\u2019aurez pas ma haine\u00a0<\/em>\u00bb ne m\u00e9rite plus que la haine.<\/p>\n<figure id=\"attachment_2377\" aria-describedby=\"caption-attachment-2377\" style=\"width: 300px\" class=\"wp-caption alignleft\"><a href=\"http:\/\/blog.causeur.fr\/asiledeblog\/trois-super-heros-002374.html\/va34melenchonpaix\" rel=\"attachment wp-att-2377\"><img loading=\"lazy\" decoding=\"async\" class=\"size-medium wp-image-2377\" title=\"VA34melenchonPaix\" src=\"http:\/\/blog.causeur.fr\/asiledeblog\/files\/2017\/06\/VA34melenchonPaix-300x147.jpg\" alt=\"\" width=\"300\" height=\"147\" srcset=\"https:\/\/blog.causeur.fr\/asiledeblog\/wp-content\/uploads\/sites\/10\/2017\/06\/VA34melenchonPaix-300x147.jpg 300w, https:\/\/blog.causeur.fr\/asiledeblog\/wp-content\/uploads\/sites\/10\/2017\/06\/VA34melenchonPaix-500x245.jpg 500w, https:\/\/blog.causeur.fr\/asiledeblog\/wp-content\/uploads\/sites\/10\/2017\/06\/VA34melenchonPaix.jpeg 864w\" sizes=\"auto, (max-width: 300px) 100vw, 300px\" \/><\/a><figcaption id=\"caption-attachment-2377\" class=\"wp-caption-text\">L&#39;avantage des manifs \u201cen ligne\u201d, c&#39;est que la police ne peut pas contester le nombre de participants.<\/figcaption><\/figure>\n<p><span style=\"color: #ff0000;\"><strong>Twitter<\/strong><\/span> <strong>Les Insoumis marchent sur le r\u00e9seau<em><br \/>\n<\/em><\/strong>On savait Jean-Luc M\u00e9lenchon accro \u00e0 internet, mais pas \u00e0 ce point-l\u00e0. \u00c0 l\u2019occasion du sommet de l\u2019OTAN tenu \u00e0 Bruxelles jeudi dernier, il a appel\u00e9 ses militants et sympathisants \u00e0 manifester\u2026 sur les r\u00e9seaux sociaux\u00a0! En fait de d\u00e9fil\u00e9, \u00ab\u00a0<em>les gens\u00a0<\/em>\u00bb \u00e9taient invit\u00e9s \u00e0 poster des tweets du style \u00ab\u00a0<em>Nous voulons sortir de l\u2019OTAN<\/em>\u00a0\u00bb ou \u00ab\u00a0<em>Nous voulons renforcer l\u2019ONU\u00a0<\/em>\u00bb. Connaissant le caract\u00e8re volcanique de Jean-Luc, on esp\u00e8re que les Insoumis distraits qui auront tweet\u00e9 \u00ab\u00a0<em>Nous voulons sortir de L\u2019ONU<\/em>\u00a0\u00bb ou \u00ab\u00a0<em>Nous voulons renforcer l\u2019OTAN\u00a0<\/em>\u00bb n\u2019ont pas \u00e9t\u00e9 exclus sur-le-champ.<\/p>\n<p>[Article publi\u00e9 dans <em>Valeurs Actuelles<\/em>]<\/p>\n","protected":false},"excerpt":{"rendered":"<p>\u00c0 la une, de gauche \u00e0 droite, M\u00e9lenchon l&rsquo;Insoumis, Macron l&rsquo;Invincible et Morrissey l&rsquo;Incorrect.<\/p>\n","protected":false},"author":9,"featured_media":0,"comment_status":"open","ping_status":"closed","sticky":false,"template":"","format":"standard","meta":{"footnotes":""},"categories":[1],"tags":[745,148,761],"class_list":{"0":"post-2374","1":"post","2":"type-post","3":"status-publish","4":"format-standard","6":"category-non-classe","7":"tag-emmanuel-macron","8":"tag-jean-luc-melenchon","9":"tag-morrissey"},"_links":{"self":[{"href":"https:\/\/blog.causeur.fr\/asiledeblog\/wp-json\/wp\/v2\/posts\/2374","targetHints":{"allow":["GET"]}}],"collection":[{"href":"https:\/\/blog.causeur.fr\/asiledeblog\/wp-json\/wp\/v2\/posts"}],"about":[{"href":"https:\/\/blog.causeur.fr\/asiledeblog\/wp-json\/wp\/v2\/types\/post"}],"author":[{"embeddable":true,"href":"https:\/\/blog.causeur.fr\/asiledeblog\/wp-json\/wp\/v2\/users\/9"}],"replies":[{"embeddable":true,"href":"https:\/\/blog.causeur.fr\/asiledeblog\/wp-json\/wp\/v2\/comments?post=2374"}],"version-history":[{"count":0,"href":"https:\/\/blog.causeur.fr\/asiledeblog\/wp-json\/wp\/v2\/posts\/2374\/revisions"}],"wp:attachment":[{"href":"https:\/\/blog.causeur.fr\/asiledeblog\/wp-json\/wp\/v2\/media?parent=2374"}],"wp:term":[{"taxonomy":"category","embeddable":true,"href":"https:\/\/blog.causeur.fr\/asiledeblog\/wp-json\/wp\/v2\/categories?post=2374"},{"taxonomy":"post_tag","embeddable":true,"href":"https:\/\/blog.causeur.fr\/asiledeblog\/wp-json\/wp\/v2\/tags?post=2374"}],"curies":[{"name":"wp","href":"https:\/\/api.w.org\/{rel}","templated":true}]}}