{"id":2380,"date":"2017-06-19T08:10:17","date_gmt":"2017-06-19T08:10:17","guid":{"rendered":"http:\/\/blog.causeur.fr\/asiledeblog\/?p=2380"},"modified":"2021-04-26T12:57:01","modified_gmt":"2021-04-26T10:57:01","slug":"pas-de-planete-pour-les-ennemis-de-la-planete","status":"publish","type":"post","link":"https:\/\/blog.causeur.fr\/asiledeblog\/pas-de-planete-pour-les-ennemis-de-la-planete-2380","title":{"rendered":"Pas de plan\u00e8te pour les ennemis de la plan\u00e8te !"},"content":{"rendered":"<p><strong>Sale temps pour Donald Trump\u00a0! On le d\u00e9nonce un peu partout cette semaine comme \u00ab\u00a0ennemi de la plan\u00e8te, les esprits s\u2019\u00e9chauffent et le climat se d\u00e9grade\u2026<!--more--><\/strong><\/p>\n<p><strong><\/strong><\/p>\n<figure id=\"attachment_2381\" aria-describedby=\"caption-attachment-2381\" style=\"width: 300px\" class=\"wp-caption alignleft\"><a href=\"http:\/\/blog.causeur.fr\/asiledeblog\/pas-de-planete-pour-les-ennemis-de-la-planete-002380.html\/fuck\" rel=\"attachment wp-att-2381\"><img loading=\"lazy\" decoding=\"async\" class=\"size-medium wp-image-2381\" title=\"fuck\" src=\"http:\/\/blog.causeur.fr\/asiledeblog\/files\/2017\/06\/fuck-300x240.png\" alt=\"\" width=\"300\" height=\"240\" srcset=\"https:\/\/blog.causeur.fr\/asiledeblog\/wp-content\/uploads\/sites\/10\/2017\/06\/fuck-300x240.png 300w, https:\/\/blog.causeur.fr\/asiledeblog\/wp-content\/uploads\/sites\/10\/2017\/06\/fuck-375x300.png 375w, https:\/\/blog.causeur.fr\/asiledeblog\/wp-content\/uploads\/sites\/10\/2017\/06\/fuck.png 425w\" sizes=\"auto, (max-width: 300px) 100vw, 300px\" \/><\/a><figcaption id=\"caption-attachment-2381\" class=\"wp-caption-text\">Trump, plus vrai que nature !<\/figcaption><\/figure>\n<p><strong><span style=\"color: #ff0000;\">Facebook<\/span>\u00a0 D\u00e9saccords de Paris<\/strong><\/p>\n<p>L\u2019annonce par Donald Trump du retrait am\u00e9ricain des accords de Paris a fait trembler la plan\u00e8te internet et, \u00f4 surprise, hormis chez quelques irr\u00e9ductibles climato-sceptiques, le pr\u00e9sident des Etats-Unis a fait l\u2019unanimit\u00e9 contre lui.<br \/>\nJe vous \u00e9pargne les cris d\u2019alarme, injures et diagnostics psychiatriques lanc\u00e9s sur Twitter et Facebook. Il semble que, dans nos d\u00e9mocraties modernes, un pr\u00e9sident \u00e9lu qui tient une promesse de campagne soit per\u00e7u comme un fou dangereux ou, <em>a minima<\/em>, un type louche.<br \/>\nEn cons\u00e9quence de quoi, on a vu se multiplier les d\u00e9nonciations en textes, en images et en vid\u00e9os \u2013 comme celle reproduite ci-dessus. Beaucoup d\u2019internautes ont relay\u00e9 ce montage, grossier \u00e0 tous \u00e9gards certes, mais plut\u00f4t dr\u00f4le. Ce qui est encore plus dr\u00f4le c\u2019est qu\u2019aux Etats-Unis, les geeks r\u00e9acs n\u2019h\u00e9sitent pas \u00e0 reprendre \u00e0 leur compte ce <em>fake<\/em> hostile, tant il r\u00e9sume \u00e0 merveille leur fa\u00e7on de penser. Retour \u00e0 l\u2019envoyeur\u00a0!<\/p>\n<p><strong><span style=\"color: #ff0000;\">Twitter<\/span> Let\u2019s tweet again\u00a0!<\/strong><\/p>\n<figure id=\"attachment_2382\" aria-describedby=\"caption-attachment-2382\" style=\"width: 300px\" class=\"wp-caption alignright\"><a href=\"http:\/\/blog.causeur.fr\/asiledeblog\/pas-de-planete-pour-les-ennemis-de-la-planete-002380.html\/va35macronlesechos-1\" rel=\"attachment wp-att-2382\"><img loading=\"lazy\" decoding=\"async\" class=\"size-medium wp-image-2382\" title=\"VA35MacronLesEchos-1\" src=\"http:\/\/blog.causeur.fr\/asiledeblog\/files\/2017\/06\/VA35MacronLesEchos-1-300x214.jpg\" alt=\"\" width=\"300\" height=\"214\" srcset=\"https:\/\/blog.causeur.fr\/asiledeblog\/wp-content\/uploads\/sites\/10\/2017\/06\/VA35MacronLesEchos-1-300x214.jpg 300w, https:\/\/blog.causeur.fr\/asiledeblog\/wp-content\/uploads\/sites\/10\/2017\/06\/VA35MacronLesEchos-1-418x300.jpg 418w, https:\/\/blog.causeur.fr\/asiledeblog\/wp-content\/uploads\/sites\/10\/2017\/06\/VA35MacronLesEchos-1.jpg 895w\" sizes=\"auto, (max-width: 300px) 100vw, 300px\" \/><\/a><figcaption id=\"caption-attachment-2382\" class=\"wp-caption-text\">Macron : pr\u00e9sident de la R\u00e9publique, petit prince de l\u2019Europe, &quot;roi de Twitter&quot; \u2026 et bient\u00f4t empereur de la galaxie ?<\/figcaption><\/figure>\n<p>D\u00e9j\u00e0 consacr\u00e9 par les gazettes \u00ab\u00a0<em>leader du monde libre<\/em>\u00a0\u00bb, notre pr\u00e9sident a d\u00e9croch\u00e9 un nouveau titre de gloire avec son fameux hashtag #MakeOurPlanetGreatAgain. Il s\u2019est m\u00eame trouv\u00e9 des journalistes subjugu\u00e9s pour comparer en cette circonstance Macron au Kennedy d\u2019\u00ab <em>Ich bin ein Berliner<\/em> \u00bb ou au De Gaulle de \u00ab <em>La mano en la mano<\/em> \u00bb.<br \/>\nMais surtout ce \u00ab\u00a0<em>coup de ma\u00eetre<\/em>\u00a0\u00bb, comme dit <em>Le Point<\/em>, a permis au pr\u00e9sident de battre un record absolu\u00a0: celui du nombre de retweets en France, puisque plus de 200 000 internautes ont relay\u00e9 son slogan dans les 24 heures. Cela dit, y a-t-il vraiment de quoi pavoiser\u00a0? Apr\u00e8s tout, le pr\u00e9c\u00e9dent d\u00e9tenteur de ce record n\u2019est autre que Cyril Hanouna\u2026<\/p>\n<p><strong><span style=\"color: #ff0000;\">Facebook<\/span> Hidalgo l\u2019illumin\u00e9e<\/strong><\/p>\n<figure id=\"attachment_2383\" aria-describedby=\"caption-attachment-2383\" style=\"width: 300px\" class=\"wp-caption alignleft\"><a href=\"http:\/\/blog.causeur.fr\/asiledeblog\/pas-de-planete-pour-les-ennemis-de-la-planete-002380.html\/va35-mairieverte-1\" rel=\"attachment wp-att-2383\"><img loading=\"lazy\" decoding=\"async\" class=\"size-medium wp-image-2383\" title=\"VA35 MairieVerte-1\" src=\"http:\/\/blog.causeur.fr\/asiledeblog\/files\/2017\/06\/VA35-MairieVerte-1-300x228.jpg\" alt=\"\" width=\"300\" height=\"228\" srcset=\"https:\/\/blog.causeur.fr\/asiledeblog\/wp-content\/uploads\/sites\/10\/2017\/06\/VA35-MairieVerte-1-300x228.jpg 300w, https:\/\/blog.causeur.fr\/asiledeblog\/wp-content\/uploads\/sites\/10\/2017\/06\/VA35-MairieVerte-1-394x300.jpg 394w, https:\/\/blog.causeur.fr\/asiledeblog\/wp-content\/uploads\/sites\/10\/2017\/06\/VA35-MairieVerte-1.jpg 764w\" sizes=\"auto, (max-width: 300px) 100vw, 300px\" \/><\/a><figcaption id=\"caption-attachment-2383\" class=\"wp-caption-text\">On esp\u00e8re que Mme Hidalgo \u00e9teindra en partant\u2026<\/figcaption><\/figure>\n<p>Omnipr\u00e9sente sur les r\u00e9seaux sociaux, Anne Hidalgo n\u2019a pas manqu\u00e9 de surr\u00e9agir \u00e0 la d\u00e9cision du pr\u00e9sident des Etats-Unis. Les amateurs de longs communiqu\u00e9s illisibles pourront satisfaire leur vice \u00e0 loisir sur le site Paris.fr. Mais c\u2019est surtout une image choc qui a retenu l\u2019attention\u00a0: celle de l\u2019H\u00f4tel de Ville repeint en vert par la gr\u00e2ce d\u2019un habile jeu de lumi\u00e8res.<br \/>\nBien s\u00fbr, les fans de Mme le maire ont manifest\u00e9 leur enthousiasme par une pluie de compliments\u00a0enamour\u00e9s pleuvent sur sa page Facebook. Mais elle a recueilli aussi pas mal de ricanements et de protestations. Beaucoup doutent que ce coup de com\u2019 \u00e0 la noix soit de nature \u00e0 impressionner le chef de la premi\u00e8re puissance mondiale. Plus inattendu, nombre d\u2019\u00e9colos parisiens, qui auraient d\u00fb \u00eatre emball\u00e9s par l\u2019initiative, la condamnent. Est-il bien s\u00e9rieux, expliquent-ils en substance, de lutter contre le changement climatique en gaspillant des milliers de kilowatts\u00a0?<br \/>\nC&rsquo;est vert, mais juste !<\/p>\n<p>[Article publi\u00e9 dans <em>Valeurs Actuelles<\/em>]<\/p>\n","protected":false},"excerpt":{"rendered":"<p>Sale temps pour Donald Trump\u00a0! On le d\u00e9nonce un peu partout cette semaine comme \u00ab\u00a0ennemi de la plan\u00e8te, les esprits s\u2019\u00e9chauffent et le climat se d\u00e9grade\u2026<\/p>\n","protected":false},"author":9,"featured_media":0,"comment_status":"open","ping_status":"closed","sticky":false,"template":"","format":"standard","meta":{"footnotes":""},"categories":[1],"tags":[748,731,745],"class_list":{"0":"post-2380","1":"post","2":"type-post","3":"status-publish","4":"format-standard","6":"category-non-classe","7":"tag-anne-hidalgo","8":"tag-donald-trump","9":"tag-emmanuel-macron"},"_links":{"self":[{"href":"https:\/\/blog.causeur.fr\/asiledeblog\/wp-json\/wp\/v2\/posts\/2380","targetHints":{"allow":["GET"]}}],"collection":[{"href":"https:\/\/blog.causeur.fr\/asiledeblog\/wp-json\/wp\/v2\/posts"}],"about":[{"href":"https:\/\/blog.causeur.fr\/asiledeblog\/wp-json\/wp\/v2\/types\/post"}],"author":[{"embeddable":true,"href":"https:\/\/blog.causeur.fr\/asiledeblog\/wp-json\/wp\/v2\/users\/9"}],"replies":[{"embeddable":true,"href":"https:\/\/blog.causeur.fr\/asiledeblog\/wp-json\/wp\/v2\/comments?post=2380"}],"version-history":[{"count":0,"href":"https:\/\/blog.causeur.fr\/asiledeblog\/wp-json\/wp\/v2\/posts\/2380\/revisions"}],"wp:attachment":[{"href":"https:\/\/blog.causeur.fr\/asiledeblog\/wp-json\/wp\/v2\/media?parent=2380"}],"wp:term":[{"taxonomy":"category","embeddable":true,"href":"https:\/\/blog.causeur.fr\/asiledeblog\/wp-json\/wp\/v2\/categories?post=2380"},{"taxonomy":"post_tag","embeddable":true,"href":"https:\/\/blog.causeur.fr\/asiledeblog\/wp-json\/wp\/v2\/tags?post=2380"}],"curies":[{"name":"wp","href":"https:\/\/api.w.org\/{rel}","templated":true}]}}