{"id":2385,"date":"2017-06-23T08:30:38","date_gmt":"2017-06-23T08:30:38","guid":{"rendered":"http:\/\/blog.causeur.fr\/asiledeblog\/?p=2385"},"modified":"2021-04-26T12:57:01","modified_gmt":"2021-04-26T10:57:01","slug":"dernieres-nouvelles-de-lespace-temps","status":"publish","type":"post","link":"https:\/\/blog.causeur.fr\/asiledeblog\/dernieres-nouvelles-de-lespace-temps-2385","title":{"rendered":"Derni\u00e8res nouvelles de l\u2019espace-temps"},"content":{"rendered":"<p><strong>\u00c0 la une, deux scoops fabuleux\u00a0: M\u00e9lenchon remporte les \u00e9lections (britanniques) et un Fran\u00e7ais gagne \u00e0 Roland-Garros (au n\u00e9olithique).<!--more--><\/strong><\/p>\n<p><strong><span style=\"color: #ff0000;\">L\u2019Obs, Twitter<\/span> Facho pr\u00e9c\u00e9dent<\/strong><\/p>\n<figure id=\"attachment_2386\" aria-describedby=\"caption-attachment-2386\" style=\"width: 300px\" class=\"wp-caption alignleft\"><a href=\"http:\/\/blog.causeur.fr\/asiledeblog\/dernieres-nouvelles-de-l%e2%80%99espace-temps-002385.html\/va36obsguigou\" rel=\"attachment wp-att-2386\"><img loading=\"lazy\" decoding=\"async\" class=\"size-medium wp-image-2386\" title=\"VA36ObsGuigou\" src=\"http:\/\/blog.causeur.fr\/asiledeblog\/files\/2017\/06\/VA36ObsGuigou-300x235.jpg\" alt=\"\" width=\"300\" height=\"235\" srcset=\"https:\/\/blog.causeur.fr\/asiledeblog\/wp-content\/uploads\/sites\/10\/2017\/06\/VA36ObsGuigou-300x235.jpg 300w, https:\/\/blog.causeur.fr\/asiledeblog\/wp-content\/uploads\/sites\/10\/2017\/06\/VA36ObsGuigou-382x300.jpg 382w, https:\/\/blog.causeur.fr\/asiledeblog\/wp-content\/uploads\/sites\/10\/2017\/06\/VA36ObsGuigou.jpg 808w\" sizes=\"auto, (max-width: 300px) 100vw, 300px\" \/><\/a><figcaption id=\"caption-attachment-2386\" class=\"wp-caption-text\">&quot;L\u2019Obs&quot; pr\u00eat \u00e0 tout pour prendre la d\u00e9fense de l\u2019\u00e9l\u00e9phante socialiste.<\/figcaption><\/figure>\n<p>En pleine campagne \u00e9lectorale, \u00c9lisabeth Guigou,\u00a0d\u00e9put\u00e9e P.S. du 93, s\u2019\u00e9tait fait surprendre voil\u00e9e \u00e0 la mosqu\u00e9e de Pantin. Heureusement, <em>l\u2019Obs<\/em> a trouv\u00e9 un argument imparable pour voler \u00e0 son secours\u00a0: accuser la \u00ab\u00a0<em>fachosph\u00e8re\u00a0<\/em>\u00bb\u00a0!<br \/>\nUne fachosph\u00e8re r\u00e9solument extensive, puisqu\u2019elle englobe le site du <em>Point <\/em>qui a r\u00e9v\u00e9l\u00e9 l\u2019affaire, celui de <em>Valeurs actuelles<\/em> qui l\u2019a aussit\u00f4t relay\u00e9e, et toute une s\u00e9rie d\u2019\u00e9lus qui ont tweet\u00e9 leur m\u00e9contentement. Bien s\u00fbr, parmi ceux-ci on trouve des\u00a0hi\u00e9rarques du FN, ce qui permet \u00e0 <em>L\u2019Obs<\/em> d\u2019incriminer la B\u00eate immonde. Mais <em>quid<\/em>, entre autres, de Lydia Guirous, responsable LR et fille d\u2019immigr\u00e9s alg\u00e9riens\u00a0?<br \/>\nTous des fachos, on vous dit\u2026 Et comme d\u00e9cid\u00e9ment ils sont partout, on ne saurait trop inciter les journalistes de <em>l\u2019Obs<\/em> \u00e0 redoubler de vigilance concernant les articles relay\u00e9s par cette tentaculaire fachosph\u00e8re&#8230; Jeudi dernier par exemple, son site embl\u00e9matique <em>Fdesouche <\/em>reprenait \u00e9logieusement une interview de Salman Rushdie fustigeant l\u2019\u00ab\u00a0<em>aveuglement stupide\u00a0<\/em>\u00bb de l\u2019Occident face au djihadisme. Une interview que vous trouverez sans peine sur le net\u00a0: la semaine pr\u00e9c\u00e9dente, elle faisait la une de <em>l\u2019Obs<\/em>\u2026<\/p>\n<p><strong><span style=\"color: #ff0000;\">Le Gorafi<\/span> Jeu, set et gag<\/strong><\/p>\n<figure id=\"attachment_2387\" aria-describedby=\"caption-attachment-2387\" style=\"width: 300px\" class=\"wp-caption alignright\"><a href=\"http:\/\/blog.causeur.fr\/asiledeblog\/dernieres-nouvelles-de-l%e2%80%99espace-temps-002385.html\/va36-gorafi\" rel=\"attachment wp-att-2387\"><img loading=\"lazy\" decoding=\"async\" class=\"size-medium wp-image-2387\" title=\"VA36 Gorafi\" src=\"http:\/\/blog.causeur.fr\/asiledeblog\/files\/2017\/06\/VA36-Gorafi-300x212.jpg\" alt=\"\" width=\"300\" height=\"212\" srcset=\"https:\/\/blog.causeur.fr\/asiledeblog\/wp-content\/uploads\/sites\/10\/2017\/06\/VA36-Gorafi-300x212.jpg 300w, https:\/\/blog.causeur.fr\/asiledeblog\/wp-content\/uploads\/sites\/10\/2017\/06\/VA36-Gorafi-423x300.jpg 423w, https:\/\/blog.causeur.fr\/asiledeblog\/wp-content\/uploads\/sites\/10\/2017\/06\/VA36-Gorafi.jpg 850w\" sizes=\"auto, (max-width: 300px) 100vw, 300px\" \/><\/a><figcaption id=\"caption-attachment-2387\" class=\"wp-caption-text\">Pourtant, d\u2019habitude \u00e0 Roland-Garros, nos tennismen ne font pas de vieux os.<\/figcaption><\/figure>\n<p>Depuis \u00a0Aristophane, \u00e0 moins que ce ne soit Plaute, un des\u00a0ressorts \u00e9prouv\u00e9s du comique consiste \u00e0 m\u00e9langer deux \u00e9v\u00e9nements sans rapport entre eux. Ainsi l\u2019abondante couverture m\u00e9diatique consacr\u00e9e \u00e0 la d\u00e9couverte, au Maroc, de fossiles d\u2019<em>homo sapiens <\/em>vieux de 300 000 ans a-t-elle donn\u00e9 aux petits plaisantins du <em>Gorafi <\/em>l\u2019id\u00e9e de ce r\u00e9jouissant t\u00e9lescopage tennistico-pal\u00e9ontologique.<\/p>\n<p>Pauvres tennismen fran\u00e7ais\u00a0! D\u00e9j\u00e0 battus et humili\u00e9s sur les courts, les voil\u00e0 devenus avec cette parodie la ris\u00e9e du net. Heureusement pour eux, on n\u2019a pas \u00e9pilogu\u00e9 trop longtemps sur leurs contre-performances\u00a0; elles ont vite \u00e9t\u00e9 \u00e9clips\u00e9es par les exploits su\u00e9dois du gardien du 11 tricolore\u2026 Gasquet et Monfils peuvent dire merci \u00e0 Lloris \u2013 un peu comme Ferrand \u00e0 Bayrou dans une autre affaire.<\/p>\n<p><strong><span style=\"color: #ff0000;\">Twitter, Facebook<\/span> M\u00e9lenchon au pont d\u2019Arcole<\/strong><\/p>\n<figure id=\"attachment_2388\" aria-describedby=\"caption-attachment-2388\" style=\"width: 300px\" class=\"wp-caption alignleft\"><a href=\"http:\/\/blog.causeur.fr\/asiledeblog\/dernieres-nouvelles-de-l%e2%80%99espace-temps-002385.html\/va36corbyntwitter\" rel=\"attachment wp-att-2388\"><img loading=\"lazy\" decoding=\"async\" class=\"size-medium wp-image-2388\" title=\"Va36CorbynTwitter\" src=\"http:\/\/blog.causeur.fr\/asiledeblog\/files\/2017\/06\/Va36CorbynTwitter-300x200.jpg\" alt=\"\" width=\"300\" height=\"200\" srcset=\"https:\/\/blog.causeur.fr\/asiledeblog\/wp-content\/uploads\/sites\/10\/2017\/06\/Va36CorbynTwitter-300x200.jpg 300w, https:\/\/blog.causeur.fr\/asiledeblog\/wp-content\/uploads\/sites\/10\/2017\/06\/Va36CorbynTwitter.jpg 348w\" sizes=\"auto, (max-width: 300px) 100vw, 300px\" \/><\/a><figcaption id=\"caption-attachment-2388\" class=\"wp-caption-text\">Apr\u00e8s son bon score, Corbyn n\u2019a m\u00eame pas pens\u00e9 \u00e0 remercier Melenchon \u2026 Pas tr\u00e8s fair-play !<\/figcaption><\/figure>\n<p>Nul n\u2019ignore plus que Jean-Luc M\u00e9lenchon a une l\u00e9g\u00e8re propension \u00e0 choper le melon \u00e0 l\u2019occasion. Un trait de caract\u00e8re qu\u2019encouragent h\u00e9las ses proches\u00a0: ainsi, apr\u00e8s le bon score des travaillistes aux l\u00e9gislatives britanniques, Alexis Corbi\u00e8re, sous-chef des Insoumis, a-t-il aussit\u00f4t expliqu\u00e9 sur Twitter que Jeremy Corbyn devait ce succ\u00e8s au fait qu\u2019il s\u2019\u00e9tait inspir\u00e9 de la campagne de son patron.<br \/>\nSans surprise, cette bonne blague a suscit\u00e9 une vague de quolibets chez les internautes. J\u2019ai particuli\u00e8rement appr\u00e9ci\u00e9 le commentaire d\u2019Eric Naulleau sur Facebook\u00a0: \u00ab\u00a0<em>D\u2019apr\u00e8s Alexis Corbi\u00e8re, la campagne \u00e0 succ\u00e8s de Jeremy Corbyn doit beaucoup \u00e0 celle de Jean-Luc M\u00e9lenchon. D\u2019apr\u00e8s moi, la premi\u00e8re campagne d\u2019Italie de Bonaparte aussi.<\/em>\u00a0\u00bb<br \/>\nOn esp\u00e8re que M\u00e9lenchon, lui-m\u00eame adepte de la blague assassine, appr\u00e9ciera celle-ci \u00e0 sa juste valeur. N\u2019emp\u00eache, on serait Naulleau, on se planquerait quand m\u00eame quelques jours\u2026<\/p>\n<p>[Article publi\u00e9 dans <em>Valeurs Actuelles<\/em>]<\/p>\n","protected":false},"excerpt":{"rendered":"<p>\u00c0 la une, deux scoops fabuleux\u00a0: M\u00e9lenchon remporte les \u00e9lections (britanniques) et un Fran\u00e7ais gagne \u00e0 Roland-Garros (au n\u00e9olithique).<\/p>\n","protected":false},"author":9,"featured_media":0,"comment_status":"open","ping_status":"closed","sticky":false,"template":"","format":"standard","meta":{"footnotes":""},"categories":[1],"tags":[76,148,746,747],"class_list":{"0":"post-2385","1":"post","2":"type-post","3":"status-publish","4":"format-standard","6":"category-non-classe","7":"tag-eric-naulleau","8":"tag-jean-luc-melenchon","9":"tag-lobs","10":"tag-le-gorafi"},"_links":{"self":[{"href":"https:\/\/blog.causeur.fr\/asiledeblog\/wp-json\/wp\/v2\/posts\/2385","targetHints":{"allow":["GET"]}}],"collection":[{"href":"https:\/\/blog.causeur.fr\/asiledeblog\/wp-json\/wp\/v2\/posts"}],"about":[{"href":"https:\/\/blog.causeur.fr\/asiledeblog\/wp-json\/wp\/v2\/types\/post"}],"author":[{"embeddable":true,"href":"https:\/\/blog.causeur.fr\/asiledeblog\/wp-json\/wp\/v2\/users\/9"}],"replies":[{"embeddable":true,"href":"https:\/\/blog.causeur.fr\/asiledeblog\/wp-json\/wp\/v2\/comments?post=2385"}],"version-history":[{"count":0,"href":"https:\/\/blog.causeur.fr\/asiledeblog\/wp-json\/wp\/v2\/posts\/2385\/revisions"}],"wp:attachment":[{"href":"https:\/\/blog.causeur.fr\/asiledeblog\/wp-json\/wp\/v2\/media?parent=2385"}],"wp:term":[{"taxonomy":"category","embeddable":true,"href":"https:\/\/blog.causeur.fr\/asiledeblog\/wp-json\/wp\/v2\/categories?post=2385"},{"taxonomy":"post_tag","embeddable":true,"href":"https:\/\/blog.causeur.fr\/asiledeblog\/wp-json\/wp\/v2\/tags?post=2385"}],"curies":[{"name":"wp","href":"https:\/\/api.w.org\/{rel}","templated":true}]}}