{"id":2404,"date":"2017-07-14T16:15:28","date_gmt":"2017-07-14T16:15:28","guid":{"rendered":"http:\/\/blog.causeur.fr\/asiledeblog\/?p=2404"},"modified":"2021-04-26T12:57:01","modified_gmt":"2021-04-26T10:57:01","slug":"chaud-devant-2","status":"publish","type":"post","link":"https:\/\/blog.causeur.fr\/asiledeblog\/chaud-devant-2-2404","title":{"rendered":"Chaud devant !"},"content":{"rendered":"<p><strong>Bi\u00e8re, frites, short et sandalettes\u00a0: ces temps-ci, l&rsquo;actualit\u00e9 est chaude\u00a0!<\/strong><!--more--><\/p>\n<figure id=\"attachment_2400\" aria-describedby=\"caption-attachment-2400\" style=\"width: 290px\" class=\"wp-caption alignright\"><img loading=\"lazy\" decoding=\"async\" class=\"wp-image-2400 size-medium\" src=\"http:\/\/blog.causeur.fr\/asiledeblog\/files\/2017\/07\/VA38Tahiti-1-290x300.jpg\" width=\"290\" height=\"300\" srcset=\"https:\/\/blog.causeur.fr\/asiledeblog\/wp-content\/uploads\/sites\/10\/2017\/07\/VA38Tahiti-1-290x300.jpg 290w, https:\/\/blog.causeur.fr\/asiledeblog\/wp-content\/uploads\/sites\/10\/2017\/07\/VA38Tahiti-1-32x32.jpg 32w, https:\/\/blog.causeur.fr\/asiledeblog\/wp-content\/uploads\/sites\/10\/2017\/07\/VA38Tahiti-1.jpg 437w\" sizes=\"auto, (max-width: 290px) 100vw, 290px\" \/><figcaption id=\"caption-attachment-2400\" class=\"wp-caption-text\">On l\u2019a pr\u00e9venu qu\u2019\u00e0 No\u00ebl, \u00e7a risque d\u2019\u00eatre plus compliqu\u00e9 ?<\/figcaption><\/figure>\n<p><strong><span style=\"color: #ff0000\">Tahiti Info<\/span> Tenue ind\u00e9pendantiste exig\u00e9e<\/strong><\/p>\n<p>Pas \u00e9vident de se faire remarquer, au milieu des 400 petits nouveaux venus s\u2019inscrire \u00e0 l\u2019Assembl\u00e9e nationale. Ce d\u00e9put\u00e9 autonomiste polyn\u00e9sien a trouv\u00e9 le truc\u00a0: en d\u00e9barquant au Palais\u2013Bourbon en short, sandales et chemisette typique, il a d\u00e9clench\u00e9 un joli buzz, des \u00eeles Tuamotu \u00e0 la m\u00e9tropole.<br \/>\nMoetai Brotherson (car c\u2019\u00e9tait lui\u00a0!) souhaiterait conserver cette tenue dans l\u2019h\u00e9micycle\u00a0: \u00ab\u00a0<em>Je ne suis pas quelqu\u2019un de conventionnel<\/em>, explique-t-il, <em>donc je vais venir comme je suis, si le r\u00e8glement me le permet.\u00a0<\/em>\u00bb Un nouveau r\u00e8glement autorisant les d\u00e9put\u00e9s \u00e0 se pr\u00e9senter \u00e0 l\u2019Assembl\u00e9e en tenue locale\u00a0: voil\u00e0 qui serait bien dans l\u2019esprit multiculturaliste cher au pr\u00e9sident Macron\u00a0! D\u2019ici \u00e0 ce que les trois d\u00e9put\u00e9s nationalistes corses en profitent pour venir si\u00e9ger encagoul\u00e9s\u2026<\/p>\n<p><strong><span style=\"color: #ff0000\">France 3<\/span> Nouvelles fra\u00eeches<\/strong><\/p>\n<figure id=\"attachment_2401\" aria-describedby=\"caption-attachment-2401\" style=\"width: 300px\" class=\"wp-caption alignleft\"><img loading=\"lazy\" decoding=\"async\" class=\"wp-image-2401 size-medium\" src=\"http:\/\/blog.causeur.fr\/asiledeblog\/files\/2017\/07\/VA38Bie\u0300re-1-300x162.jpg\" width=\"300\" height=\"162\" srcset=\"https:\/\/blog.causeur.fr\/asiledeblog\/wp-content\/uploads\/sites\/10\/2017\/07\/VA38Bie\u0300re-1-300x162.jpg 300w, https:\/\/blog.causeur.fr\/asiledeblog\/wp-content\/uploads\/sites\/10\/2017\/07\/VA38Bie\u0300re-1-768x416.jpg 768w, https:\/\/blog.causeur.fr\/asiledeblog\/wp-content\/uploads\/sites\/10\/2017\/07\/VA38Bie\u0300re-1-1024x554.jpg 1024w, https:\/\/blog.causeur.fr\/asiledeblog\/wp-content\/uploads\/sites\/10\/2017\/07\/VA38Bie\u0300re-1-500x271.jpg 500w, https:\/\/blog.causeur.fr\/asiledeblog\/wp-content\/uploads\/sites\/10\/2017\/07\/VA38Bie\u0300re-1.jpg 1125w\" sizes=\"auto, (max-width: 300px) 100vw, 300px\" \/><figcaption id=\"caption-attachment-2401\" class=\"wp-caption-text\">Circonstance aggravante : il y a un cendrier sur la table !<\/figcaption><\/figure>\n<p>Il est rare que nos m\u00e9dias en g\u00e9n\u00e9ral, et nos t\u00e9l\u00e9s en particulier, sachent faire preuve d\u2019autod\u00e9rision. Et pourtant, \u00e0 l\u2019occasion de la canicule qui a frapp\u00e9 le pays, on a vu France 3 Hauts-de-France se moquer d\u2019un des ses propres reportages \u2013 ou plut\u00f4t d\u2019un reportage de FR3 Nord-Pas de Calais, puisque celui-ci datait d\u2019il y a quarante deux ans. La station consacrait alors un sujet aux mesures \u00e0 prendre en cas de grande chaleur, comme celle qui s\u2019\u00e9tait abattue sur le nord du pays en ce mois d\u2019ao\u00fbt 75.<br \/>\nOutre les recommandations rituelles sur la ventilation, les bains et la piscine, le reporter de la cha\u00eene r\u00e9gionale y allait de ses conseils en mati\u00e8re d\u2019hydratation\u00a0; accrochez-vous, \u00e7a mousse\u00a0! \u00ab\u00a0<em>La bi\u00e8re, ce n\u2019est pas mauvais pour la sant\u00e9, \u00e0 condition d\u2019\u00eatre raisonnable<\/em>. <em>Le Comit\u00e9 national de d\u00e9fense contre l\u2019Alcoolisme affirme qu\u2019on peut en boire 1,5 litres par jour sans danger pour la sant\u00e9. De quoi se d\u00e9salt\u00e9rer dans une journ\u00e9e\u00a0!\u00a0<\/em>\u00bb<br \/>\nAu XXIe si\u00e8cle, on s\u2019en doute bien, plus aucun de nos journalistes n\u2019oserait tenir de tels propos. Ce qui ne les emp\u00eache pas, \u00e0 l\u2019occasion, d\u2019essayer de nous faire avaler n\u2019importe quoi.<\/p>\n<p><strong style=\"color: #ff0000\"><span style=\"color: #ff0000\">RTL<\/span> Sanctions europ\u00e9ennes contre la graisse\u00a0?<\/strong><\/p>\n<figure id=\"attachment_2399\" aria-describedby=\"caption-attachment-2399\" style=\"width: 300px\" class=\"wp-caption alignright\"><img loading=\"lazy\" decoding=\"async\" class=\"size-medium wp-image-2399\" src=\"http:\/\/blog.causeur.fr\/asiledeblog\/files\/2017\/07\/VA38-Frites-300x185.jpeg\" alt=\"Entre la Commission et les Belges, y a comme de la friture !\" width=\"300\" height=\"185\" srcset=\"https:\/\/blog.causeur.fr\/asiledeblog\/wp-content\/uploads\/sites\/10\/2017\/07\/VA38-Frites-300x185.jpeg 300w, https:\/\/blog.causeur.fr\/asiledeblog\/wp-content\/uploads\/sites\/10\/2017\/07\/VA38-Frites-487x300.jpeg 487w, https:\/\/blog.causeur.fr\/asiledeblog\/wp-content\/uploads\/sites\/10\/2017\/07\/VA38-Frites.jpeg 526w\" sizes=\"auto, (max-width: 300px) 100vw, 300px\" \/><figcaption id=\"caption-attachment-2399\" class=\"wp-caption-text\">Entre la Commission et les Belges, y a comme de la friture !<\/figcaption><\/figure>\n<p>La Commission europ\u00e9enne a beau si\u00e9ger \u00e0 Bruxelles, elle s\u2019est mis tous les Belges \u00e0 dos. C\u2019est la mobilisation g\u00e9n\u00e9rale dans le plat pays depuis qu\u2019un ministre flamand eurosceptique a accus\u00e9 les experts de l\u2019U.E. de vouloir interdire, au nom de la lutte contre le cancer, la double cuisson des frites. Plusieurs milliers d\u2019internautes se sont indign\u00e9s \u00e0 l\u2019id\u00e9e que leur plat national soit d\u00e9sormais pr\u00e9par\u00e9 comme de vulgaires patates de fast\u2013food.<br \/>\nFace \u00e0 cette r\u00e9volte, un porte\u2013parole de la Commission a fini par expliquer qu\u2019elle n\u2019avait \u00ab\u00a0<em>aucune intention de bannir la frite belge ou autre\u00a0\u00bb, <\/em>\u00e9tant<em> \u00ab\u00a0tr\u00e8s attach\u00e9e au aspects culinaires dans nos \u00c9tats membres\u00a0\u00bb<\/em> \u2013 avant de conclure\u00a0: \u00ab\u00a0<em>La frite, c\u2019est chic\u00a0!<\/em>\u00a0\u00bb<br \/>\nUn conseil \u00e0 nos amis belges\u00a0: restez mobilis\u00e9s quand m\u00eame\u00a0! En g\u00e9n\u00e9ral, quand ces gens-l\u00e0 promettent quelque chose, c\u2019est qu\u2019ils s\u2019appr\u00eatent \u00e0 faire le contraire\u2026 Et tant qu\u2019\u00e0 faire une directive europ\u00e9enne, on pourrait pas interdire aux technocrates de la Commission d\u2019essayer de faire de l\u2019humour\u00a0?<\/p>\n<p>[Publi\u00e9 dans <em>Valeurs Actuelles<\/em>]<\/p>\n","protected":false},"excerpt":{"rendered":"<p>Bi\u00e8re, frites, short et sandalettes\u00a0: ces temps-ci, l&rsquo;actualit\u00e9 est chaude\u00a0!<\/p>\n","protected":false},"author":9,"featured_media":0,"comment_status":"open","ping_status":"closed","sticky":false,"template":"","format":"standard","meta":{"footnotes":""},"categories":[1],"tags":[],"class_list":{"0":"post-2404","1":"post","2":"type-post","3":"status-publish","4":"format-standard","6":"category-non-classe"},"_links":{"self":[{"href":"https:\/\/blog.causeur.fr\/asiledeblog\/wp-json\/wp\/v2\/posts\/2404","targetHints":{"allow":["GET"]}}],"collection":[{"href":"https:\/\/blog.causeur.fr\/asiledeblog\/wp-json\/wp\/v2\/posts"}],"about":[{"href":"https:\/\/blog.causeur.fr\/asiledeblog\/wp-json\/wp\/v2\/types\/post"}],"author":[{"embeddable":true,"href":"https:\/\/blog.causeur.fr\/asiledeblog\/wp-json\/wp\/v2\/users\/9"}],"replies":[{"embeddable":true,"href":"https:\/\/blog.causeur.fr\/asiledeblog\/wp-json\/wp\/v2\/comments?post=2404"}],"version-history":[{"count":0,"href":"https:\/\/blog.causeur.fr\/asiledeblog\/wp-json\/wp\/v2\/posts\/2404\/revisions"}],"wp:attachment":[{"href":"https:\/\/blog.causeur.fr\/asiledeblog\/wp-json\/wp\/v2\/media?parent=2404"}],"wp:term":[{"taxonomy":"category","embeddable":true,"href":"https:\/\/blog.causeur.fr\/asiledeblog\/wp-json\/wp\/v2\/categories?post=2404"},{"taxonomy":"post_tag","embeddable":true,"href":"https:\/\/blog.causeur.fr\/asiledeblog\/wp-json\/wp\/v2\/tags?post=2404"}],"curies":[{"name":"wp","href":"https:\/\/api.w.org\/{rel}","templated":true}]}}