{"id":2410,"date":"2017-09-11T11:43:36","date_gmt":"2017-09-11T11:43:36","guid":{"rendered":"http:\/\/blog.causeur.fr\/asiledeblog\/?p=2410"},"modified":"2021-04-26T12:57:01","modified_gmt":"2021-04-26T10:57:01","slug":"ecran-noir","status":"publish","type":"post","link":"https:\/\/blog.causeur.fr\/asiledeblog\/ecran-noir-2410","title":{"rendered":"Ecran noir"},"content":{"rendered":"<p><strong>Au programme cette semaine, des mauvais films de gauche, des m\u00e9chants films de droite, et un sacr\u00e9 com\u00e9dien de gauche et en m\u00eame temps de droite\u2026<\/strong><!--more--><\/p>\n<figure id=\"attachment_2411\" aria-describedby=\"caption-attachment-2411\" style=\"width: 203px\" class=\"wp-caption alignleft\"><img loading=\"lazy\" decoding=\"async\" class=\"size-full wp-image-2411\" src=\"http:\/\/blog.causeur.fr\/asiledeblog\/files\/2017\/09\/poupeemacron.jpg\" alt=\"-Les d\u00e9\u00e7us du macronisme pourront toujours planter des aiguilles.\" width=\"203\" height=\"248\" \/><figcaption id=\"caption-attachment-2411\" class=\"wp-caption-text\">&#8211; Les d\u00e9\u00e7us du macronisme pourront toujours planter des aiguilles.<\/figcaption><\/figure>\n<p><strong><span style=\"color: #ff0000\">Facebook<\/span> Inaction Man<\/strong><\/p>\n<p>Preuve suppl\u00e9mentaire de la d\u00e9gringolade du pr\u00e9sident dans l\u2019opinion : les internautes ont fait d\u2019Emmanuel Macron leur t\u00eate de Turc favorite. \u00c0 noter au passage que personne ne songe \u00e0 se moquer d\u2019Edouard Philippe, c\u2019en est presque vexant pour lui.<br \/>\nT\u00e9moin, ce photomontage vu sur Facebook, vantant une pseudo-figurine fa\u00e7on \u00ab\u00a0Action Man\u00a0\u00bb. Le concepteur pr\u00e9cise sur l\u2019emballage qu\u2019elle est \u00ab\u00a0vendue avec les trois costumes (pompier, marin, aviateur, footballeur\u2026) sauf pr\u00e9sident de la R\u00e9publique\u00a0\u00bb. On n\u2019est pas plus taquin.<br \/>\nCela dit, je ne serais gu\u00e8re surpris si un industriel avis\u00e9 avait l\u2019id\u00e9e de commercialiser pour de vrai ce genre de figurine. Apr\u00e8s tout, les enfants qui ach\u00e8tent ces jouets croient encore aux superpouvoirs, eux.<\/p>\n<p><strong><span style=\"color: #ff0000\">Radio-Canada.ca<\/span> Autant en emporte la censure<\/strong><\/p>\n<figure id=\"attachment_2412\" aria-describedby=\"caption-attachment-2412\" style=\"width: 300px\" class=\"wp-caption alignright\"><img loading=\"lazy\" decoding=\"async\" class=\"size-medium wp-image-2412\" src=\"http:\/\/blog.causeur.fr\/asiledeblog\/files\/2017\/09\/Capture-d\u2019e\u0301cran-2017-09-11-a\u0300-13.31.08-300x222.png\" alt=\"-Pour la gauche am\u00e9ricaine, le cin\u00e9ma c\u2019est tout noir ou tout blanc.\" width=\"300\" height=\"222\" srcset=\"https:\/\/blog.causeur.fr\/asiledeblog\/wp-content\/uploads\/sites\/10\/2017\/09\/Capture-d\u2019e\u0301cran-2017-09-11-a\u0300-13.31.08-300x222.png 300w, https:\/\/blog.causeur.fr\/asiledeblog\/wp-content\/uploads\/sites\/10\/2017\/09\/Capture-d\u2019e\u0301cran-2017-09-11-a\u0300-13.31.08-768x568.png 768w, https:\/\/blog.causeur.fr\/asiledeblog\/wp-content\/uploads\/sites\/10\/2017\/09\/Capture-d\u2019e\u0301cran-2017-09-11-a\u0300-13.31.08-406x300.png 406w, https:\/\/blog.causeur.fr\/asiledeblog\/wp-content\/uploads\/sites\/10\/2017\/09\/Capture-d\u2019e\u0301cran-2017-09-11-a\u0300-13.31.08.png 801w\" sizes=\"auto, (max-width: 300px) 100vw, 300px\" \/><figcaption id=\"caption-attachment-2412\" class=\"wp-caption-text\">&#8211; Pour la gauche am\u00e9ricaine, le cin\u00e9ma c\u2019est tout noir ou tout blanc.<\/figcaption><\/figure>\n<p>On croyait que les atteintes aux libert\u00e9s publiques dans le Sud profond des \u00c9tats-Unis n\u2019\u00e9taient plus qu\u2019un lointain souvenir. La s\u00e9gr\u00e9gation dans les bus et dans les \u00e9coles, les restaurants \u00ab <em>whites only<\/em> \u00bb ou les restrictions au droit de vote pour les \u00ab\u00a0 \u00bb, tout \u00e7a avait disparu avec Kennedy et Johnson, et personne ne le regrettera.<br \/>\nMais ne voil\u00e0-t-il pas que l\u2019obsession normative recommence \u00e0 faire des d\u00e9g\u00e2ts dans les anciens \u00c9tats conf\u00e9d\u00e9r\u00e9s ? \u00c0 la suite des \u00e9v\u00e9nements de Charlottesville, la gauche progressiste am\u00e9ricaine a sombr\u00e9 dans l\u2019hyst\u00e9rie m\u00e9morielle collective. Les d\u00e9boulonnages de statues d\u2019esclavagistes r\u00e9els ou suppos\u00e9s se sont multipli\u00e9s, tout comme les appels au boycott des commer\u00e7ants affichant le drapeau sudiste en devanture (il va y avoir du boulot, ils sont quelques centaines de milliers dans ce cas).<br \/>\nLa derni\u00e8re anecdote en date nous est cont\u00e9e par le site internet de Radio-Canada : un cin\u00e9ma de Memphis a annul\u00e9 la projection d\u2019<em>Autant en emporte le vent. <\/em>Depuis trente-quatre ans, ce film \u00e9tait pourtant diffus\u00e9 chaque \u00e9t\u00e9 lors du Festival culturel de la ville sans susciter le moindre d\u00e9bat. Mais cette ann\u00e9e, le directeur du cin\u00e9ma a fait savoir qu\u2019il ne pouvait pas \u00ab\u00a0<em>diffuser un film insensible \u00e0 une grande partie de la population locale<\/em>\u00a0\u00bb.<br \/>\n\u00c0 quand des grandes soir\u00e9es expiatoires o\u00f9, au nom de la lutte pour la libert\u00e9 et l\u2019\u00e9galit\u00e9, on br\u00fblera toutes les copies des \u0153uvres mal-pensantes ?<\/p>\n<p><strong><span style=\"color: #ff0000\">Sofilm<\/span> Quand la gauche fait son cin\u00e9ma<\/strong><\/p>\n<figure id=\"attachment_2413\" aria-describedby=\"caption-attachment-2413\" style=\"width: 225px\" class=\"wp-caption alignleft\"><img loading=\"lazy\" decoding=\"async\" class=\"size-medium wp-image-2413\" src=\"http:\/\/blog.causeur.fr\/asiledeblog\/files\/2017\/09\/sofilm-225x300.jpg\" alt=\"-Un magazine bobo capable d\u2019autod\u00e9rision,m\u00eame sur une seule page, \u00e7a s\u2019arrose !\" width=\"225\" height=\"300\" srcset=\"https:\/\/blog.causeur.fr\/asiledeblog\/wp-content\/uploads\/sites\/10\/2017\/09\/sofilm-225x300.jpg 225w, https:\/\/blog.causeur.fr\/asiledeblog\/wp-content\/uploads\/sites\/10\/2017\/09\/sofilm.jpg 346w\" sizes=\"auto, (max-width: 225px) 100vw, 225px\" \/><figcaption id=\"caption-attachment-2413\" class=\"wp-caption-text\">&#8211; Un magazine bobo capable d\u2019autod\u00e9rision,m\u00eame sur une seule page, \u00e7a s\u2019arrose !<\/figcaption><\/figure>\n<p>Bien que r\u00e9solument destin\u00e9 \u00e0 un lectorat bobo, le mensuel de septi\u00e8me art <em>Sofilm<\/em> a jet\u00e9 un sympathique pav\u00e9 dans la mare dans son num\u00e9ro d\u2019\u00e9t\u00e9 avec un papier intitul\u00e9 \u00ab\u00a0<em>\u00c0 quoi reconna\u00eet-on un mauvais film de gauche ? Vingt indices qui ne trompent pas <\/em>\u00bb, qui a massivement tourn\u00e9 sur les r\u00e9seaux sociaux.<br \/>\nOn retiendra par exemple l\u2019indice num\u00e9ro 11, \u00ab\u00a0La presse titre : <em>Un film n\u00e9cessaire<\/em>\u00a0\u00bb; le 15, \u00ab\u00a0<em>Quelqu\u2019un doit finir par se prostituer pour payer son loyer\u00a0<\/em>\u00bb, le 17, \u00ab\u00a0<em>\u00c9patante performance de Vincent Lindon<\/em>\u00a0\u00bb, ou encore le 19, \u00ab\u00a0<em>\u00c0 un moment, un personnage p\u00e8te un plomb et finit en prison ou abattu par la police. Au choix.\u00a0<\/em>\u00bb.<br \/>\nVous trouvez que notre confr\u00e8re exag\u00e8re ? Attendez les prochains C\u00e9sar, vous verrez qu\u2019il est encore en-dessous de la r\u00e9alit\u00e9.<\/p>\n<p>[Publi\u00e9 dans <em>Valeurs actuelles<\/em>]<\/p>\n<p><span style=\"text-indent: 20px;width: auto;padding: 0px 4px 0px 0px;text-align: center;font: bold 11px\/20px 'Helvetica Neue',Helvetica,sans-serif;color: #ffffff;background: #bd081c  no-repeat scroll 3px 50% \/ 14px 14px;cursor: pointer\">Enregistrer<\/span><\/p>\n","protected":false},"excerpt":{"rendered":"<p>Au programme cette semaine, des mauvais films de gauche, des m\u00e9chants films de droite, et un sacr\u00e9 com\u00e9dien de gauche et en m\u00eame temps de droite\u2026<\/p>\n","protected":false},"author":9,"featured_media":0,"comment_status":"open","ping_status":"closed","sticky":false,"template":"","format":"standard","meta":{"footnotes":""},"categories":[1],"tags":[772,745,773],"class_list":{"0":"post-2410","1":"post","2":"type-post","3":"status-publish","4":"format-standard","6":"category-non-classe","7":"tag-autant-en-emporte-le-vent","8":"tag-emmanuel-macron","9":"tag-gauche"},"_links":{"self":[{"href":"https:\/\/blog.causeur.fr\/asiledeblog\/wp-json\/wp\/v2\/posts\/2410","targetHints":{"allow":["GET"]}}],"collection":[{"href":"https:\/\/blog.causeur.fr\/asiledeblog\/wp-json\/wp\/v2\/posts"}],"about":[{"href":"https:\/\/blog.causeur.fr\/asiledeblog\/wp-json\/wp\/v2\/types\/post"}],"author":[{"embeddable":true,"href":"https:\/\/blog.causeur.fr\/asiledeblog\/wp-json\/wp\/v2\/users\/9"}],"replies":[{"embeddable":true,"href":"https:\/\/blog.causeur.fr\/asiledeblog\/wp-json\/wp\/v2\/comments?post=2410"}],"version-history":[{"count":0,"href":"https:\/\/blog.causeur.fr\/asiledeblog\/wp-json\/wp\/v2\/posts\/2410\/revisions"}],"wp:attachment":[{"href":"https:\/\/blog.causeur.fr\/asiledeblog\/wp-json\/wp\/v2\/media?parent=2410"}],"wp:term":[{"taxonomy":"category","embeddable":true,"href":"https:\/\/blog.causeur.fr\/asiledeblog\/wp-json\/wp\/v2\/categories?post=2410"},{"taxonomy":"post_tag","embeddable":true,"href":"https:\/\/blog.causeur.fr\/asiledeblog\/wp-json\/wp\/v2\/tags?post=2410"}],"curies":[{"name":"wp","href":"https:\/\/api.w.org\/{rel}","templated":true}]}}