{"id":2414,"date":"2017-09-19T09:06:16","date_gmt":"2017-09-19T09:06:16","guid":{"rendered":"http:\/\/blog.causeur.fr\/asiledeblog\/?p=2414"},"modified":"2021-04-26T12:57:00","modified_gmt":"2021-04-26T10:57:00","slug":"nimporte-quoi","status":"publish","type":"post","link":"https:\/\/blog.causeur.fr\/asiledeblog\/nimporte-quoi-2414","title":{"rendered":"N&rsquo;importe quoi !"},"content":{"rendered":"<p><strong>Grossi\u00e8res erreurs made in USA, fantasmes id\u00e9ologiques des Insoumis, amalgames d\u00e9lirants d\u2019Anne Hidalgo\u2026 Ces temps-ci, la v\u00e9rit\u00e9 prend cher !<\/strong><!--more--><\/p>\n<p><strong><span style=\"color: #ff0000\">RMC Info <span style=\"color: #000000\">Autos, fachos, m\u00eame combat !<\/span><\/span><\/strong><\/p>\n<figure id=\"attachment_2415\" aria-describedby=\"caption-attachment-2415\" style=\"width: 300px\" class=\"wp-caption alignright\"><img loading=\"lazy\" decoding=\"async\" class=\"wp-image-2415 size-medium\" src=\"http:\/\/blog.causeur.fr\/asiledeblog\/files\/2017\/09\/VA-42-Hidalgo-300x297.jpg\" alt=\"VA 42 Hidalgo\" width=\"300\" height=\"297\" srcset=\"https:\/\/blog.causeur.fr\/asiledeblog\/wp-content\/uploads\/sites\/10\/2017\/09\/VA-42-Hidalgo-300x297.jpg 300w, https:\/\/blog.causeur.fr\/asiledeblog\/wp-content\/uploads\/sites\/10\/2017\/09\/VA-42-Hidalgo-150x150.jpg 150w, https:\/\/blog.causeur.fr\/asiledeblog\/wp-content\/uploads\/sites\/10\/2017\/09\/VA-42-Hidalgo-303x300.jpg 303w, https:\/\/blog.causeur.fr\/asiledeblog\/wp-content\/uploads\/sites\/10\/2017\/09\/VA-42-Hidalgo-32x32.jpg 32w, https:\/\/blog.causeur.fr\/asiledeblog\/wp-content\/uploads\/sites\/10\/2017\/09\/VA-42-Hidalgo-50x50.jpg 50w, https:\/\/blog.causeur.fr\/asiledeblog\/wp-content\/uploads\/sites\/10\/2017\/09\/VA-42-Hidalgo-64x64.jpg 64w, https:\/\/blog.causeur.fr\/asiledeblog\/wp-content\/uploads\/sites\/10\/2017\/09\/VA-42-Hidalgo-96x96.jpg 96w, https:\/\/blog.causeur.fr\/asiledeblog\/wp-content\/uploads\/sites\/10\/2017\/09\/VA-42-Hidalgo-128x128.jpg 128w, https:\/\/blog.causeur.fr\/asiledeblog\/wp-content\/uploads\/sites\/10\/2017\/09\/VA-42-Hidalgo.jpg 622w\" sizes=\"auto, (max-width: 300px) 100vw, 300px\" \/><figcaption id=\"caption-attachment-2415\" class=\"wp-caption-text\">Mme le maire aurait-elle un petit v\u00e9lo dans la t\u00eate ?<\/figcaption><\/figure>\n<p>Invit\u00e9e par Jean-Jacques Bourdin sur RMC, Anne Hidalgo en a profit\u00e9 pour dresser l\u2019amusante typologie ci-contre des opposants \u00e0 sa politique anti-autos. Amis parisiens \u00e0 quatre roues, \u00e0 vous de nous dire si vous vous sentez personnellement plut\u00f4t facho, plut\u00f4t r\u00e9ac, ou simplement \u00ab macho\u00a0\u00bb\u00a0? (!)<br \/>\nQuant \u00e0 la sibylline attaque contre \u00ab\u00a0<em>certains LREM\u00a0<\/em>\u00bb, il faut pour la comprendre avoir fait des \u00e9tudes de Facebook et Twitter. Elle ne vise pas directement Macron (qu\u2019Anne d\u00e9teste pourtant cordialement) mais l\u2019ancien journaliste Bruno Roger-Petit, r\u00e9cemment promu porte-parole de l\u2019\u00c9lys\u00e9e.<br \/>\nDepuis des ann\u00e9es, sur les r\u00e9seaux sociaux, \u00ab\u00a0BRP\u00a0\u00bb multipliait les critiques virulentes contre Madame le maire et son id\u00e9ologie voiturophobe. Certes, \u00e0 la veille de sa prise de fonction, il a pris soin d\u2019effacer les quelque 20 000 tweets furibards qu\u2019il avait publi\u00e9s sur ce sujet (et tous les autres). N\u2019emp\u00eache\u00a0! Rancuni\u00e8re comme elle est, je ne serais pas surpris d\u2019apprendre sous peu que Mme Hidalgo a d\u00e9cid\u00e9 de transformer la rue du Faubourg-Saint-Honor\u00e9 en gigantesque piste cyclable.<\/p>\n<p><strong><span style=\"color: #ff0000\">Facebook<\/span> Les Insoumis se d\u00e9cha\u00eenent<\/strong><\/p>\n<figure id=\"attachment_2416\" aria-describedby=\"caption-attachment-2416\" style=\"width: 300px\" class=\"wp-caption alignleft\"><img loading=\"lazy\" decoding=\"async\" class=\"size-medium wp-image-2416\" src=\"http:\/\/blog.causeur.fr\/asiledeblog\/files\/2017\/09\/VA-42-JLM-copie-300x199.jpg\" alt=\"Des militants esclaves de leur passion\" width=\"300\" height=\"199\" srcset=\"https:\/\/blog.causeur.fr\/asiledeblog\/wp-content\/uploads\/sites\/10\/2017\/09\/VA-42-JLM-copie-300x199.jpg 300w, https:\/\/blog.causeur.fr\/asiledeblog\/wp-content\/uploads\/sites\/10\/2017\/09\/VA-42-JLM-copie-451x300.jpg 451w, https:\/\/blog.causeur.fr\/asiledeblog\/wp-content\/uploads\/sites\/10\/2017\/09\/VA-42-JLM-copie.jpg 585w\" sizes=\"auto, (max-width: 300px) 100vw, 300px\" \/><figcaption id=\"caption-attachment-2416\" class=\"wp-caption-text\">Des militants esclaves de leur passion.<\/figcaption><\/figure>\n<p>L\u2019an dernier, les opposants \u00e0 la loi El Khomri avaient essay\u00e9 de mobiliser le monde du travail en expliquant que Hollande et Valls voulaient ramener les salari\u00e9s au XIXe si\u00e8cle. Cette ann\u00e9e, rebelote \u2013 m\u00eame si les cartes ont chang\u00e9 de main. <em>Exit<\/em> Mme El Khomri et les frondeurs, place \u00e0 des protagonistes plus consistants\u00a0: \u00e0 ma droite, si j\u2019ose dire, notre nouveau pr\u00e9sident de la R\u00e9publique, h\u00e9raut de la loi travail remix\u00e9e, et en face, Jean-Luc M\u00e9lenchon, autoproclam\u00e9 seul et unique opposant.<br \/>\nLa plupart des observateurs s\u00e9rieux ont pourtant constat\u00e9 que cette nouvelle mouture \u00e9tait encore moins bouleversifiante que la pr\u00e9c\u00e9dente. Qu\u2019importe\u00a0! \u00c0 son habitude, le chef des Insoumis a d\u00e9cid\u00e9 d\u2019en faire des tonnes\u00a0: pour lui, les ordonnances vot\u00e9es par le Parlement constituent un \u00ab\u00a0<em>coup d\u2019Etat\u00a0<\/em><em>social\u00a0<\/em>\u00bb, rien de moins.<br \/>\nLe boss ayant ainsi donn\u00e9 le signal de la surench\u00e8re verbale, ses troupes sont aussit\u00f4t entr\u00e9es en transe sur Internet. Dans ce d\u00e9ferlement d\u2019outrances, on retiendra notamment l\u2019affiche ci-dessus, publi\u00e9e sur Facebook par un camarade r\u00e9pondant au myst\u00e9rieux pseudonyme de \u00ab\u00a0JLM 2017\u00a0\u00bb.<br \/>\nQu\u2019on se le dise\u00a0: \u00e0 l\u2019instar de Hollande, Macron veut nous renvoyer au XIXe si\u00e8cle\u00a0 mais avant J\u00e9sus-Christ\u00a0!<\/p>\n<figure id=\"attachment_2417\" aria-describedby=\"caption-attachment-2417\" style=\"width: 239px\" class=\"wp-caption alignright\"><img loading=\"lazy\" decoding=\"async\" class=\"size-medium wp-image-2417\" src=\"http:\/\/blog.causeur.fr\/asiledeblog\/files\/2017\/09\/VA-42-Fromage-USA-239x300.jpg\" alt=\"-Dans la culture g\u00e9ographique des Am\u00e9ricains, il y a plus de trous que dans le gruy\u00e8re.\" width=\"239\" height=\"300\" srcset=\"https:\/\/blog.causeur.fr\/asiledeblog\/wp-content\/uploads\/sites\/10\/2017\/09\/VA-42-Fromage-USA-239x300.jpg 239w, https:\/\/blog.causeur.fr\/asiledeblog\/wp-content\/uploads\/sites\/10\/2017\/09\/VA-42-Fromage-USA-768x963.jpg 768w, https:\/\/blog.causeur.fr\/asiledeblog\/wp-content\/uploads\/sites\/10\/2017\/09\/VA-42-Fromage-USA-816x1024.jpg 816w, https:\/\/blog.causeur.fr\/asiledeblog\/wp-content\/uploads\/sites\/10\/2017\/09\/VA-42-Fromage-USA.jpg 920w\" sizes=\"auto, (max-width: 239px) 100vw, 239px\" \/><figcaption id=\"caption-attachment-2417\" class=\"wp-caption-text\">&#8211; Dans la culture g\u00e9ographique des Am\u00e9ricains, il y a plus de trous que dans le gruy\u00e8re.<\/figcaption><\/figure>\n<p><strong><span style=\"color: #ff0000\">Twitter<\/span> Dire \u00ab\u00a0cheese\u00a0\u00bb et sourire\u2026<\/strong><\/p>\n<p>Avec sa semaine de promotion des fromages fran\u00e7ais, la cha\u00eene am\u00e9ricaine de supermarch\u00e9s Whole Foods a suscit\u00e9 un joli buzz sur Twitter. Il faut dire que l\u2019op\u00e9ration s\u2019appuyait sur une carte de France si fantaisiste qu\u2019elle a d\u00e9clench\u00e9 l\u2019hilarit\u00e9 g\u00e9n\u00e9rale. Des milliers d\u2019internautes se sont fait un plaisir d\u2019en corriger les multiples erreurs : ainsi ont-ils fait observer que le \u00ab\u00a0brebis\u00a0\u00bb basque ne vient pas de Touraine, et que la fourme d\u2019Ambert n\u2019est pas plus gasconne que le camembert languedocien.<br \/>\nCette le\u00e7on vaut bien un fromage, sans doute.<\/p>\n<p>[Article publi\u00e9 dans <em>Valeurs Actuelles<\/em>]<\/p>\n<p><span style=\"text-indent: 20px;width: auto;padding: 0px 4px 0px 0px;text-align: center;font: bold 11px\/20px 'Helvetica Neue',Helvetica,sans-serif;color: #ffffff;background: #bd081c no-repeat scroll 3px 50% \/ 14px 14px;cursor: pointer\">Enregistrer<\/span><\/p>\n<p><span style=\"text-indent: 20px;width: auto;padding: 0px 4px 0px 0px;text-align: center;font: bold 11px\/20px 'Helvetica Neue',Helvetica,sans-serif;color: #ffffff;background: #bd081c  no-repeat scroll 3px 50% \/ 14px 14px;cursor: pointer\">Enregistrer<\/span><\/p>\n","protected":false},"excerpt":{"rendered":"<p>Grossi\u00e8res erreurs made in USA, fantasmes id\u00e9ologiques des Insoumis, amalgames d\u00e9lirants d\u2019Anne Hidalgo\u2026 Ces temps-ci, la v\u00e9rit\u00e9 prend cher !<\/p>\n","protected":false},"author":9,"featured_media":0,"comment_status":"open","ping_status":"closed","sticky":false,"template":"","format":"standard","meta":{"footnotes":""},"categories":[1],"tags":[748,774,148],"class_list":{"0":"post-2414","1":"post","2":"type-post","3":"status-publish","4":"format-standard","6":"category-non-classe","7":"tag-anne-hidalgo","8":"tag-bruno-roger-petit","9":"tag-jean-luc-melenchon"},"_links":{"self":[{"href":"https:\/\/blog.causeur.fr\/asiledeblog\/wp-json\/wp\/v2\/posts\/2414","targetHints":{"allow":["GET"]}}],"collection":[{"href":"https:\/\/blog.causeur.fr\/asiledeblog\/wp-json\/wp\/v2\/posts"}],"about":[{"href":"https:\/\/blog.causeur.fr\/asiledeblog\/wp-json\/wp\/v2\/types\/post"}],"author":[{"embeddable":true,"href":"https:\/\/blog.causeur.fr\/asiledeblog\/wp-json\/wp\/v2\/users\/9"}],"replies":[{"embeddable":true,"href":"https:\/\/blog.causeur.fr\/asiledeblog\/wp-json\/wp\/v2\/comments?post=2414"}],"version-history":[{"count":0,"href":"https:\/\/blog.causeur.fr\/asiledeblog\/wp-json\/wp\/v2\/posts\/2414\/revisions"}],"wp:attachment":[{"href":"https:\/\/blog.causeur.fr\/asiledeblog\/wp-json\/wp\/v2\/media?parent=2414"}],"wp:term":[{"taxonomy":"category","embeddable":true,"href":"https:\/\/blog.causeur.fr\/asiledeblog\/wp-json\/wp\/v2\/categories?post=2414"},{"taxonomy":"post_tag","embeddable":true,"href":"https:\/\/blog.causeur.fr\/asiledeblog\/wp-json\/wp\/v2\/tags?post=2414"}],"curies":[{"name":"wp","href":"https:\/\/api.w.org\/{rel}","templated":true}]}}