{"id":2432,"date":"2017-10-25T14:32:51","date_gmt":"2017-10-25T14:32:51","guid":{"rendered":"http:\/\/blog.causeur.fr\/asiledeblog\/?p=2432"},"modified":"2021-04-26T12:57:00","modified_gmt":"2021-04-26T10:57:00","slug":"la-petite-boutique-des-erreurs","status":"publish","type":"post","link":"https:\/\/blog.causeur.fr\/asiledeblog\/la-petite-boutique-des-erreurs-2432","title":{"rendered":"La Petite Boutique des erreurs"},"content":{"rendered":"<p><strong>Dans l&rsquo;actualit\u00e9, j&rsquo;ai s\u00e9lectionn\u00e9 pour vous le plus \u00ab croquignolesque \u00bb : un producteur pr\u00e9dateur, un gu\u00e9rillero timbr\u00e9 et des transsexuels flicophobes&#8230;<\/strong><!--more--><\/p>\n<p><strong><span style=\"color: #ff0000\">Twitter<\/span> L&rsquo;Eire du Che<\/strong><\/p>\n<figure id=\"attachment_2434\" aria-describedby=\"caption-attachment-2434\" style=\"width: 207px\" class=\"wp-caption alignleft\"><img loading=\"lazy\" decoding=\"async\" class=\"size-medium wp-image-2434\" src=\"http:\/\/blog.causeur.fr\/asiledeblog\/files\/2017\/10\/cheeire-207x300.jpg\" alt=\"Le gu\u00e9varisme, tigre de papier ?\" width=\"207\" height=\"300\" srcset=\"https:\/\/blog.causeur.fr\/asiledeblog\/wp-content\/uploads\/sites\/10\/2017\/10\/cheeire-207x300.jpg 207w, https:\/\/blog.causeur.fr\/asiledeblog\/wp-content\/uploads\/sites\/10\/2017\/10\/cheeire.jpg 307w\" sizes=\"auto, (max-width: 207px) 100vw, 207px\" \/><figcaption id=\"caption-attachment-2434\" class=\"wp-caption-text\">Le gu\u00e9varisme, tigre de papier ?<\/figcaption><\/figure>\n<p>Tourn\u00e9e g\u00e9n\u00e9rale de mojito dans la gauchosph\u00e8re ! \u00c0 l&rsquo;occasion du cinquantenaire de sa mort, la r\u00e9publique d\u2019Irlande vient d&rsquo;\u00e9diter un timbre \u00e0 l&rsquo;effigie de Che Guevara (un de ses a\u00efeux avait des racines ga\u00e9liques, figurez-vous !).<br \/>\n\u00c0 Dublin, beaucoup de dents ont grinc\u00e9 : l&rsquo;ic\u00f4ne des posters n&rsquo;a pas toujours \u00e9t\u00e9 ce qu&rsquo;on appelle un d\u00e9mocrate exemplaire\u2026 Mais l&rsquo;essentiel n&rsquo;est-il pas qu&rsquo;un pays europ\u00e9en rende enfin un hommage officiel \u00e0 ce vaillant combattant anti-imp\u00e9rialiste ?<br \/>\nVraiment pas rancuniers d&rsquo;ailleurs, ces Irlandais ! \u00c0 chaque fois que l&rsquo;extr\u00eame gauche parle de leur pays, c&rsquo;est pour le conspuer au double titre de paradis fiscal et d&rsquo;enfer ultra-lib\u00e9ral\u2026<\/p>\n<p>&nbsp;<\/p>\n<p><strong><span style=\"color: #ff0000\">Facebook, Twitter, etc.<\/span> Le harceleur harcel\u00e9<br \/>\n<\/strong><\/p>\n<figure id=\"attachment_2435\" aria-describedby=\"caption-attachment-2435\" style=\"width: 222px\" class=\"wp-caption alignright\"><img loading=\"lazy\" decoding=\"async\" class=\"size-medium wp-image-2435\" src=\"http:\/\/blog.causeur.fr\/asiledeblog\/files\/2017\/10\/Harvey_Weinstein-222x300.jpg\" alt=\"\u00ab Les Inrocks \u00bb condamnent Weinstein mais glorifient Cantat... Cherchez l'erreur !\" width=\"222\" height=\"300\" srcset=\"https:\/\/blog.causeur.fr\/asiledeblog\/wp-content\/uploads\/sites\/10\/2017\/10\/Harvey_Weinstein-222x300.jpg 222w, https:\/\/blog.causeur.fr\/asiledeblog\/wp-content\/uploads\/sites\/10\/2017\/10\/Harvey_Weinstein.jpg 323w\" sizes=\"auto, (max-width: 222px) 100vw, 222px\" \/><figcaption id=\"caption-attachment-2435\" class=\"wp-caption-text\">\u00ab Les Inrocks \u00bb condamnent Weinstein mais glorifient Cantat&#8230; Cherchez l&rsquo;erreur !<\/figcaption><\/figure>\n<p>Le buzz mondial du moment, c&rsquo;est incontestablement l&rsquo;affaire Weinstein. Du jour au lendemain, le fondateur de Miramax est devenu plus c\u00e9l\u00e8bre que tous les films qu&rsquo;il a produits.<br \/>\nOn s&rsquo;en doute, les plus virulents contempteurs du milliardaire harceleur se recrutent parmi les internautes de gauche et\/ou f\u00e9ministes. Au passage, il est plaisant de constater que la plupart d&rsquo;entre eux, notamment en France, oublient de mentionner un d\u00e9tail : ledit Weinstein \u00e9tait une figure de la gauche progressiste am\u00e9ricaine, g\u00e9n\u00e9reux m\u00e9c\u00e8ne des campagnes Obama et Clinton.<br \/>\nCertains ont m\u00eame profit\u00e9 du grand d\u00e9ballage pour accuser le magnat d\u00e9chu de toutes les turpitudes\u2026 y compris cin\u00e9matographiques ! C&rsquo;est le cas de nos amis <em>Les Inrocks<\/em>, qui n&rsquo;en ratent pas une. En l\u2019occurrence, ils se lancent dans une laborieuse d\u00e9monstration d&rsquo;o\u00f9 il ressort que sous le tyran professionnel per\u00e7ait d\u00e9j\u00e0, si l&rsquo;on ose dire, le harceleur en s\u00e9rie.<br \/>\nMais qu&rsquo;importe ! L\u2019int\u00e9r\u00eat de cette charge anti-Weinstein r\u00e9side essentiellement dans sa date de parution : la m\u00eame semaine o\u00f9 le magazine consacrait sa une \u00e0 Bertrand Cantat, avec interview sp\u00e9ciale r\u00e9demption et promo ! D\u00e9cid\u00e9ment, les voies de la gauche f\u00e9ministe sont imp\u00e9n\u00e9trables\u2026<\/p>\n<p><strong><span style=\"color: #ff0000\">Facebook<\/span>\u00a0 Antiflics en trans<br \/>\n<\/strong><\/p>\n<figure id=\"attachment_2436\" aria-describedby=\"caption-attachment-2436\" style=\"width: 283px\" class=\"wp-caption alignleft\"><img loading=\"lazy\" decoding=\"async\" class=\"wp-image-2436 size-full\" src=\"http:\/\/blog.causeur.fr\/asiledeblog\/files\/2017\/10\/existrans.jpg\" alt=\"existrans\" width=\"283\" height=\"132\" \/><figcaption id=\"caption-attachment-2436\" class=\"wp-caption-text\">Avis aux flics trans : inutile de noter la date, vous n&rsquo;\u00eates pas les bienvenu\u00b7e\u00b7s !<\/figcaption><\/figure>\n<p>Depuis vingt ans, un collectif d&rsquo;associations de d\u00e9fense des droits des transsexuels appelle chaque automne \u00e0 la marche Existrans, avec le soutien de nombreux groupes LGBT. Mais voil\u00e0 qu&rsquo;une pol\u00e9mique enfle sur le Net \u00e0 l&rsquo;occasion de l&rsquo;\u00e9dition 2017, qui se tient ce samedi. Les organisateurs ont d\u00e9cid\u00e9 cette ann\u00e9e d&rsquo;interdire au groupe Flag!, qui rassemble des policiers gays, lesbiens et trans, de participer au d\u00e9fil\u00e9.<br \/>\nQuant au motif invoqu\u00e9 par le collectif, accrochez-vous : \u00ab Par son refus de condamner explicitement les violences polici\u00e8res subies par les personnes trans, intersexes, et\/ou travailleuses du sexe, et\/ou racis\u00e9es et\/ou sans papiers, [\u2026] Flag! a montr\u00e9 que ses valeurs \u00e9taient incompatibles avec celles d&rsquo;Existrans. \u00bb<br \/>\nCela dit, au printemps dernier, \u00e0 l&rsquo;occasion des obs\u00e8ques de Xavier Jugel\u00e9, le militant de Flag! assassin\u00e9 par un terroriste sur les Champs-\u00c9lys\u00e9es, on avait bien vu quelques inetrnautes pr\u00e9tendument de droite douter qu&rsquo;on puisse \u00eatre un bon flic et militant gay \u00e0 la fois. Ils ont trouv\u00e9 une famille, aujourd&rsquo;hui !<\/p>\n<p>[Article publi\u00e9 dans <em>Valeurs Actuelles<\/em><\/p>\n<p><span style=\"text-indent: 20px;width: auto;padding: 0px 4px 0px 0px;text-align: center;font: bold 11px\/20px 'Helvetica Neue',Helvetica,sans-serif;color: #ffffff;background: #bd081c no-repeat scroll 3px 50% \/ 14px 14px;cursor: pointer\">Enregistrer<\/span><\/p>\n<p><span style=\"text-indent: 20px;width: auto;padding: 0px 4px 0px 0px;text-align: center;font: bold 11px\/20px 'Helvetica Neue',Helvetica,sans-serif;color: #ffffff;background: #bd081c no-repeat scroll 3px 50% \/ 14px 14px;cursor: pointer\">Enregistrer<\/span><\/p>\n<p><span style=\"text-indent: 20px;width: auto;padding: 0px 4px 0px 0px;text-align: center;font: bold 11px\/20px 'Helvetica Neue',Helvetica,sans-serif;color: #ffffff;background: #bd081c  no-repeat scroll 3px 50% \/ 14px 14px;cursor: pointer\">Enregistrer<\/span><\/p>\n","protected":false},"excerpt":{"rendered":"<p>Dans l&rsquo;actualit\u00e9, j&rsquo;ai s\u00e9lectionn\u00e9 pour vous le plus \u00ab croquignolesque \u00bb : un producteur pr\u00e9dateur, un gu\u00e9rillero timbr\u00e9 et des transsexuels flicophobes&#8230;<\/p>\n","protected":false},"author":9,"featured_media":0,"comment_status":"open","ping_status":"closed","sticky":false,"template":"","format":"standard","meta":{"footnotes":""},"categories":[1],"tags":[],"class_list":{"0":"post-2432","1":"post","2":"type-post","3":"status-publish","4":"format-standard","6":"category-non-classe"},"_links":{"self":[{"href":"https:\/\/blog.causeur.fr\/asiledeblog\/wp-json\/wp\/v2\/posts\/2432","targetHints":{"allow":["GET"]}}],"collection":[{"href":"https:\/\/blog.causeur.fr\/asiledeblog\/wp-json\/wp\/v2\/posts"}],"about":[{"href":"https:\/\/blog.causeur.fr\/asiledeblog\/wp-json\/wp\/v2\/types\/post"}],"author":[{"embeddable":true,"href":"https:\/\/blog.causeur.fr\/asiledeblog\/wp-json\/wp\/v2\/users\/9"}],"replies":[{"embeddable":true,"href":"https:\/\/blog.causeur.fr\/asiledeblog\/wp-json\/wp\/v2\/comments?post=2432"}],"version-history":[{"count":0,"href":"https:\/\/blog.causeur.fr\/asiledeblog\/wp-json\/wp\/v2\/posts\/2432\/revisions"}],"wp:attachment":[{"href":"https:\/\/blog.causeur.fr\/asiledeblog\/wp-json\/wp\/v2\/media?parent=2432"}],"wp:term":[{"taxonomy":"category","embeddable":true,"href":"https:\/\/blog.causeur.fr\/asiledeblog\/wp-json\/wp\/v2\/categories?post=2432"},{"taxonomy":"post_tag","embeddable":true,"href":"https:\/\/blog.causeur.fr\/asiledeblog\/wp-json\/wp\/v2\/tags?post=2432"}],"curies":[{"name":"wp","href":"https:\/\/api.w.org\/{rel}","templated":true}]}}