{"id":2437,"date":"2017-11-06T10:34:54","date_gmt":"2017-11-06T10:34:54","guid":{"rendered":"https:\/\/blog.causeur.fr\/asiledeblog\/?p=2437"},"modified":"2021-04-26T12:57:00","modified_gmt":"2021-04-26T10:57:00","slug":"eau-de-boudin","status":"publish","type":"post","link":"https:\/\/blog.causeur.fr\/asiledeblog\/eau-de-boudin-2437","title":{"rendered":"Eau de boudin"},"content":{"rendered":"<p><strong>Quand les suites de l\u2019affaire Weinstein basculent dans un climat de d\u00e9lation g\u00e9n\u00e9ralis\u00e9e, sous la digne banni\u00e8re de #BalanceTonPorc&#8230;<\/strong><!--more--><\/p>\n<p><strong><span style=\"color: #ff0000\">Facebook, Twitter <\/span>\u00c7a balance \u00e0 Paris<\/strong><\/p>\n<p>Le big buzz de la semaine, c\u2019est encore et toujours l\u2019affaire Weinstein, avec son \u00e9l\u00e9gante version fran\u00e7aise sous-titr\u00e9e #BalanceTonPorc. Au programme, d\u00e9lations et retournements de veste en tous genres.<\/p>\n<figure id=\"attachment_2438\" aria-describedby=\"caption-attachment-2438\" style=\"width: 300px\" class=\"wp-caption alignleft\"><img loading=\"lazy\" decoding=\"async\" class=\"size-medium wp-image-2438\" src=\"https:\/\/blog.causeur.fr\/asiledeblog\/files\/2017\/11\/48-DSK-300x200.jpg\" alt=\"En vrai, \u00e0 c\u00f4t\u00e9 de Weinstein, DSK passe un peu pour un guignol\u2026\" width=\"300\" height=\"200\" srcset=\"https:\/\/blog.causeur.fr\/asiledeblog\/wp-content\/uploads\/sites\/10\/2017\/11\/48-DSK-300x200.jpg 300w, https:\/\/blog.causeur.fr\/asiledeblog\/wp-content\/uploads\/sites\/10\/2017\/11\/48-DSK-451x300.jpg 451w, https:\/\/blog.causeur.fr\/asiledeblog\/wp-content\/uploads\/sites\/10\/2017\/11\/48-DSK.jpg 681w\" sizes=\"auto, (max-width: 300px) 100vw, 300px\" \/><figcaption id=\"caption-attachment-2438\" class=\"wp-caption-text\">En vrai, \u00e0 c\u00f4t\u00e9 de Weinstein, DSK passe un peu pour un guignol\u2026<\/figcaption><\/figure>\n<p>\u00c9tonnant num\u00e9ro de transformiste de Bruno Le Maire\u00a0: apr\u00e8s avoir d\u00e9nonc\u00e9 sur Franceinfo les dangers de la d\u00e9lation, le ministre se livre sur son fil Twitter \u00e0 une gla\u00e7ante autocritique o\u00f9, dans le plus pur style mao\u00efste, il s\u2019accuse d\u2019avoir eu tort d\u2019avoir raison.<br \/>\nImpressionnant grand \u00e9cart des <em>Inrocks<\/em> qui, dans une longue lettre \u00e0 ses lecteurs\u00b7trice\u00b7s, tente d\u2019expliquer comment et pourquoi la promo de Bertrand Cantat est compatible avec le f\u00e9minisme radical affich\u00e9 par l\u2019hebdo. Ben voyons.<br \/>\nMais le pompon revient incontestablement \u00e0 une association d\u2019\u00e9tudiants rouennais. Avant m\u00eame le d\u00e9clenchement de toute l\u2019affaire, ces inconscients avaient pr\u00e9vu d\u2019organiser une soir\u00e9e \u00ab\u00a0Dirty Sex Kin\u00e9\u00a0\u00bb, dont l\u2019invitation ci-jointe \u00e9tait illustr\u00e9e par le fameux DSK des Guignols et deux jeunes femmes court v\u00eatues.<br \/>\nLes malheureux ne savaient pas ce qu\u2019ils faisaient\u00a0! Aussit\u00f4t, la gauche locale a hurl\u00e9 au scandale et nos futurs kin\u00e9s ont d\u00fb, au terme de plates excuses sur Facebook, s\u2019engager \u00e0 modifier l\u2019intitul\u00e9 de leur soir\u00e9e. Pourvu qu\u2019ils ne l\u2019aient pas rebaptis\u00e9e \u00ab\u00a0La main de masseur\u00a0\u00bb\u2026<\/p>\n<figure id=\"attachment_2439\" aria-describedby=\"caption-attachment-2439\" style=\"width: 150px\" class=\"wp-caption alignright\"><img loading=\"lazy\" decoding=\"async\" class=\"wp-image-2439 size-thumbnail\" src=\"https:\/\/blog.causeur.fr\/asiledeblog\/files\/2017\/11\/caron-150x150.jpg\" alt=\"Guerre ouverte entre Caron et les f\u00e9ministes\u2026 Le salut est dans la fuite !\" width=\"150\" height=\"150\" srcset=\"https:\/\/blog.causeur.fr\/asiledeblog\/wp-content\/uploads\/sites\/10\/2017\/11\/caron-150x150.jpg 150w, https:\/\/blog.causeur.fr\/asiledeblog\/wp-content\/uploads\/sites\/10\/2017\/11\/caron-32x32.jpg 32w, https:\/\/blog.causeur.fr\/asiledeblog\/wp-content\/uploads\/sites\/10\/2017\/11\/caron-50x50.jpg 50w, https:\/\/blog.causeur.fr\/asiledeblog\/wp-content\/uploads\/sites\/10\/2017\/11\/caron-64x64.jpg 64w, https:\/\/blog.causeur.fr\/asiledeblog\/wp-content\/uploads\/sites\/10\/2017\/11\/caron-96x96.jpg 96w, https:\/\/blog.causeur.fr\/asiledeblog\/wp-content\/uploads\/sites\/10\/2017\/11\/caron-128x128.jpg 128w\" sizes=\"auto, (max-width: 150px) 100vw, 150px\" \/><figcaption id=\"caption-attachment-2439\" class=\"wp-caption-text\">Guerre ouverte entre Caron et les f\u00e9ministes\u2026 Le salut est dans la fuite !<\/figcaption><\/figure>\n<p><span style=\"color: #ff0000\"><strong>Twitter<\/strong> <\/span><strong>\u00c0 manger du foin<\/strong><\/p>\n<p>Avantage collat\u00e9ral du grand d\u00e9ballage actuel, on a vu Aymeric Caron r\u00e9appara\u00eetre sur les \u00e9crans radar. L\u2019ami intime des b\u00eates s\u2019insurge contre ce #BalanceTonPorc qui, \u00e0 l\u2019en croire, serait est un hashtag \u00ab\u00a0<em>sp<\/em><em>\u00e9ciste<\/em>\u00a0\u00bb \u2013 c\u2019est \u00e0 dire raciste envers les animaux\u2026 D\u00e9cid\u00e9ment, tout est bon dans le Caron.<\/p>\n<p>&nbsp;<\/p>\n<p><strong><span style=\"color: #ff0000\">Facebook<\/span> UNEF\u00a0: \u00e7a l\u2019affiche mal\u2026<\/strong><\/p>\n<p>Un \u00e9ni\u00e8me appel \u00e0 manifester contre la loi travail, illustr\u00e9 par une caricature d\u2019Emmanuel Macron\u00a0: <em>a priori,<\/em> cette affichette de l\u2019Unef n\u2019a rien de tr\u00e8s original.<br \/>\nL\u00e0 o\u00f9 \u00e7a devient cocasse, c\u2019est que le croquis en question, non sign\u00e9 sur l\u2019affiche, est d\u00fb \u00e0 l\u2019artiste anticonformiste Marsault. Idole de la r\u00e9acosph\u00e8re, l\u2019auteur est devenu, en bonne logique, la b\u00eate noire des f\u00e9ministes et autres progressistes \u2013 qui ont tent\u00e9 \u00e0 maintes reprises de faire interdire sa page Facebook\u2026 avant de lui piquer un dessin\u00a0!<\/p>\n<figure id=\"attachment_2440\" aria-describedby=\"caption-attachment-2440\" style=\"width: 235px\" class=\"wp-caption alignleft\"><img loading=\"lazy\" decoding=\"async\" class=\"size-medium wp-image-2440\" src=\"https:\/\/blog.causeur.fr\/asiledeblog\/files\/2017\/11\/VA-48-Marsault-Unef-235x300.jpg\" alt=\"L\u2019UNEF a vol\u00e9 un dessin \u00e0 l\u2019artiste r\u00e9ac Marsault \u2013 qui en profite pour lui mettre une bonne gauche\u2026\" width=\"235\" height=\"300\" srcset=\"https:\/\/blog.causeur.fr\/asiledeblog\/wp-content\/uploads\/sites\/10\/2017\/11\/VA-48-Marsault-Unef-235x300.jpg 235w, https:\/\/blog.causeur.fr\/asiledeblog\/wp-content\/uploads\/sites\/10\/2017\/11\/VA-48-Marsault-Unef.jpg 623w\" sizes=\"auto, (max-width: 235px) 100vw, 235px\" \/><figcaption id=\"caption-attachment-2440\" class=\"wp-caption-text\">L\u2019UNEF a vol\u00e9 un dessin \u00e0 l\u2019artiste r\u00e9ac Marsault \u2013 qui en profite pour lui mettre une bonne gauche\u2026<\/figcaption><\/figure>\n<p>Sur le m\u00eame r\u00e9seau, Marsault r\u00e9pond \u00e0 l\u2019UNEF, et au d\u00e9but sa r\u00e9action est (presque) aimable :<em> \u00ab\u00a0Je suis ravi de d\u00e9couvrir que mes dessins fascistes vous plaisent au point de les utiliser pour votre propagande gauchi<\/em>ste.\u00a0\u00bb Et puis, Marsault \u00e9tant ce qu\u2019il est, le ton se fait plus sec sur la fin\u00a0: <em>\u00ab\u00a0Si je vous reprends \u00e0 coller votre \u00e9<\/em><em>criture inclusive <\/em><em>\u00e0 la con sur un de mes dessins, pr<\/em><em>\u00e9alablement vol\u00e9 dans le but de servir votre propagande de petits bourgeois de gauche qui n\u2019<\/em><em>ont de Che Guevara que le tee-shirt fabriqu\u00e9 en Chine par des enfants, je vous d\u00e9clenche un maelstr<\/em><em>\u00f6<\/em><em>m judiciaire qui va tellement vous essorer que vous serez oblig\u00e9 de manger vos tracts pour vous nourrir<\/em>.\u00a0\u00bb<br \/>\nParfois, un petit discours vaut mieux qu\u2019un bon dessin.<\/p>\n<p>&nbsp;<\/p>\n<p>[Article publi\u00e9 dans <em>Valeurs Actuelles<\/em>]<\/p>\n","protected":false},"excerpt":{"rendered":"<p>Quand les suites de l\u2019affaire Weinstein basculent dans un climat de d\u00e9lation g\u00e9n\u00e9ralis\u00e9e, sous la digne banni\u00e8re de #BalanceTonPorc&#8230;<\/p>\n","protected":false},"author":9,"featured_media":0,"comment_status":"open","ping_status":"closed","sticky":false,"template":"","format":"standard","meta":{"footnotes":""},"categories":[1],"tags":[777,501,778],"class_list":{"0":"post-2437","1":"post","2":"type-post","3":"status-publish","4":"format-standard","6":"category-non-classe","7":"tag-balancetonporc","8":"tag-aymeric-caron","9":"tag-marsault"},"_links":{"self":[{"href":"https:\/\/blog.causeur.fr\/asiledeblog\/wp-json\/wp\/v2\/posts\/2437","targetHints":{"allow":["GET"]}}],"collection":[{"href":"https:\/\/blog.causeur.fr\/asiledeblog\/wp-json\/wp\/v2\/posts"}],"about":[{"href":"https:\/\/blog.causeur.fr\/asiledeblog\/wp-json\/wp\/v2\/types\/post"}],"author":[{"embeddable":true,"href":"https:\/\/blog.causeur.fr\/asiledeblog\/wp-json\/wp\/v2\/users\/9"}],"replies":[{"embeddable":true,"href":"https:\/\/blog.causeur.fr\/asiledeblog\/wp-json\/wp\/v2\/comments?post=2437"}],"version-history":[{"count":0,"href":"https:\/\/blog.causeur.fr\/asiledeblog\/wp-json\/wp\/v2\/posts\/2437\/revisions"}],"wp:attachment":[{"href":"https:\/\/blog.causeur.fr\/asiledeblog\/wp-json\/wp\/v2\/media?parent=2437"}],"wp:term":[{"taxonomy":"category","embeddable":true,"href":"https:\/\/blog.causeur.fr\/asiledeblog\/wp-json\/wp\/v2\/categories?post=2437"},{"taxonomy":"post_tag","embeddable":true,"href":"https:\/\/blog.causeur.fr\/asiledeblog\/wp-json\/wp\/v2\/tags?post=2437"}],"curies":[{"name":"wp","href":"https:\/\/api.w.org\/{rel}","templated":true}]}}