{"id":2441,"date":"2017-11-13T13:51:54","date_gmt":"2017-11-13T13:51:54","guid":{"rendered":"https:\/\/blog.causeur.fr\/asiledeblog\/?p=2441"},"modified":"2021-04-26T12:57:00","modified_gmt":"2021-04-26T10:57:00","slug":"tout-ca-ne-rime-a-rien","status":"publish","type":"post","link":"https:\/\/blog.causeur.fr\/asiledeblog\/tout-ca-ne-rime-a-rien-2441","title":{"rendered":"Tout \u00e7a ne rime \u00e0 rien !"},"content":{"rendered":"<p><strong>\u00c9colos sous la douche, Carrefour sur la touche, fautes d\u2019orthographe \u00e0 la louche&#8230;<\/strong><!--more--><\/p>\n<p><strong><span style=\"color: #ff0000\">Twitter<\/span> Tenue d\u2019<\/strong><strong>Eva<\/strong><\/p>\n<figure id=\"attachment_2442\" aria-describedby=\"caption-attachment-2442\" style=\"width: 300px\" class=\"wp-caption alignright\"><img loading=\"lazy\" decoding=\"async\" class=\"wp-image-2442 size-medium\" src=\"https:\/\/blog.causeur.fr\/asiledeblog\/files\/2017\/11\/VA-49-Joly-Douche-300x244.jpg\" alt=\"VA 49 Joly Douche\" width=\"300\" height=\"244\" srcset=\"https:\/\/blog.causeur.fr\/asiledeblog\/wp-content\/uploads\/sites\/10\/2017\/11\/VA-49-Joly-Douche-300x244.jpg 300w, https:\/\/blog.causeur.fr\/asiledeblog\/wp-content\/uploads\/sites\/10\/2017\/11\/VA-49-Joly-Douche-768x624.jpg 768w, https:\/\/blog.causeur.fr\/asiledeblog\/wp-content\/uploads\/sites\/10\/2017\/11\/VA-49-Joly-Douche-369x300.jpg 369w, https:\/\/blog.causeur.fr\/asiledeblog\/wp-content\/uploads\/sites\/10\/2017\/11\/VA-49-Joly-Douche.jpg 915w\" sizes=\"auto, (max-width: 300px) 100vw, 300px\" \/><figcaption id=\"caption-attachment-2442\" class=\"wp-caption-text\">Quand je vois Eva Joly sous la douche, je dis \u00ab Rideau \u00bb !<\/figcaption><\/figure>\n<p>Une photo d\u2019Eva Joly sous la douche, vous en r\u00eaviez\u00a0? Les eurod\u00e9put\u00e9s EELV l\u2019ont fait\u00a0! H\u00e9las, toujours aussi pointilleux sur la d\u00e9fense du f\u00e9minisme int\u00e9gral, ils ne sont pas all\u00e9s jusqu\u2019\u00e0 la diffusion d\u2019images \u00ab\u00a0de charme\u00a0\u00bb. Comme le montre le clich\u00e9 ci-contre, publi\u00e9 sur sa page Twitter, non seulement la tenue d\u2019Eva est parfaitement correcte, mais en plus la majeure partie de son anatomie est cach\u00e9e par une pancarte o\u00f9 l\u2019on peut lire\u00a0: \u00ab\u00a0<em>Plut<\/em><em>\u00f4t que des douches au Parlement europ\u00e9en, j\u2019<\/em><em>en voudrais <\/em><em>\u00e0 Calais.<\/em><em>\u00a0<\/em>\u00bb<br \/>\nPlusieurs autres eurod\u00e9put\u00e9s verts se sont livr\u00e9s au m\u00eame petit jeu sur leur compte Twitter. On pourra trouver \u00e7a grotesque, ou juste un peu neu-neu, mais au moins les \u00e9colos ne renient pas leurs fondamentaux\u00a0: mondialisme \u00e9chevel\u00e9, avec le soutien appuy\u00e9 aux sans-papiers de Calais, et d\u00e9veloppement durable, puisque personne ne pourra les accuser de gaspiller l\u2019eau sous la douche.<\/p>\n<p><strong><span style=\"color: #ff0000\">Facebook<\/span> Comment \u00e7a s\u2019\u00e9crit, Jul<\/strong><strong>\u00a0?<\/strong><\/p>\n<figure id=\"attachment_2443\" aria-describedby=\"caption-attachment-2443\" style=\"width: 262px\" class=\"wp-caption alignleft\"><img loading=\"lazy\" decoding=\"async\" class=\"wp-image-2443 size-medium\" src=\"https:\/\/blog.causeur.fr\/asiledeblog\/files\/2017\/11\/FormatFactoryjul-mauvaise-journee-750x400-262x300.jpg\" alt=\"FormatFactoryjul-mauvaise-journee-750x400\" width=\"262\" height=\"300\" srcset=\"https:\/\/blog.causeur.fr\/asiledeblog\/wp-content\/uploads\/sites\/10\/2017\/11\/FormatFactoryjul-mauvaise-journee-750x400-262x300.jpg 262w, https:\/\/blog.causeur.fr\/asiledeblog\/wp-content\/uploads\/sites\/10\/2017\/11\/FormatFactoryjul-mauvaise-journee-750x400.jpg 349w\" sizes=\"auto, (max-width: 262px) 100vw, 262px\" \/><figcaption id=\"caption-attachment-2443\" class=\"wp-caption-text\">Quatorze fautes en trois lignes\u2026 Chapeau l\u2019artiste !<\/figcaption><\/figure>\n<p>Habitu\u00e9 des meilleures ventes et laur\u00e9at des Victoires de la Musique 2017, le rappeur marseillais Jul ne fait pas seulement parler de lui dans les pages Culture ou People des magazines. Ces derniers temps, on l\u2019a tout d\u2019abord retrouv\u00e9 \u00e0 la rubrique Faits divers, suite \u00e0 une sombre histoire o\u00f9 il \u00e9tait question, en vrac, d\u2019exc\u00e8s de vitesse \u00e0 160 km\/h, d\u2019interpellation par la BAC, de passagers enfouraill\u00e9s, de garde \u00e0 vue et bien s\u00fbr de stup\u00e9fiants.<br \/>\nVous me direz, pour un rappeur, de tels \u00e9tats de service valent L\u00e9gion d\u2019Honneur. Sauf que Jul a un public beaucoup plus familial que les <em>bad boys<\/em> du \u00ab\u00a0gangsta rap\u00a0\u00bb genre Seth Gueko ou La Fouine. Il s\u2019est donc fendu d\u2019un post d\u2019excuses sur sa page Facebook, et l\u00e0 on entre dans la rubrique Tr\u00e9sors de la langue fran\u00e7aise\u00a0: \u00ab\u00a0<em>D<\/em><em>\u00e9sol\u00e9 ma team pour ce qu\u2019<\/em><em>il cest pass<\/em><em>\u00e9. J<\/em><em>e sait qui a des enfant et des parent qui me suive cest pas une bonne image pour tt le monde donc voila je tenez a mescusez\u00a0!\u00a0<\/em>\u00bb On s\u2019en doute, un tel chef-d\u2019\u0153uvre a provoqu\u00e9 une \u00e9norme vague de rigolade sur les r\u00e9seaux sociaux. Ces moqueries ont conduit l\u2019ami Jul \u00e0 pondre un deuxi\u00e8me communiqu\u00e9 d\u00e9non\u00e7ant ceux qui s\u2019amusent \u00e0 le \u00ab\u00a0rabesser\u00a0\u00bb\u00a0: \u00ab\u00a0<em>Ils peuvent parlez jusqu<\/em><em>\u2019\u00e0<\/em><em> demain sur moi ou mon orthographe<\/em><em>\u2026<\/em><em> sa ne matteint pas lol\u00a0!!\u00a0<\/em>\u00bb On notera que le mot \u00ab\u00a0orthographe\u00a0\u00bb, qui n\u2019est pas le plus facile de la langue fran\u00e7aise, est ici \u00e9crit sans la moindre faute. Une \u00e9tourderie, sans doute\u2026<\/p>\n<p><span style=\"color: #ff0000\"><strong>Twitter <\/strong><\/span><strong>T<\/strong><strong>roisi<\/strong><strong>\u00e8me sexe<\/strong><\/p>\n<figure id=\"attachment_2444\" aria-describedby=\"caption-attachment-2444\" style=\"width: 300px\" class=\"wp-caption alignright\"><img loading=\"lazy\" decoding=\"async\" class=\"wp-image-2444 size-medium\" src=\"https:\/\/blog.causeur.fr\/asiledeblog\/files\/2017\/11\/VA-49-poupon-300x225.jpg\" alt=\"VA 49 poupon\" width=\"300\" height=\"225\" srcset=\"https:\/\/blog.causeur.fr\/asiledeblog\/wp-content\/uploads\/sites\/10\/2017\/11\/VA-49-poupon-300x225.jpg 300w, https:\/\/blog.causeur.fr\/asiledeblog\/wp-content\/uploads\/sites\/10\/2017\/11\/VA-49-poupon-768x576.jpg 768w, https:\/\/blog.causeur.fr\/asiledeblog\/wp-content\/uploads\/sites\/10\/2017\/11\/VA-49-poupon-1024x768.jpg 1024w, https:\/\/blog.causeur.fr\/asiledeblog\/wp-content\/uploads\/sites\/10\/2017\/11\/VA-49-poupon-400x300.jpg 400w, https:\/\/blog.causeur.fr\/asiledeblog\/wp-content\/uploads\/sites\/10\/2017\/11\/VA-49-poupon.jpg 2048w\" sizes=\"auto, (max-width: 300px) 100vw, 300px\" \/><figcaption id=\"caption-attachment-2444\" class=\"wp-caption-text\">Avec son poupon ethnique asexu\u00e9, Carrefour en a vu de toutes les couleurs\u2026<\/figcaption><\/figure>\n<p>Les catalogues de jouets de No\u00ebl qui obstruent ces temps-ci votre bo\u00eete aux lettres peuvent aussi receler d\u2019\u00e9tonnantes perles. Ainsi Carrefour s\u2019est-il attir\u00e9 la col\u00e8re de nombreux internautes en proposant un poupon en trois versions\u00a0: \u00ab\u00a0<em>Fille, gar<\/em><em>\u00e7on ou ethnique<\/em>\u00a0\u00bb.<br \/>\nVisiblement, nos pros du marketing se sont pris les pieds dans le tapis. \u00c0 force de vouloir gagner des sous avec la diversit\u00e9 ethnique, ils en ont oubli\u00e9 que les nourrissons de couleur avaient droit aussi \u00e0 une identit\u00e9 sexuelle. Avouez que \u00e7a fait mauvais genre\u2026<\/p>\n<p>[Article publi\u00e9 dans <em>Valeurs Actuelles<\/em>]<\/p>\n<p><span style=\"text-indent: 20px;width: auto;padding: 0px 4px 0px 0px;text-align: center;font: bold 11px\/20px 'Helvetica Neue',Helvetica,sans-serif;color: #ffffff;background: #bd081c  no-repeat scroll 3px 50% \/ 14px 14px;cursor: pointer\">Enregistrer<\/span><\/p>\n","protected":false},"excerpt":{"rendered":"<p>\u00c9colos sous la douche, Carrefour sur la touche, fautes d\u2019orthographe \u00e0 la louche&#8230;<\/p>\n","protected":false},"author":9,"featured_media":0,"comment_status":"open","ping_status":"closed","sticky":false,"template":"","format":"standard","meta":{"footnotes":""},"categories":[1],"tags":[779,780,781,782],"class_list":{"0":"post-2441","1":"post","2":"type-post","3":"status-publish","4":"format-standard","6":"category-non-classe","7":"tag-calais","8":"tag-eeelv","9":"tag-jul","10":"tag-orthographe"},"_links":{"self":[{"href":"https:\/\/blog.causeur.fr\/asiledeblog\/wp-json\/wp\/v2\/posts\/2441","targetHints":{"allow":["GET"]}}],"collection":[{"href":"https:\/\/blog.causeur.fr\/asiledeblog\/wp-json\/wp\/v2\/posts"}],"about":[{"href":"https:\/\/blog.causeur.fr\/asiledeblog\/wp-json\/wp\/v2\/types\/post"}],"author":[{"embeddable":true,"href":"https:\/\/blog.causeur.fr\/asiledeblog\/wp-json\/wp\/v2\/users\/9"}],"replies":[{"embeddable":true,"href":"https:\/\/blog.causeur.fr\/asiledeblog\/wp-json\/wp\/v2\/comments?post=2441"}],"version-history":[{"count":0,"href":"https:\/\/blog.causeur.fr\/asiledeblog\/wp-json\/wp\/v2\/posts\/2441\/revisions"}],"wp:attachment":[{"href":"https:\/\/blog.causeur.fr\/asiledeblog\/wp-json\/wp\/v2\/media?parent=2441"}],"wp:term":[{"taxonomy":"category","embeddable":true,"href":"https:\/\/blog.causeur.fr\/asiledeblog\/wp-json\/wp\/v2\/categories?post=2441"},{"taxonomy":"post_tag","embeddable":true,"href":"https:\/\/blog.causeur.fr\/asiledeblog\/wp-json\/wp\/v2\/tags?post=2441"}],"curies":[{"name":"wp","href":"https:\/\/api.w.org\/{rel}","templated":true}]}}