{"id":2445,"date":"2017-11-23T09:56:24","date_gmt":"2017-11-23T09:56:24","guid":{"rendered":"https:\/\/blog.causeur.fr\/asiledeblog\/?p=2445"},"modified":"2021-04-26T12:57:00","modified_gmt":"2021-04-26T10:57:00","slug":"voies-sur-barges","status":"publish","type":"post","link":"https:\/\/blog.causeur.fr\/asiledeblog\/voies-sur-barges-2445","title":{"rendered":"Voies sur barges"},"content":{"rendered":"<p><strong>\u00c0 la une cette semaine, aberrations en tous genres\u00a0: une camionnette folle, une \u00e9criture d\u00e9lirante et une chanteuse engag\u00e9e compl\u00e8tement d\u00e9rang\u00e9e.<\/strong><!--more--><\/p>\n<p><strong>\u00a0<\/strong><\/p>\n<figure id=\"attachment_2446\" aria-describedby=\"caption-attachment-2446\" style=\"width: 300px\" class=\"wp-caption alignleft\"><img loading=\"lazy\" decoding=\"async\" class=\"size-medium wp-image-2446\" src=\"https:\/\/blog.causeur.fr\/asiledeblog\/files\/2017\/11\/VA-50-Ecriture-Inclusive-300x182.jpg\" alt=\"\u00c9crire en bon fran\u00e7ais : un exercice parfaitement acad\u00e9mique !\" width=\"300\" height=\"182\" srcset=\"https:\/\/blog.causeur.fr\/asiledeblog\/wp-content\/uploads\/sites\/10\/2017\/11\/VA-50-Ecriture-Inclusive-300x182.jpg 300w, https:\/\/blog.causeur.fr\/asiledeblog\/wp-content\/uploads\/sites\/10\/2017\/11\/VA-50-Ecriture-Inclusive-768x465.jpg 768w, https:\/\/blog.causeur.fr\/asiledeblog\/wp-content\/uploads\/sites\/10\/2017\/11\/VA-50-Ecriture-Inclusive-495x300.jpg 495w, https:\/\/blog.causeur.fr\/asiledeblog\/wp-content\/uploads\/sites\/10\/2017\/11\/VA-50-Ecriture-Inclusive.jpg 893w\" sizes=\"auto, (max-width: 300px) 100vw, 300px\" \/><figcaption id=\"caption-attachment-2446\" class=\"wp-caption-text\">\u00c9crire en bon fran\u00e7ais : un exercice parfaitement acad\u00e9mique !<\/figcaption><\/figure>\n<p><strong><span style=\"color: #ff0000\">Facebook<\/span> Lutte contre l\u2019inclusion<\/strong><\/p>\n<p>Selon la presse de gauche unanime, c\u2019est par pur machisme que les Immortels se seraient prononc\u00e9s contre la pr\u00e9tendue \u00e9criture inclusive. Mais l\u2019insolent petit placard ci-contre, qui a fait un malheur dans la r\u00e9acosph\u00e8re, pr\u00e9sente les choses d\u2019une mani\u00e8re d\u2019une mani\u00e8re toute diff\u00e9rente\u2026<br \/>\n\u00c0 gauche, dans le camp des \u00ab\u00a0contre\u00a0\u00bb, trois vieux ronchons du quai de Conti, \u00ab\u00a0<em>dont la fonction depuis 1635 est de normaliser et de perfectionner la langue fran\u00e7aise<\/em>\u00a0\u00bb \u2013 et qui l\u2019estiment aujourd\u2019hui en p\u00e9ril mortel. \u00c0 droite, si j\u2019ose dire, favorable \u00e0 l\u2019\u00e9criture inclusive,\u00a0 la jeune Magalie, \u00ab\u00a0<em>militante anarcho-f\u00e9ministe intersectionnelle LGBT pansexuelle vegan\u00a0<\/em>\u00bb, entre autres qualit\u00e9s.<br \/>\nPersonnellement j\u2019h\u00e9site, et vous\u00a0?<\/p>\n<p><strong><span style=\"color: #ff0000\">Journal de Montr\u00e9al.com<\/span> Apartheid antiraciste<\/strong><\/p>\n<figure id=\"attachment_2447\" aria-describedby=\"caption-attachment-2447\" style=\"width: 300px\" class=\"wp-caption alignright\"><img loading=\"lazy\" decoding=\"async\" class=\"size-medium wp-image-2447\" src=\"https:\/\/blog.causeur.fr\/asiledeblog\/files\/2017\/11\/VA-50-Lido-300x163.jpg\" alt=\"Pour la musicienne gauchiste, une noire vaut deux blanches.\" width=\"300\" height=\"163\" srcset=\"https:\/\/blog.causeur.fr\/asiledeblog\/wp-content\/uploads\/sites\/10\/2017\/11\/VA-50-Lido-300x163.jpg 300w, https:\/\/blog.causeur.fr\/asiledeblog\/wp-content\/uploads\/sites\/10\/2017\/11\/VA-50-Lido.jpg 470w\" sizes=\"auto, (max-width: 300px) 100vw, 300px\" \/><figcaption id=\"caption-attachment-2447\" class=\"wp-caption-text\">Pour la musicienne gauchiste, une noire vaut deux blanches.<\/figcaption><\/figure>\n<p>Il faut toujours \u00eatre attentif \u00e0 ce qui se passe au Canada en mati\u00e8re soci\u00e9tale, tout simplement parce que \u00e7a nous pend au nez\u00a0! (Voir la fameuse \u00e9criture inclusive, qui avait envahi la Belle Province longtemps avant d\u2019aborder nos c\u00f4tes\u2026)<br \/>\n\u00c0 cet \u00e9gard, les faits relat\u00e9s par Sophie Durocher sur le site du <em>Journal de Montr\u00e9al<\/em> font froid dans le dos. Ils concernent Lido Pimienta, laur\u00e9ate cette ann\u00e9e du prestigieux prix Polaris, l\u2019\u00e9quivalent local de nos Victoires de la Musique. Le 19 octobre dernier, lors du festival Pop Explosion \u00e0 Halifax, la chanteuse noire canadienne a exig\u00e9 de son public qu\u2019il se r\u00e9partisse en trois groupes\u00a0: les hommes au fond, les femmes devant et les femmes de couleur au premier rang.<br \/>\nLe pire, c\u2019est que les spectateurs ont tous ob\u00e9i. Tous sauf une\u00a0: une b\u00e9n\u00e9vole (blanche) du festival, qui \u00e9tait pr\u00e8s de la sc\u00e8ne pour prendre des photos et qui a refus\u00e9 de bouger. Du coup, Lido a piqu\u00e9 sa crise, et la photographe r\u00e9calcitrante a \u00e9t\u00e9 expuls\u00e9e <em>manu militari<\/em>\u2026 Et comme si \u00e7a ne suffisait pas, au lendemain des faits, la direction du Festival a pr\u00e9sent\u00e9 ses excuses \u00e0 l\u2019artiste, non sans s\u2019engager \u00e0 faire suivre \u00e0 ses employ\u00e9s \u00ab\u00a0<em>des formations d\u2019\u00e9ducation antiraciste et anti-oppression\u00a0<\/em>\u00bb.<br \/>\nUn geste qui s\u2019imposait, \u00e0 en croire l\u2019artiste engag\u00e9e, pour qui <em>\u00ab\u00a0nous sommes sur le bon chemin en d\u00e9sapprenant les mani\u00e8res de l\u2019Occident patriarcal, soi-disant civilis\u00e9<\/em>.\u00a0\u00bb Et moi qui croyais b\u00eatement que s\u00e9parer les gens en fonction de leur couleur de peau, c\u2019\u00e9tait plut\u00f4t le programme du Ku Klux Klan\u2026<\/p>\n<figure id=\"attachment_2448\" aria-describedby=\"caption-attachment-2448\" style=\"width: 300px\" class=\"wp-caption alignleft\"><img loading=\"lazy\" decoding=\"async\" class=\"size-medium wp-image-2448\" src=\"https:\/\/blog.causeur.fr\/asiledeblog\/files\/2017\/11\/VA-50-Libee\u030c-copie-300x224.jpg\" alt=\"Plus fort que la Google Car : le camion sans chauffeur !\" width=\"300\" height=\"224\" srcset=\"https:\/\/blog.causeur.fr\/asiledeblog\/wp-content\/uploads\/sites\/10\/2017\/11\/VA-50-Libee\u030c-copie-300x224.jpg 300w, https:\/\/blog.causeur.fr\/asiledeblog\/wp-content\/uploads\/sites\/10\/2017\/11\/VA-50-Libee\u030c-copie-768x574.jpg 768w, https:\/\/blog.causeur.fr\/asiledeblog\/wp-content\/uploads\/sites\/10\/2017\/11\/VA-50-Libee\u030c-copie-402x300.jpg 402w, https:\/\/blog.causeur.fr\/asiledeblog\/wp-content\/uploads\/sites\/10\/2017\/11\/VA-50-Libee\u030c-copie.jpg 936w\" sizes=\"auto, (max-width: 300px) 100vw, 300px\" \/><figcaption id=\"caption-attachment-2448\" class=\"wp-caption-text\">Plus fort que la Google Car : le camion sans chauffeur !<\/figcaption><\/figure>\n<p><strong><span style=\"color: #ff0000\">Facebook, Twitter<\/span> Autocensure \u00e0 \u00ab\u00a0Lib\u00e9\u00a0\u00bb<\/strong><\/p>\n<p>Grosse bronca chez les internautes apr\u00e8s que <em>Lib\u00e9ration <\/em>a publi\u00e9 sur son site le compte-rendu ci-contre de l\u2019attentat sanglant de Manhattan. \u00c0 ce tarif, ont demand\u00e9 en substance nombre de commentateurs, pourquoi le quotidien n\u2019a-t-il pas d\u00e9nonc\u00e9 le fusil d\u2019assaut coupable du massacre de Las Vegas\u00a0? D\u2019autres ont \u00e9voqu\u00e9 \u00ab\u00a0<em>Christine<\/em>\u00a0\u00bb, la fameuse voiture tueuse du film fantastique \u00e9ponyme de John Carpenter. Toujours est-il que, quelques heures plus tard, le titre de Lib\u00e9ration devenait \u00ab\u00a0<em>Huit personnes tu\u00e9es par un chauffeur<\/em>\u00a0\u00bb. Pour lire le mot \u00ab\u00a0islamiste\u00a0\u00bb, il faudra encore patienter un peu\u2026<\/p>\n<p>[Article publi\u00e9 dans <em>Valeurs Actuelles<\/em>]<\/p>\n<p><span style=\"text-indent: 20px;width: auto;padding: 0px 4px 0px 0px;text-align: center;font: bold 11px\/20px 'Helvetica Neue',Helvetica,sans-serif;color: #ffffff;background: #bd081c  no-repeat scroll 3px 50% \/ 14px 14px;cursor: pointer\">Enregistrer<\/span><\/p>\n","protected":false},"excerpt":{"rendered":"<p>\u00c0 la une cette semaine, aberrations en tous genres\u00a0: une camionnette folle, une \u00e9criture d\u00e9lirante et une chanteuse engag\u00e9e compl\u00e8tement d\u00e9rang\u00e9e.<\/p>\n","protected":false},"author":9,"featured_media":0,"comment_status":"open","ping_status":"closed","sticky":false,"template":"","format":"standard","meta":{"footnotes":""},"categories":[1],"tags":[784,783],"class_list":{"0":"post-2445","1":"post","2":"type-post","3":"status-publish","4":"format-standard","6":"category-non-classe","7":"tag-antiracisme","8":"tag-ecriture-inclusive"},"_links":{"self":[{"href":"https:\/\/blog.causeur.fr\/asiledeblog\/wp-json\/wp\/v2\/posts\/2445","targetHints":{"allow":["GET"]}}],"collection":[{"href":"https:\/\/blog.causeur.fr\/asiledeblog\/wp-json\/wp\/v2\/posts"}],"about":[{"href":"https:\/\/blog.causeur.fr\/asiledeblog\/wp-json\/wp\/v2\/types\/post"}],"author":[{"embeddable":true,"href":"https:\/\/blog.causeur.fr\/asiledeblog\/wp-json\/wp\/v2\/users\/9"}],"replies":[{"embeddable":true,"href":"https:\/\/blog.causeur.fr\/asiledeblog\/wp-json\/wp\/v2\/comments?post=2445"}],"version-history":[{"count":0,"href":"https:\/\/blog.causeur.fr\/asiledeblog\/wp-json\/wp\/v2\/posts\/2445\/revisions"}],"wp:attachment":[{"href":"https:\/\/blog.causeur.fr\/asiledeblog\/wp-json\/wp\/v2\/media?parent=2445"}],"wp:term":[{"taxonomy":"category","embeddable":true,"href":"https:\/\/blog.causeur.fr\/asiledeblog\/wp-json\/wp\/v2\/categories?post=2445"},{"taxonomy":"post_tag","embeddable":true,"href":"https:\/\/blog.causeur.fr\/asiledeblog\/wp-json\/wp\/v2\/tags?post=2445"}],"curies":[{"name":"wp","href":"https:\/\/api.w.org\/{rel}","templated":true}]}}