{"id":2450,"date":"2017-12-05T12:24:34","date_gmt":"2017-12-05T12:24:34","guid":{"rendered":"https:\/\/blog.causeur.fr\/asiledeblog\/?p=2450"},"modified":"2021-04-26T12:57:00","modified_gmt":"2021-04-26T10:57:00","slug":"la-faute-de-labbe-enthoven","status":"publish","type":"post","link":"https:\/\/blog.causeur.fr\/asiledeblog\/la-faute-de-labbe-enthoven-2450","title":{"rendered":"La faute de l&rsquo;abb\u00e9 Enthoven"},"content":{"rendered":"<p><strong><em>Quel bordel ! Plus personne ne tient sa place&#8230; Les annonceurs se moquent d\u2019eux-m\u00eames, les Verts r\u00e9\u00e9crivent le dico et un pr\u00e9dicateur ath\u00e9e fait son <\/em>mea culpa<em>\u00a0!<\/em><\/strong><!--more--><\/p>\n<p><strong><span style=\"color: #ff0000\">Facebook<\/span> D\u00e9claration de matrimoine<\/strong><\/p>\n<figure id=\"attachment_2454\" aria-describedby=\"caption-attachment-2454\" style=\"width: 300px\" class=\"wp-caption alignleft\"><img loading=\"lazy\" decoding=\"async\" class=\"size-medium wp-image-2454\" src=\"https:\/\/blog.causeur.fr\/asiledeblog\/files\/2017\/12\/Capture-d\u2019e\u0301cran-2017-12-05-a\u0300-13.21.03-300x235.png\" alt=\"Et le 11 novembre, devra-t-on rendre hommage aux mort.e.s pour la Matrie ?\" width=\"300\" height=\"235\" srcset=\"https:\/\/blog.causeur.fr\/asiledeblog\/wp-content\/uploads\/sites\/10\/2017\/12\/Capture-d\u2019e\u0301cran-2017-12-05-a\u0300-13.21.03-300x235.png 300w, https:\/\/blog.causeur.fr\/asiledeblog\/wp-content\/uploads\/sites\/10\/2017\/12\/Capture-d\u2019e\u0301cran-2017-12-05-a\u0300-13.21.03-382x300.png 382w, https:\/\/blog.causeur.fr\/asiledeblog\/wp-content\/uploads\/sites\/10\/2017\/12\/Capture-d\u2019e\u0301cran-2017-12-05-a\u0300-13.21.03.png 668w\" sizes=\"auto, (max-width: 300px) 100vw, 300px\" \/><figcaption id=\"caption-attachment-2454\" class=\"wp-caption-text\">Et le 11 novembre, devra-t-on rendre hommage aux mort.e.s pour la Matrie ?<\/figcaption><\/figure>\n<p>\u00ab\u00a0<em>En r\u00e9habilitant la notion de matrimoine et les femmes qui le composent, nous nous r\u00e9approprierons l\u2019h\u00e9ritage culturel qu\u2019on nous vole. <\/em>\u00bb Avec cette m\u00e2le d\u00e9claration, Jo\u00eblle Morel, porte-parole du groupe EELV au conseil de Paris a d\u00e9clench\u00e9 sur les r\u00e9seau une gigantesque vague de lazzis.<br \/>\nIci, un twittos exige qu\u2019on respecte d\u00e9sormais la \u00ab\u00a0marit\u00e9\u00a0\u00bb\u00a0; l\u00e0, un juriste s\u2019inqui\u00e8te de l\u2019expression \u00ab\u00a0r\u00e9gime matrimonial\u00a0\u00bb, \u00ab\u00a0<em>ignoblement discriminatoire envers les couples d\u2019hommes mari\u00e9s<\/em>\u00a0\u00bb. Et un peu partout, des internautes sugg\u00e8rent qu\u2019au lieu de violenter ainsi les mouches, les \u00e9colos commencent par se rebaptiser eux-m\u00eames EELVeLV (Europe \u00c9cologie Les Vertes et Les Verts).<\/p>\n<p><strong><span style=\"color: #ff0000\">Europe 1, Facebook, Twitter<\/span> Faute avou\u00e9e\u2026<\/strong><\/p>\n<figure id=\"attachment_2451\" aria-describedby=\"caption-attachment-2451\" style=\"width: 296px\" class=\"wp-caption alignright\"><img loading=\"lazy\" decoding=\"async\" class=\"size-medium wp-image-2451\" src=\"https:\/\/blog.causeur.fr\/asiledeblog\/files\/2017\/12\/VA-53-Enthoven-296x300.jpg\" alt=\"Si le philosophe m\u00e9diatique est finalement all\u00e9 \u00e0 Canossa, c\u2019est que les cathos n\u2019ont pas tendu la joue gauche\u2026\" width=\"296\" height=\"300\" srcset=\"https:\/\/blog.causeur.fr\/asiledeblog\/wp-content\/uploads\/sites\/10\/2017\/12\/VA-53-Enthoven-296x300.jpg 296w, https:\/\/blog.causeur.fr\/asiledeblog\/wp-content\/uploads\/sites\/10\/2017\/12\/VA-53-Enthoven-768x779.jpg 768w, https:\/\/blog.causeur.fr\/asiledeblog\/wp-content\/uploads\/sites\/10\/2017\/12\/VA-53-Enthoven-32x32.jpg 32w, https:\/\/blog.causeur.fr\/asiledeblog\/wp-content\/uploads\/sites\/10\/2017\/12\/VA-53-Enthoven-50x50.jpg 50w, https:\/\/blog.causeur.fr\/asiledeblog\/wp-content\/uploads\/sites\/10\/2017\/12\/VA-53-Enthoven-64x64.jpg 64w, https:\/\/blog.causeur.fr\/asiledeblog\/wp-content\/uploads\/sites\/10\/2017\/12\/VA-53-Enthoven-96x96.jpg 96w, https:\/\/blog.causeur.fr\/asiledeblog\/wp-content\/uploads\/sites\/10\/2017\/12\/VA-53-Enthoven.jpg 769w\" sizes=\"auto, (max-width: 296px) 100vw, 296px\" \/><figcaption id=\"caption-attachment-2451\" class=\"wp-caption-text\">Si le philosophe m\u00e9diatique est finalement all\u00e9 \u00e0 Canossa, c\u2019est que les cathos n\u2019ont pas tendu la joue gauche\u2026<\/figcaption><\/figure>\n<p>Fin novembre, dans une de ses chroniques quotidiennes sur Europe 1, le philosophe m\u00e9diatique Rapha\u00ebl Enthoven s\u2019est livr\u00e9 \u00e0 une audacieuse ex\u00e9g\u00e8se du <em>Notre P\u00e8re<\/em> modifi\u00e9 qui entrera en vigueur ce dimanche. \u00c0 l\u2019en croire, si l\u2019\u00c9glise a \u00ab\u00a0<em>\u00f4t\u00e9 du texte l\u2019id\u00e9e de soumission<\/em>\u00a0\u00bb, c\u2019est pour mieux se distinguer des musulmans, cens\u00e9s la pratiquer.<br \/>\nAussit\u00f4t, l\u2019ensemble de la cathosph\u00e8re s\u2019est mobilis\u00e9e pour lui sonner les cloches \u00e0 l\u2019unisson. Mgr\u00a0Olivier Ribadeau-Dumas, porte-parole de la Conf\u00e9rence des \u00e9v\u00eaques, a donn\u00e9 le la avec un tweet sans appel\u00a0: \u00ab\u00a0<em>Rapha\u00ebl Enthoven en th\u00e9ologien et liturge, c\u2019est tout simplement triste et ridicule\u00a0<\/em>\u00bb. \u00ab\u00a0<em>Complotisme de comptoir\u00a0!\u00a0<\/em>\u00bb ench\u00e9rit Jean-Pierre Denis de <em>La Vie<\/em>. De son c\u00f4t\u00e9, l\u2019abb\u00e9 Grosjean, grand geek devant l\u2019Eternel, souligne \u00e0 quel point, en cette p\u00e9riode marqu\u00e9e par le terrorisme, \u00ab\u00a0<em>il est dangereux et irresponsable d\u2019accuser avec l\u00e9g\u00e8ret\u00e9 tous les chr\u00e9tiens d\u2019islamophobie\u00a0<\/em>\u00bb. Bref, en deux minutes d\u2019antenne, notre chroniqueur inspir\u00e9 a r\u00e9ussi \u00e0 unifier contre lui cathos de gauche, de droite et d\u2019ailleurs. Miraculeux, non\u00a0?<br \/>\nN\u2019emp\u00eache\u00a0! Le lendemain, toujours sur Twitter, Enthoven persiste et signe\u00a0: \u201c<em>La virulence des r\u00e9actions, les arguments d&rsquo;autorit\u00e9 (\u2026) commencent \u00e0 me faire penser que j&rsquo;ai vis\u00e9 juste.<\/em>\u00a0\u00bb Un ent\u00eatement que Jean-Pierre Denis traduit \u00e0 sa fa\u00e7on\u00a0: \u00ab\u00a0<em>J\u2019ai dit n\u2019importe quoi et suis incapable de d\u00e9fendre mes \u00e9lucubrations. \u00c7a prouve que j\u2019ai raison\u00a0<\/em>\u00bb.<br \/>\nFace au toll\u00e9 grandissant, cette absurde ligne de d\u00e9fense ne tiendra pas longtemps\u2026 Deux jours apr\u00e8s sa saillie, Enthoven consacre tout son temps d\u2019antenne \u00e0 pr\u00e9senter ses plus plates excuses pour cette chronique, \u00ab\u00a0<em>impardonnable<\/em>\u00a0\u00bb.<br \/>\nNe t\u2019inqui\u00e8te donc pas, Rapha\u00ebl\u00a0! Dans cette religion catholique que d\u00e9cid\u00e9ment tu ma\u00eetrises si mal, avec ton\u00a0<em>mea culpa<\/em>, tu es d\u00e9j\u00e0 pardonn\u00e9. \u00c0 condition, bien s\u00fbr, que ton repentir soit sinc\u00e8re\u2026<\/p>\n<p><strong><span style=\"color: #ff0000\">Facebook, Twitter <\/span>Une page de publicit\u00e9<\/strong><\/p>\n<figure id=\"attachment_2455\" aria-describedby=\"caption-attachment-2455\" style=\"width: 263px\" class=\"wp-caption alignleft\"><img loading=\"lazy\" decoding=\"async\" class=\"size-medium wp-image-2455\" src=\"https:\/\/blog.causeur.fr\/asiledeblog\/files\/2017\/12\/VA-53-Pub-Decatlhon-263x300.jpg\" alt=\"Les cr\u00e9atifs de D\u00e9cathlon tiennent la forme.\" width=\"263\" height=\"300\" srcset=\"https:\/\/blog.causeur.fr\/asiledeblog\/wp-content\/uploads\/sites\/10\/2017\/12\/VA-53-Pub-Decatlhon-263x300.jpg 263w, https:\/\/blog.causeur.fr\/asiledeblog\/wp-content\/uploads\/sites\/10\/2017\/12\/VA-53-Pub-Decatlhon.jpg 404w\" sizes=\"auto, (max-width: 263px) 100vw, 263px\" \/><figcaption id=\"caption-attachment-2455\" class=\"wp-caption-text\">Les cr\u00e9atifs de D\u00e9cathlon tiennent la forme.<\/figcaption><\/figure>\n<p>Beaucoup d\u2019internautes vitup\u00e8rent volontiers l\u2019invasion de la toile par les pubs \u2013 et le fameux <em>Black Friday<\/em> n\u2019a rien arrang\u00e9. Moi, en revanche, je ne m\u2019en plains pas. Certaine annonces publicitaires sur internet sont dr\u00f4les, voire empreintes d\u2019autod\u00e9rision, comme ce tweet de D\u00e9cathlon. Et puis surtout, est-il bien raisonnable de r\u00e2ler contre la pub sur des r\u00e9seaux sociaux qui, sans elle, n\u2019existeraient pas\u00a0?<\/p>\n<p>&nbsp;<\/p>\n<p>[Article publi\u00e9 dans <em>Valeurs<\/em> <em>Actuelles<\/em>].<\/p>\n","protected":false},"excerpt":{"rendered":"<p>Quel bordel ! Plus personne ne tient sa place&#8230; Les annonceurs se moquent d\u2019eux-m\u00eames, les Verts r\u00e9\u00e9crivent le dico et un pr\u00e9dicateur ath\u00e9e fait son mea culpa\u00a0!<\/p>\n","protected":false},"author":9,"featured_media":0,"comment_status":"open","ping_status":"closed","sticky":false,"template":"","format":"standard","meta":{"footnotes":""},"categories":[1],"tags":[],"class_list":{"0":"post-2450","1":"post","2":"type-post","3":"status-publish","4":"format-standard","6":"category-non-classe"},"_links":{"self":[{"href":"https:\/\/blog.causeur.fr\/asiledeblog\/wp-json\/wp\/v2\/posts\/2450","targetHints":{"allow":["GET"]}}],"collection":[{"href":"https:\/\/blog.causeur.fr\/asiledeblog\/wp-json\/wp\/v2\/posts"}],"about":[{"href":"https:\/\/blog.causeur.fr\/asiledeblog\/wp-json\/wp\/v2\/types\/post"}],"author":[{"embeddable":true,"href":"https:\/\/blog.causeur.fr\/asiledeblog\/wp-json\/wp\/v2\/users\/9"}],"replies":[{"embeddable":true,"href":"https:\/\/blog.causeur.fr\/asiledeblog\/wp-json\/wp\/v2\/comments?post=2450"}],"version-history":[{"count":0,"href":"https:\/\/blog.causeur.fr\/asiledeblog\/wp-json\/wp\/v2\/posts\/2450\/revisions"}],"wp:attachment":[{"href":"https:\/\/blog.causeur.fr\/asiledeblog\/wp-json\/wp\/v2\/media?parent=2450"}],"wp:term":[{"taxonomy":"category","embeddable":true,"href":"https:\/\/blog.causeur.fr\/asiledeblog\/wp-json\/wp\/v2\/categories?post=2450"},{"taxonomy":"post_tag","embeddable":true,"href":"https:\/\/blog.causeur.fr\/asiledeblog\/wp-json\/wp\/v2\/tags?post=2450"}],"curies":[{"name":"wp","href":"https:\/\/api.w.org\/{rel}","templated":true}]}}