{"id":2479,"date":"2018-01-26T11:13:11","date_gmt":"2018-01-26T11:13:11","guid":{"rendered":"https:\/\/blog.causeur.fr\/asiledeblog\/?p=2479"},"modified":"2021-04-26T12:57:00","modified_gmt":"2021-04-26T10:57:00","slug":"pin-pon","status":"publish","type":"post","link":"https:\/\/blog.causeur.fr\/asiledeblog\/pin-pon-2479","title":{"rendered":"Pin-Pon"},"content":{"rendered":"<p><strong>Harcel\u00e9s par les racailles, nos pompiers hurlent \u00ab\u00a0Au feu\u00a0!\u00a0\u00bb. Et rien qu\u2019\u00e0 voir la une de L\u2019<em>Obs<\/em> sur le droit d\u2019asile, on a envie de crier : \u00ab\u00a0Au fou\u00a0!\u00a0\u00bb<\/strong><!--more--><\/p>\n<figure id=\"attachment_2480\" aria-describedby=\"caption-attachment-2480\" style=\"width: 220px\" class=\"wp-caption alignleft\"><img loading=\"lazy\" decoding=\"async\" class=\"wp-image-2480 \" src=\"https:\/\/blog.causeur.fr\/asiledeblog\/files\/2018\/01\/VA-59-Obs-Macron-232x300.jpg\" alt=\"VA 59 Obs Macron\" width=\"220\" height=\"281\" \/><figcaption id=\"caption-attachment-2480\" class=\"wp-caption-text\">Quand la gauche caviar se fait des frayeurs\u2026<\/figcaption><\/figure>\n<p><strong>L\u2019<span style=\"color: #ff0000\">Obs<\/span> Cousu de fil barbel\u00e9<\/strong><\/p>\n<p>Grosse col\u00e8re contre <em>L\u2019Obs<\/em> chez les internautes proches d\u2019En Marche\u00a0! Il est vrai que l\u2019hebdo de gauche n\u2019a pas fait dans la nuance pour critiquer la politique migratoire suppos\u00e9ment indigne du pr\u00e9sident. Noir et blanc, barbel\u00e9s\u2026 On sent bien que l\u2019infographiste maison a d\u00fb se retenir pour ne pas rajouter au tableau une m\u00e8che et une moustache.<br \/>\n\u00c0 d\u00e9faut d\u2019\u00eatre subtil, le message est clair\u00a0: le projet de loi en pr\u00e9paration sur l\u2019immigration et l\u2019asile rel\u00e8ve du droitisme le plus \u00e9hont\u00e9\u00a0! Une position amusante, quand on sait que les m\u00eames nous ont expliqu\u00e9 pendant des mois qu\u2019il fallait absolument voter Macron pour \u00e9liminer les naus\u00e9abonds Fillon et Le Pen.<\/p>\n<figure id=\"attachment_2481\" aria-describedby=\"caption-attachment-2481\" style=\"width: 300px\" class=\"wp-caption alignright\"><img loading=\"lazy\" decoding=\"async\" class=\"size-medium wp-image-2481\" src=\"https:\/\/blog.causeur.fr\/asiledeblog\/files\/2018\/01\/VA59-LCI-Djihad-300x215.jpg\" alt=\"Pas tr\u00e8s convaincante, cette version salafiste de \u00ab Si j\u2019aurais su, j\u2019aurais pas venu \u00bb\u2026\" width=\"300\" height=\"215\" srcset=\"https:\/\/blog.causeur.fr\/asiledeblog\/wp-content\/uploads\/sites\/10\/2018\/01\/VA59-LCI-Djihad-300x215.jpg 300w, https:\/\/blog.causeur.fr\/asiledeblog\/wp-content\/uploads\/sites\/10\/2018\/01\/VA59-LCI-Djihad-418x300.jpg 418w, https:\/\/blog.causeur.fr\/asiledeblog\/wp-content\/uploads\/sites\/10\/2018\/01\/VA59-LCI-Djihad.jpg 686w\" sizes=\"auto, (max-width: 300px) 100vw, 300px\" \/><figcaption id=\"caption-attachment-2481\" class=\"wp-caption-text\">Pas tr\u00e8s convaincante, cette version salafiste de \u00ab Si j\u2019aurais su, j\u2019aurais pas venu \u00bb\u2026<\/figcaption><\/figure>\n<p><strong><span style=\"color: #ff0000\">Facebook, Twitter<\/span> Radicalis\u00e9 ridiculis\u00e9<\/strong><\/p>\n<p>On se souvient de Jawad Bendaoud, actuellement jug\u00e9. Il \u00e9tait devenu la ris\u00e9e de la France enti\u00e8re en expliquant face cam\u00e9ra qu\u2019il croyait \u00ab\u00a0<em>rendre service\u00a0<\/em>\u00bb \u00e0 d\u2019inoffensifs touristes.<br \/>\nEh bien, le Jawad nouveau est arriv\u00e9\u00a0! Il s\u2019appelle Thomas Barnouin et, en 24 heures \u00e0 peine, il est devenu une star des r\u00e9seaux sociaux malgr\u00e9 lui. Converti \u00e0 l\u2019islam en 1999, ce djihadiste fran\u00e7ais a rejoint le groupe Etat islamique en Syrie en 2014, avec femme et enfants.<br \/>\nBarnouin a \u00e9t\u00e9 captur\u00e9 lors de la lib\u00e9ration de Raqqa par les combattants kurdes. Ceux-ci ont diffus\u00e9 une longue vid\u00e9o de leur prisonnier o\u00f9 il tente de justifier son implication dans l\u2019organisation terroriste\u00a0: \u00ab\u00a0<em>J\u2019ai combattu pour Daech pendant quatre ans. Quand j\u2019ai compris que c\u2019\u00e9taient des criminels, alors j\u2019ai essay\u00e9 de les quitter\u00a0<\/em>\u00bb. Cette repentance aussi grotesque que tardive a donn\u00e9 lieu \u00e0 un festival de parodies sur les r\u00e9seaux sociaux.<br \/>\n<em>\u00ab\u00a0Oui,<\/em> \u00e9crit l\u2019humoriste St\u00e9phane Rose, <em>c\u2019est comme moi\u00a0: j\u2019ai d\u00e9cid\u00e9 d\u2019arr\u00eater le kouign amann quand j\u2019appris que c\u2019\u00e9tait hypercalorique. Mais de prime abord, un truc \u00e0 base de beurre et de sucre, je ne me suis pas m\u00e9fi\u00e9.\u00a0<\/em>\u00bb Et le militant la\u00efc Amine El Khatmi de surench\u00e9rir\u00a0: \u00ab\u00a0<em>Je suis all\u00e9 \u00e0 la F\u00eate de la Bi\u00e8re, mais quand j\u2019ai vu qu\u2019il y avait de l\u2019alcool, j\u2019ai voulu repartir.<\/em>\u00a0\u00bb Mais c\u2019est un twittos anonyme qui a battu les records de reprises avec ce gag un rien taquin\u00a0: \u00ab\u00a0<em>Au d\u00e9but, quand ils d\u00e9capitaient les gens, \u00e7a allait. Mais quand ils ont command\u00e9 des pizzas \u00e0 l\u2019ananas, j\u2019ai compris que c\u2019\u00e9taient des grands malades\u00a0<\/em>\u00bb.<br \/>\nAvouez que c\u2019est r\u00e9jouissant, de voir un terroriste se faire ainsi exploser.<\/p>\n<p><strong><span style=\"color: #ff0000\">Facebook, France Info.fr<\/span> Quartiers chauds<\/strong><\/p>\n<figure id=\"attachment_2482\" aria-describedby=\"caption-attachment-2482\" style=\"width: 225px\" class=\"wp-caption alignleft\"><img loading=\"lazy\" decoding=\"async\" class=\"size-medium wp-image-2482\" src=\"https:\/\/blog.causeur.fr\/asiledeblog\/files\/2018\/01\/VA-59-Pompier-225x300.jpg\" alt=\"Le feu couve chez les pompiers.\" width=\"225\" height=\"300\" srcset=\"https:\/\/blog.causeur.fr\/asiledeblog\/wp-content\/uploads\/sites\/10\/2018\/01\/VA-59-Pompier-225x300.jpg 225w, https:\/\/blog.causeur.fr\/asiledeblog\/wp-content\/uploads\/sites\/10\/2018\/01\/VA-59-Pompier.jpg 720w\" sizes=\"auto, (max-width: 225px) 100vw, 225px\" \/><figcaption id=\"caption-attachment-2482\" class=\"wp-caption-text\">Le feu couve chez les pompiers.<\/figcaption><\/figure>\n<p>L\u2019opinion s\u2019\u00e9meut de plus en plus des agressions r\u00e9p\u00e9t\u00e9es contre les pompiers dans les quartiers \u00ab\u00a0sensibles\u00a0\u00bb. Ainsi la photo ci-contre a-t-elle tr\u00e8s largement circul\u00e9 cette semaine dans les r\u00e9seaux sociaux. Sur le site de France Info, l\u2019adjudant-chef R\u00e9my Chabbouh s\u2019alarme\u00a0: \u00ab\u00a0<em>Un sapeur-pompier est agress\u00e9 toutes les quatre heures en France<\/em>\u00a0\u00bb. Sa conclusion est gla\u00e7ante\u00a0: \u00ab\u00a0<em>On ne peut pas parler d\u2019incivilit\u00e9s. On parle de tentatives de meurtre<\/em>.\u00a0\u00bb<br \/>\nEncore un r\u00e9ac qui d\u00e9roule son baratin s\u00e9curitaire, couineront les militants zassociatifs. H\u00e9las pour eux, le pompier interview\u00e9 par France Info n\u2019a pas vraiment le profil du facho type\u00a0: il est secr\u00e9taire d\u00e9partemental de SUD, le syndicat d\u2019extr\u00eame gauche.<\/p>\n<p>[Article publi\u00e9 dans <em>Valeurs Actuelles<\/em>]<\/p>\n","protected":false},"excerpt":{"rendered":"<p>Harcel\u00e9s par les racailles, nos pompiers hurlent \u00ab\u00a0Au feu\u00a0!\u00a0\u00bb. Et rien qu\u2019\u00e0 voir la une de L\u2019Obs sur le droit d\u2019asile, on a envie de crier : \u00ab\u00a0Au fou\u00a0!\u00a0\u00bb<\/p>\n","protected":false},"author":9,"featured_media":0,"comment_status":"open","ping_status":"closed","sticky":false,"template":"","format":"standard","meta":{"footnotes":""},"categories":[1],"tags":[794,792,793,795],"class_list":{"0":"post-2479","1":"post","2":"type-post","3":"status-publish","4":"format-standard","6":"category-non-classe","7":"tag-djihadistes-francais","8":"tag-immigration","9":"tag-macron","10":"tag-pompiers"},"_links":{"self":[{"href":"https:\/\/blog.causeur.fr\/asiledeblog\/wp-json\/wp\/v2\/posts\/2479","targetHints":{"allow":["GET"]}}],"collection":[{"href":"https:\/\/blog.causeur.fr\/asiledeblog\/wp-json\/wp\/v2\/posts"}],"about":[{"href":"https:\/\/blog.causeur.fr\/asiledeblog\/wp-json\/wp\/v2\/types\/post"}],"author":[{"embeddable":true,"href":"https:\/\/blog.causeur.fr\/asiledeblog\/wp-json\/wp\/v2\/users\/9"}],"replies":[{"embeddable":true,"href":"https:\/\/blog.causeur.fr\/asiledeblog\/wp-json\/wp\/v2\/comments?post=2479"}],"version-history":[{"count":0,"href":"https:\/\/blog.causeur.fr\/asiledeblog\/wp-json\/wp\/v2\/posts\/2479\/revisions"}],"wp:attachment":[{"href":"https:\/\/blog.causeur.fr\/asiledeblog\/wp-json\/wp\/v2\/media?parent=2479"}],"wp:term":[{"taxonomy":"category","embeddable":true,"href":"https:\/\/blog.causeur.fr\/asiledeblog\/wp-json\/wp\/v2\/categories?post=2479"},{"taxonomy":"post_tag","embeddable":true,"href":"https:\/\/blog.causeur.fr\/asiledeblog\/wp-json\/wp\/v2\/tags?post=2479"}],"curies":[{"name":"wp","href":"https:\/\/api.w.org\/{rel}","templated":true}]}}