{"id":2488,"date":"2018-02-22T15:02:54","date_gmt":"2018-02-22T15:02:54","guid":{"rendered":"https:\/\/blog.causeur.fr\/asiledeblog\/?p=2488"},"modified":"2021-04-26T12:57:00","modified_gmt":"2021-04-26T10:57:00","slug":"zuckerberg-rue-de-valois","status":"publish","type":"post","link":"https:\/\/blog.causeur.fr\/asiledeblog\/zuckerberg-rue-de-valois-2488","title":{"rendered":"Zuckerberg rue de Valois"},"content":{"rendered":"<p><strong>\u00c0 la une cette semaine, les pudeurs de Facebook, la bonne blaque des gendarmes et la grosse orbite d&rsquo;Hanouna&#8230;<br \/>\n<\/strong><!--more--><\/p>\n<p><strong><span style=\"color: #ff0000\">Facebook, Figaro.fr<\/span>\u00a0 Renvoi de censeur<\/strong><\/p>\n<figure id=\"attachment_2489\" aria-describedby=\"caption-attachment-2489\" style=\"width: 300px\" class=\"wp-caption alignleft\"><img loading=\"lazy\" decoding=\"async\" class=\"size-medium wp-image-2489\" src=\"https:\/\/blog.causeur.fr\/asiledeblog\/files\/2018\/02\/VA-62-Facebook-Courbet-300x246.jpg\" alt=\"Face \u00e0 la pudibonderie de Facebook, une riposte culott\u00e9e !\" width=\"300\" height=\"246\" srcset=\"https:\/\/blog.causeur.fr\/asiledeblog\/wp-content\/uploads\/sites\/10\/2018\/02\/VA-62-Facebook-Courbet-300x246.jpg 300w, https:\/\/blog.causeur.fr\/asiledeblog\/wp-content\/uploads\/sites\/10\/2018\/02\/VA-62-Facebook-Courbet-768x629.jpg 768w, https:\/\/blog.causeur.fr\/asiledeblog\/wp-content\/uploads\/sites\/10\/2018\/02\/VA-62-Facebook-Courbet-366x300.jpg 366w, https:\/\/blog.causeur.fr\/asiledeblog\/wp-content\/uploads\/sites\/10\/2018\/02\/VA-62-Facebook-Courbet.jpg 850w\" sizes=\"auto, (max-width: 300px) 100vw, 300px\" \/><figcaption id=\"caption-attachment-2489\" class=\"wp-caption-text\">Face \u00e0 la pudibonderie de Facebook, une riposte culott\u00e9e !<\/figcaption><\/figure>\n<p>Grande premi\u00e8re l&rsquo;autre jeudi au Palais : Facebook comparaissait devant un tribunal fran\u00e7ais. Le proc\u00e8s fait suite \u00e0 la plainte d\u2019un enseignant dont le compte Facebook avait \u00e9t\u00e9 supprim\u00e9 apr\u00e8s qu\u2019il avait publi\u00e9 une reproduction du fameux tableau de Gustave Courbet <em>L\u2019Origine du monde<\/em>.<br \/>\nUn excellent article du <em>Figaro.fr<\/em> reprend toute l\u2019affaire, y compris les nombreuses man\u0153uvres dilatoires du r\u00e9seau social pour emp\u00eacher que l\u2019affaire soit jug\u00e9e en France. Ces Messieurs de Facebook estimant n\u2019avoir de comptes \u00e0 rendre qu\u2019\u00e0 la justice de Californie, il aura fallu attendre sept ans pour que le proc\u00e8s s\u2019ouvre\u00a0!<br \/>\nNos confr\u00e8res profitent de l\u2019occasion pour rappeler les nombreux cas o\u00f9 Facebook a confondu arts plastiques et pornographie. Ainsi apprend-on que le r\u00e9seau avait s\u00e9vi avec la m\u00eame vigueur contre un nu de Modigliani du mus\u00e9e de l\u2019Ermitage ou la statue de Neptune \u00e0 Bologne \u2013 coupable d\u2019exhibitionnisme sur la voie publique depuis 1565.<br \/>\nEn attendant le verdict qui doit tomber le 15 mars, \u00e7a chauffe sur les r\u00e9seaux. Des centaines d\u2019internautes ont logiquement repris l\u2019article du Figaro, illustr\u00e9 bien s\u00fbr par l\u2019objet du scandale. Tout aussi logiquement, nombre d\u2019entre eux ont vu leur publication censur\u00e9e aussit\u00f4t par Facebook.<br \/>\nPlut\u00f4t que de lancer une p\u00e9tition ou d\u2019entamer une co\u00fbteuse action en justice, un petit malin a trouv\u00e9, avec l\u2019image ci-contre, la r\u00e9ponse qui tue. L\u2019intention de nuire \u00e0 la r\u00e9putation de la soci\u00e9t\u00e9 de Mark Zuckerberg est ici manifeste, mais Facebook est pris au pi\u00e8ge\u00a0: on l\u2019imagine mal censurer son propre logo\u2026<\/p>\n<p><strong><span style=\"color: #ff0000\">Facebook<\/span> Quand les gendarmes rient&#8230;<\/strong><\/p>\n<figure id=\"attachment_2490\" aria-describedby=\"caption-attachment-2490\" style=\"width: 300px\" class=\"wp-caption alignright\"><img loading=\"lazy\" decoding=\"async\" class=\"wp-image-2490 size-medium\" src=\"https:\/\/blog.causeur.fr\/asiledeblog\/files\/2018\/02\/VA-62-gendarmes-300x273.jpg\" alt=\"VA 62 gendarmes\" width=\"300\" height=\"273\" srcset=\"https:\/\/blog.causeur.fr\/asiledeblog\/wp-content\/uploads\/sites\/10\/2018\/02\/VA-62-gendarmes-300x273.jpg 300w, https:\/\/blog.causeur.fr\/asiledeblog\/wp-content\/uploads\/sites\/10\/2018\/02\/VA-62-gendarmes-768x698.jpg 768w, https:\/\/blog.causeur.fr\/asiledeblog\/wp-content\/uploads\/sites\/10\/2018\/02\/VA-62-gendarmes-330x300.jpg 330w, https:\/\/blog.causeur.fr\/asiledeblog\/wp-content\/uploads\/sites\/10\/2018\/02\/VA-62-gendarmes.jpg 840w\" sizes=\"auto, (max-width: 300px) 100vw, 300px\" \/><figcaption id=\"caption-attachment-2490\" class=\"wp-caption-text\">Prudence ! Les gendarmes essaient encore de nous pi\u00e9ger\u2026<\/figcaption><\/figure>\n<p>A priori, on pourrait croire \u00e0 un scandale\u00a0: comment les gendarmes de l\u2019Oise osent-ils promouvoir des subterfuges pour \u00e9chapper \u00e0 la loi\u00a0? On comprend mieux d\u00e8s qu\u2019on clique sur leur lien Facebook. La bonne combine que nous sugg\u00e8rent les pandores, c\u2019est de respecter scrupuleusement la vitesse maximum indiqu\u00e9e sur les panneaux de signalisation plac\u00e9s sur le bord de la route\u00a0: \u00ab\u00a0<em>Si vous suivez ce conseil, vous n\u2019aurez plus jamais \u00e0 payer une amende pour exc\u00e8s de vitesse.<\/em>\u00a0\u00bb J\u2019ai bien ri, apr\u00e8s \u00eatre comme tout le monde tomb\u00e9 dans le panneau\u2026<\/p>\n<p><strong><span style=\"color: #ff0000\">Facebook<\/span> En voiture, Cyril\u00a0!<\/strong><\/p>\n<figure id=\"attachment_2491\" aria-describedby=\"caption-attachment-2491\" style=\"width: 293px\" class=\"wp-caption alignleft\"><img loading=\"lazy\" decoding=\"async\" class=\"size-medium wp-image-2491\" src=\"https:\/\/blog.causeur.fr\/asiledeblog\/files\/2018\/02\/VA-63-HanounaLune-293x300.jpg\" alt=\"Quand les andouilles voleront, c'est qui qui sera chef d'escadrille ?\" width=\"293\" height=\"300\" srcset=\"https:\/\/blog.causeur.fr\/asiledeblog\/wp-content\/uploads\/sites\/10\/2018\/02\/VA-63-HanounaLune-293x300.jpg 293w, https:\/\/blog.causeur.fr\/asiledeblog\/wp-content\/uploads\/sites\/10\/2018\/02\/VA-63-HanounaLune-32x32.jpg 32w, https:\/\/blog.causeur.fr\/asiledeblog\/wp-content\/uploads\/sites\/10\/2018\/02\/VA-63-HanounaLune-50x50.jpg 50w, https:\/\/blog.causeur.fr\/asiledeblog\/wp-content\/uploads\/sites\/10\/2018\/02\/VA-63-HanounaLune.jpg 700w\" sizes=\"auto, (max-width: 293px) 100vw, 293px\" \/><figcaption id=\"caption-attachment-2491\" class=\"wp-caption-text\">Quand les andouilles voleront, c&rsquo;est qui qui sera chef d&rsquo;escadrille ?<\/figcaption><\/figure>\n<p>Grosse pol\u00e9mique sur les r\u00e9seaux sociaux apr\u00e8s qu\u2019 Elon Musk a envoy\u00e9 un de ses cabriolets \u00e9lectriques Tesla dans l\u2019espace. Pour r\u00e9sumer, les technophiles se p\u00e2nnent devant cet exploit jamais vu. Les \u00e9colos, eux, n\u2019ont pas de mots assez durs contre ce milliardaire am\u00e9ricain qui \u00ab\u00a0<em>prend le cosmos pour une d\u00e9charge\u00a0<\/em>\u00bb.<br \/>\nAu-dessus de la m\u00eal\u00e9e, certains prennent le parti d\u2019en rire. C\u2019est le cas des \u00ab\u00a0G\u00e9rard de la t\u00e9l\u00e9vision\u00a0\u00bb \u2013 une parodie cruelle des c\u00e9r\u00e9monies de distribution des prix et d\u2019autocongratulation artistique. Ces galopins ont publi\u00e9 sur leur page Facebook le sondage suivant\u00a0: \u00ab\u00a0<em>Quel animateur fran\u00e7ais aimeriez-vous qu\u2019Elon Musk exp\u00e9die vers Mars la prochaine fois\u00a0?\u00a0<\/em>\u00bb<br \/>\nComme le montre le photomontage ci-contre, c\u2019est Cyril Hanouna qui l\u2019a emport\u00e9 haut la main. Personnellement, je n\u2019ai pas pris part au vote\u00a0; pour me motiver vraiment, il aurait fallu que l\u2019intitul\u00e9 sp\u00e9cifi\u00e2t qu\u2019il s\u2019agissait d\u2019un aller-simple.<\/p>\n<p>&nbsp;<\/p>\n<p>[Article publi\u00e9 dans <em>Valeurs actuelles<\/em>]<\/p>\n","protected":false},"excerpt":{"rendered":"<p>\u00c0 la une cette semaine, les pudeurs de Facebook, la bonne blaque des gendarmes et la grosse orbite d&rsquo;Hanouna&#8230;<\/p>\n","protected":false},"author":9,"featured_media":0,"comment_status":"open","ping_status":"closed","sticky":false,"template":"","format":"standard","meta":{"footnotes":""},"categories":[1],"tags":[732,750,798],"class_list":{"0":"post-2488","1":"post","2":"type-post","3":"status-publish","4":"format-standard","6":"category-non-classe","7":"tag-cyril-hanouna","8":"tag-facebook","9":"tag-mark-zuckerberg"},"_links":{"self":[{"href":"https:\/\/blog.causeur.fr\/asiledeblog\/wp-json\/wp\/v2\/posts\/2488","targetHints":{"allow":["GET"]}}],"collection":[{"href":"https:\/\/blog.causeur.fr\/asiledeblog\/wp-json\/wp\/v2\/posts"}],"about":[{"href":"https:\/\/blog.causeur.fr\/asiledeblog\/wp-json\/wp\/v2\/types\/post"}],"author":[{"embeddable":true,"href":"https:\/\/blog.causeur.fr\/asiledeblog\/wp-json\/wp\/v2\/users\/9"}],"replies":[{"embeddable":true,"href":"https:\/\/blog.causeur.fr\/asiledeblog\/wp-json\/wp\/v2\/comments?post=2488"}],"version-history":[{"count":0,"href":"https:\/\/blog.causeur.fr\/asiledeblog\/wp-json\/wp\/v2\/posts\/2488\/revisions"}],"wp:attachment":[{"href":"https:\/\/blog.causeur.fr\/asiledeblog\/wp-json\/wp\/v2\/media?parent=2488"}],"wp:term":[{"taxonomy":"category","embeddable":true,"href":"https:\/\/blog.causeur.fr\/asiledeblog\/wp-json\/wp\/v2\/categories?post=2488"},{"taxonomy":"post_tag","embeddable":true,"href":"https:\/\/blog.causeur.fr\/asiledeblog\/wp-json\/wp\/v2\/tags?post=2488"}],"curies":[{"name":"wp","href":"https:\/\/api.w.org\/{rel}","templated":true}]}}