{"id":249,"date":"2010-10-21T11:22:03","date_gmt":"2010-10-21T09:22:03","guid":{"rendered":"http:\/\/carnet.causeur.fr\/asiledeblog\/?p=249"},"modified":"2021-04-26T12:57:58","modified_gmt":"2021-04-26T10:57:58","slug":"trois-hommes-sur-un-plateau","status":"publish","type":"post","link":"https:\/\/blog.causeur.fr\/asiledeblog\/trois-hommes-sur-un-plateau-249","title":{"rendered":"Trois hommes sur un plateau"},"content":{"rendered":"<p style=\"text-align: center\"><a href=\"http:\/\/blog.causeur.fr\/asiledeblog\/files\/2010\/10\/arton27263.jpeg\"><img loading=\"lazy\" decoding=\"async\" class=\"size-medium wp-image-250 aligncenter\" src=\"http:\/\/carnet.causeur.fr\/asiledeblog\/files\/2010\/10\/arton27263-300x214.jpg\" alt=\"\" width=\"300\" height=\"214\" srcset=\"https:\/\/blog.causeur.fr\/asiledeblog\/wp-content\/uploads\/sites\/10\/2010\/10\/arton27263-300x214.jpg 300w, https:\/\/blog.causeur.fr\/asiledeblog\/wp-content\/uploads\/sites\/10\/2010\/10\/arton27263.jpeg 420w\" sizes=\"auto, (max-width: 300px) 100vw, 300px\" \/><\/a><\/p>\n<p style=\"text-align: left\">Ce que j\u2019aime chez Franz-Olivier Giesbert, c\u2019est son esp\u00e8ce de je-m\u00a0\u2018en-fichisme gentiment narquois de mec revenu de tout.<\/p>\n<p style=\"text-align: left\">Il faut dire qu\u2019il a tout fait, et sans doute tout vu, en mati\u00e8re de journalisme politique. Patron de presse sans fronti\u00e8res (du <em>Nouvel Obs<\/em> au <em>Point<\/em> en passant par le <em>Figaro<\/em> et le <em>Fig Mag<\/em>), il fut aussi le biographe assassin de <!--more-->Mitterrand et de Chirac, entre autres.<\/p>\n<p style=\"text-align: left\">Parall\u00e8lement, Giesbert anime sans interruption depuis dix ans sur toutes les cha\u00eenes du service public, des talk-shows d\u2019actualit\u00e9 dont seuls le titre et l\u2019habillage changent\u00a0: <em>Culture &amp; D\u00e9pendances<\/em>, <em>Chez FOG<\/em>, <em>Vous aurez le dernier mot\u2026<\/em> Le mois\u00a0 pass\u00e9 il nous pr\u00e9sentait son petit dernier\u00a0: <em>Semaine critique\u00a0!<\/em> (avec un g\u00e9n\u00e9rique\u00a0 tout neuf et des lumi\u00e8res bleu-vert).<\/p>\n<p style=\"text-align: left\">A force, lui-m\u00eame finit par s\u2019y tromper\u2026 Apr\u00e8s l\u2019attribution du Nobel de litt\u00e9rature \u00e0 Mario Vargas llosa, il lui rendait hommage en ces termes\u00a0: \u00ab\u00a0<em>Un grand Monsieur, qu\u2019on a souvent re\u00e7u dans cette \u00e9mission\u00a0!<\/em> \u00bb Vraiment\u00a0? Et combien de fois, en quatre num\u00e9ros\u00a0?<\/p>\n<p style=\"text-align: left\">J\u2019ai l\u2019air de badiner, mais en fait c\u2019est FOG qui a raison\u00a0: une \u00e9mission comme les siennes repose moins sur je ne sais quel concept que sur la personnalit\u00e9 de son animateur et le choix de ses plateaux.<\/p>\n<p style=\"text-align: left\">A titre d\u2019exemple, l\u2019\u00e9dition de l\u2019avant-derni\u00e8re semaine (vendredi 8 octobre, France 2, 3h) avait pour invit\u00e9 d\u2019honneur Fran\u00e7ois Hollande. Eh bien ma foi on lui a trouv\u00e9 bonne mine, aminci, toujours jovial. Mais \u00e0 part \u00e7a, il n\u2019avait pas grand-chose \u00e0 dire. Ah si, il est d\u2019accord pour \u00eatre candidat en 2012\u00a0! M\u00eame qu\u2019en 2007 d\u00e9j\u00e0 il aurait pu, mais il n\u2019\u00e9tait \u00ab\u00a0<em>pas pr\u00eat <\/em>\u00bb.<\/p>\n<p style=\"text-align: left\">L\u00e0 en revanche, tout est b\u00e9tonn\u00e9\u00a0: la preuve, il publie ces jours-ci une sorte d\u2019adresse aux Fran\u00e7ais. J\u2019ai oubli\u00e9 le titre, mais l\u2019id\u00e9e, c\u2019est facile\u00a0: malgr\u00e9 la mondialisation, le \u00ab\u00a0<em>r\u00eave fran\u00e7ais<\/em> \u00bb de progr\u00e8s peut encore \u00ab\u00a0s\u2019inscrire dans l\u2019Histoire\u00a0\u00bb sur la base des \u00ab\u00a0valeurs r\u00e9publicaines\u00a0\u00bb (de progr\u00e8s aussi).<\/p>\n<p style=\"text-align: left\">Comme le fera remarquer Elisabeth L\u00e9vy au gentil Fran\u00e7ois\u00a0: \u00ab\u00a0<em>Votre probl\u00e8me, c\u2019est peut-\u00eatre qu\u2019on ne peut s\u2019opposer \u00e0 rien de ce que vous dites\u00a0! <\/em>\u00bb<\/p>\n<p style=\"text-align: left\">Bref, les caricaturistes qui le repr\u00e9sentent en Flanby ou en ravi de la cr\u00e8che ont encore de beaux jours devant eux. Mais \u00e0 ce qu\u2019on dit, cet homme public est infiniment meilleur en priv\u00e9\u2026<br \/>\nChangement de d\u00e9cor chez FOG,\u00a0 vendredi dernier avec Max Gallo, dont le parcours intellectuel est nettement plus vallonn\u00e9. Communiste, puis socialiste, puis sarkozyste, puis plus rien, Max a \u00e9t\u00e9 successivement biographe de Robespierre, Jaur\u00e8s, Napol\u00e9on, De Gaulle, et Louis XVI. Comme dirait la chanson, \u00ab\u00a0<em>Je ne voudrais pas refaire le chemin \u00e0 l\u2019envers\u2026 <\/em>\u00bb<\/p>\n<p style=\"text-align: left\">Voil\u00e0 m\u00eame qu\u2019aujourd\u2019hui notre homme se penche sur J\u00e9sus \u2013 et pas comme un vulgaire Renan. <em>J\u00e9sus, l\u2019homme qui \u00e9tait Dieu<\/em> : d\u00e8s le titre, Gallo s\u2019affirme comme un croyant. Au-del\u00e0 de la\u00a0 \u00ab\u00a0foi du charbonnier\u00a0\u00bb qu\u2019il invoque modestement, son adh\u00e9sion se fonde aussi sur la r\u00e9flexion \u2013 comme il est recommand\u00e9 depuis la controverse de Ratisbonne. Le christianisme, <em>\u00ab\u00a0construction intellectuelle et historique in\u00e9gal\u00e9e<\/em> \u00bb, reste chez nous <em>\u00ab\u00a0le ciment de l\u2019unit\u00e9 nationale<\/em>\u00bb.<\/p>\n<p style=\"text-align: left\">Aussit\u00f4t, un perroquet nomm\u00e9 Vincent Cesp\u00e9d\u00e8s et surnomm\u00e9 par Giesbert \u00ab\u00a0jeune philosophe\u00a0\u00bb, se dresse pour r\u00e9p\u00e9ter ce qu\u2019il a entendu partout\u00a0: euh, identit\u00e9 natioanle, racines chr\u00e9tiennes, attention danger\u00a0! T\u2019as raison Vincent\u00a0: on est tellement mieux pour philosopher sans racines ni identit\u00e9.<\/p>\n<p style=\"text-align: left\">Dans le silence des espaces infinis, au moins tu t\u2019entendras\u2026<\/p>\n<p style=\"text-align: left\">Paru dans<a href=\"http:\/\/www.valeursactuelles.com\/\"> Valeurs Actuelles<\/a>, le 21 octobre 2010.<\/p>\n","protected":false},"excerpt":{"rendered":"<p>Ce que j\u2019aime chez Franz-Olivier Giesbert, c\u2019est son esp\u00e8ce de je-m\u00a0\u2018en-fichisme gentiment narquois de mec revenu de tout. Il faut dire qu\u2019il a tout fait, et sans doute tout vu, en mati\u00e8re de journalisme politique. Patron de presse sans fronti\u00e8res (du Nouvel Obs au Point en passant par le Figaro et le Fig Mag), il [&hellip;]<\/p>\n","protected":false},"author":9,"featured_media":0,"comment_status":"open","ping_status":"closed","sticky":false,"template":"","format":"standard","meta":{"footnotes":""},"categories":[11],"tags":[54,74,82,84,145],"class_list":{"0":"post-249","1":"post","2":"type-post","3":"status-publish","4":"format-standard","6":"category-opinions","7":"tag-chirac","8":"tag-elisabeth-levy","9":"tag-francois-hollande","10":"tag-franz-olivier-giesbert","11":"tag-max-gallo"},"_links":{"self":[{"href":"https:\/\/blog.causeur.fr\/asiledeblog\/wp-json\/wp\/v2\/posts\/249","targetHints":{"allow":["GET"]}}],"collection":[{"href":"https:\/\/blog.causeur.fr\/asiledeblog\/wp-json\/wp\/v2\/posts"}],"about":[{"href":"https:\/\/blog.causeur.fr\/asiledeblog\/wp-json\/wp\/v2\/types\/post"}],"author":[{"embeddable":true,"href":"https:\/\/blog.causeur.fr\/asiledeblog\/wp-json\/wp\/v2\/users\/9"}],"replies":[{"embeddable":true,"href":"https:\/\/blog.causeur.fr\/asiledeblog\/wp-json\/wp\/v2\/comments?post=249"}],"version-history":[{"count":0,"href":"https:\/\/blog.causeur.fr\/asiledeblog\/wp-json\/wp\/v2\/posts\/249\/revisions"}],"wp:attachment":[{"href":"https:\/\/blog.causeur.fr\/asiledeblog\/wp-json\/wp\/v2\/media?parent=249"}],"wp:term":[{"taxonomy":"category","embeddable":true,"href":"https:\/\/blog.causeur.fr\/asiledeblog\/wp-json\/wp\/v2\/categories?post=249"},{"taxonomy":"post_tag","embeddable":true,"href":"https:\/\/blog.causeur.fr\/asiledeblog\/wp-json\/wp\/v2\/tags?post=249"}],"curies":[{"name":"wp","href":"https:\/\/api.w.org\/{rel}","templated":true}]}}