{"id":256,"date":"2010-11-08T12:20:11","date_gmt":"2010-11-08T10:20:11","guid":{"rendered":"http:\/\/carnet.causeur.fr\/asiledeblog\/?p=256"},"modified":"2021-04-26T12:57:58","modified_gmt":"2021-04-26T10:57:58","slug":"maximilien-plenel","status":"publish","type":"post","link":"https:\/\/blog.causeur.fr\/asiledeblog\/maximilien-plenel-256","title":{"rendered":"Maximilien Plenel"},"content":{"rendered":"<p><a href=\"http:\/\/blog.causeur.fr\/asiledeblog\/files\/2010\/11\/Edwy-Plenel_pics_390.jpeg\"><img loading=\"lazy\" decoding=\"async\" class=\"aligncenter size-full wp-image-257\" src=\"http:\/\/blog.causeur.fr\/asiledeblog\/files\/2010\/11\/Edwy-Plenel_pics_390.jpeg\" alt=\"\" width=\"390\" height=\"250\" srcset=\"https:\/\/blog.causeur.fr\/asiledeblog\/wp-content\/uploads\/sites\/10\/2010\/11\/Edwy-Plenel_pics_390.jpeg 390w, https:\/\/blog.causeur.fr\/asiledeblog\/wp-content\/uploads\/sites\/10\/2010\/11\/Edwy-Plenel_pics_390-300x192.jpg 300w\" sizes=\"auto, (max-width: 390px) 100vw, 390px\" \/><\/a><\/p>\n<p style=\"text-align: left\">Je vous l\u2019avais bien dit, et r\u00e9cemment en plus : il se passe toujours un truc int\u00e9ressant dans\u00a0<em>On n\u2019est pas couch\u00e9<\/em>.<\/p>\n<p style=\"text-align: left\">L\u2019autre samedi (France 2, 16 octobre, 22 h 55), \u00e7a a m\u00eame dur\u00e9 trois quarts d\u2019heure. Invit\u00e9 \u201cvedette\u201d ce soir-l\u00e0, un journaliste dont la plupart des t\u00e9l\u00e9spectateurs de l\u2019\u00e9mission ignoraient jusqu\u2019au nom. Et pourtant, Edwy Plenel, patron du site Mediapart, est l\u2019homme qui, dit-on, fait trembler depuis six mois la R\u00e9publique <!--more-->(\u00e0 moins que ce ne soit le gouvernement) avec son affaire \u00e0 tiroirs Bettencourt-Banier-de Maistre-Woerth\u00a0<em>et alii<\/em>.<\/p>\n<p style=\"text-align: left\">Le bonhomme, lui-m\u00eame objet d\u2019\u00e9coutes mitterrandiennes quand il dirigeait la r\u00e9daction du\u00a0<em>Monde<\/em>, s\u2019est livr\u00e9 \u00e0 une pratique aussi douteuse l\u00e9galement, mais infiniment plus <!--more-->l\u00e9gitime \u00e0 ses yeux : rendre publiques des conversations \u201ccompromettantes\u201d enregistr\u00e9es en catimini par un majordome ind\u00e9licat.<\/p>\n<p style=\"text-align: left\">Quoi qu\u2019on pense de \u201cl\u2019affaire\u201d, un client comme \u00e7a, c\u2019est nettement moins glamour que Miss France ou m\u00eame BHL. Bien s\u00fbr, sur le plateau, il y avait aussi de la fantaisie : entre autres Rapha\u00ebl, chanteur mal engag\u00e9, et Thomas Ngijol, humoriste plut\u00f4t dr\u00f4le\u2026<\/p>\n<p style=\"text-align: left\">N\u2019emp\u00eache ! Celui qui a \u201cfait le show\u201d, c\u2019est l\u2019inspecteur Plenel avec son enqu\u00eate sauvage. La force de cette sorte de Columbo robespierriste, c\u2019est son \u00e9vidente sinc\u00e9rit\u00e9. Un incorruptible, vous dis-je, du genre qui n\u2019h\u00e9siterait pas \u00e0 se condamner \u00e0 mort s\u2019il d\u00e9couvrait sur lui-m\u00eame des documents suspects.<\/p>\n<p style=\"text-align: left\">Eh bien, \u00e7a finit par le rendre sympathique ! Il faut voir Edwy d\u00e9fendre pied \u00e0 pied son entreprise, de la fin aux moyens en passant par les arri\u00e8re pens\u00e9es :\u00a0<em>\u00ab C\u2019est une affaire d\u2019\u00c9tat<\/em>, explique-t-il en substance,\u00a0<em>et nous n\u2019avons rendu public que ce qui concernait l\u2019int\u00e9r\u00eat public. \u00bb \u00ab Il a besoin de religion<\/em>, commente ironiquement \u00c9ric Zemmour.\u00a0<em>Avant, c\u2019\u00e9tait le trotskisme,<\/em> <em>aujourd\u2019hui, c\u2019est le journalisme ! \u00bb<\/em><\/p>\n<p style=\"text-align: left\">Au-del\u00e0 de la formule, il s\u2019agit bien entre ces deux journalistes politiques d\u2019une diff\u00e9rence de temp\u00e9raments. \u00c0 ma droite, un pessimiste souriant ; \u00e0 ma gauche, un agitateur habit\u00e9. Entre eux, tout dialogue est impossible, comme le montrent leurs \u00e9changes :<\/p>\n<p style=\"text-align: left\">\u2013 Edwy :\u00a0<em>\u00ab J\u2019ai calcul\u00e9 : madame Bettencourt gagne 550 euros par minute ! \u00bb<\/em><\/p>\n<p style=\"text-align: left\">\u2013 \u00c9ric :\u00a0<em>\u00ab Mais cette famille a construit un empire\u2026\u00bb<\/em><\/p>\n<p style=\"text-align: left\">\u2013 Edwy :\u00a0<em>\u00ab L\u2019oligarchie confisque la R\u00e9publique ! \u00bb<\/em><\/p>\n<p style=\"text-align: left\"><em> <\/em>\u2013 \u00c9ric :\u00a0<em>\u00abMais c\u2019\u00e9tait d\u00e9j\u00e0 comme \u00e7a sous la IIIe\u2026\u00bb<\/em><\/p>\n<p style=\"text-align: left\">Consid\u00e9rant qu\u2019il n\u2019y en a gu\u00e8re eu d\u2019autres viables (des R\u00e9publiques), tout \u00e7a va loin ! Trop peut-\u00eatre dans le cadre de cette modeste chronique t\u00e9l\u00e9visuelle. Alors, pour calmer le jeu, concluons sur une blague balanc\u00e9e par le susnomm\u00e9 Thomas Ngijol, d\u00e9cid\u00e9ment d\u00e9coinc\u00e9 :\u00a0<em>\u00ab Les Roms ? Ils revendiquent d\u2019\u00eatre un peuple de nomades, et quand on leur dit de bouger, ils veulent pas ! \u00bb <\/em>Cela dit, vous voyez bien qu\u2019on n\u2019est pas \u00e9gaux devant la loi : sous pr\u00e9texte qu\u2019il n\u2019est pas lui-m\u00eame \u201cissu de la diversit\u00e9\u201d, Hortefeux a \u00e9t\u00e9 condamn\u00e9 pour moins que \u00e7a.<\/p>\n<p style=\"text-align: left\">Publi\u00e9 dans <a href=\"http:\/\/www.valeursactuelles.com\/culture\/t%C3%A9l%C3%A9vision\/maximilien-plenel20101028.html\">Valeurs Actuelles<\/a>, le 28 Octobre 2010.<\/p>\n","protected":false},"excerpt":{"rendered":"<p>Je vous l\u2019avais bien dit, et r\u00e9cemment en plus : il se passe toujours un truc int\u00e9ressant dans\u00a0On n\u2019est pas couch\u00e9. L\u2019autre samedi (France 2, 16 octobre, 22 h 55), \u00e7a a m\u00eame dur\u00e9 trois quarts d\u2019heure. Invit\u00e9 \u201cvedette\u201d ce soir-l\u00e0, un journaliste dont la plupart des t\u00e9l\u00e9spectateurs de l\u2019\u00e9mission ignoraient jusqu\u2019au nom. Et pourtant, [&hellip;]<\/p>\n","protected":false},"author":9,"featured_media":0,"comment_status":"open","ping_status":"closed","sticky":false,"template":"","format":"standard","meta":{"footnotes":""},"categories":[11],"tags":[72,125,146],"class_list":{"0":"post-256","1":"post","2":"type-post","3":"status-publish","4":"format-standard","6":"category-opinions","7":"tag-edwy-plenel","8":"tag-le-monde","9":"tag-mediapart"},"_links":{"self":[{"href":"https:\/\/blog.causeur.fr\/asiledeblog\/wp-json\/wp\/v2\/posts\/256","targetHints":{"allow":["GET"]}}],"collection":[{"href":"https:\/\/blog.causeur.fr\/asiledeblog\/wp-json\/wp\/v2\/posts"}],"about":[{"href":"https:\/\/blog.causeur.fr\/asiledeblog\/wp-json\/wp\/v2\/types\/post"}],"author":[{"embeddable":true,"href":"https:\/\/blog.causeur.fr\/asiledeblog\/wp-json\/wp\/v2\/users\/9"}],"replies":[{"embeddable":true,"href":"https:\/\/blog.causeur.fr\/asiledeblog\/wp-json\/wp\/v2\/comments?post=256"}],"version-history":[{"count":0,"href":"https:\/\/blog.causeur.fr\/asiledeblog\/wp-json\/wp\/v2\/posts\/256\/revisions"}],"wp:attachment":[{"href":"https:\/\/blog.causeur.fr\/asiledeblog\/wp-json\/wp\/v2\/media?parent=256"}],"wp:term":[{"taxonomy":"category","embeddable":true,"href":"https:\/\/blog.causeur.fr\/asiledeblog\/wp-json\/wp\/v2\/categories?post=256"},{"taxonomy":"post_tag","embeddable":true,"href":"https:\/\/blog.causeur.fr\/asiledeblog\/wp-json\/wp\/v2\/tags?post=256"}],"curies":[{"name":"wp","href":"https:\/\/api.w.org\/{rel}","templated":true}]}}