{"id":261,"date":"2010-11-08T12:31:44","date_gmt":"2010-11-08T10:31:44","guid":{"rendered":"http:\/\/carnet.causeur.fr\/asiledeblog\/?p=261"},"modified":"2021-04-26T12:57:58","modified_gmt":"2021-04-26T10:57:58","slug":"quand-ardisson-se-met-en-boite","status":"publish","type":"post","link":"https:\/\/blog.causeur.fr\/asiledeblog\/quand-ardisson-se-met-en-boite-261","title":{"rendered":"Quand Ardisson se met en bo\u00eete\u2026"},"content":{"rendered":"<p style=\"text-align: center\"><a href=\"http:\/\/blog.causeur.fr\/asiledeblog\/files\/2010\/11\/thierry_ardisson.jpeg\"><img loading=\"lazy\" decoding=\"async\" class=\"size-medium wp-image-262 aligncenter\" src=\"http:\/\/carnet.causeur.fr\/asiledeblog\/files\/2010\/11\/thierry_ardisson-300x214.jpg\" alt=\"\" width=\"300\" height=\"214\" srcset=\"https:\/\/blog.causeur.fr\/asiledeblog\/wp-content\/uploads\/sites\/10\/2010\/11\/thierry_ardisson-300x214.jpg 300w, https:\/\/blog.causeur.fr\/asiledeblog\/wp-content\/uploads\/sites\/10\/2010\/11\/thierry_ardisson.jpeg 420w\" sizes=\"auto, (max-width: 300px) 100vw, 300px\" \/><\/a><\/p>\n<p style=\"text-align: justify\">\n<p>Cela s\u2019appelle\u00a0<em>la Bo\u00eete noire de l\u2019homme en noir<\/em>, et ce n\u2019est pas pr\u00e9cis\u00e9ment un exercice d\u2019autod\u00e9rision. Plut\u00f4t un autocouronnement \u00e0 la Napol\u00e9on : un best of de vingt ans de t\u00e9l\u00e9 ardissonienne racont\u00e9s par Thierry en personne, et \u00e9dit\u00e9s ces jours-ci par l\u2019Institut national de l\u2019audiovisuel.<!--more--><\/p>\n<p>Cette s\u00e9lection de douze heures en six DVD se pr\u00e9sente sous la forme d\u2019<em>\u00ab \u00e9missions impossibles \u00bb<\/em>, comme il dit, o\u00f9 sont rassembl\u00e9s les meilleurs moments (\u00e0 son go\u00fbt) de ses quatre programmes les plus fameux (aux yeux du public). En bonus, les acheteurs du coffret y trouveront un septi\u00e8me DVD, avec interview d\u2019Ardisson garantie non coup\u00e9e (deux heures vingt-neuf minutes TTC).<\/p>\n<p>Il y raconte sa vie professionnelle avec une franchise qui surprend agr\u00e9ablement, l\u00e0 o\u00f9 on aurait pu craindre un exercice d\u2019autoglorification.<\/p>\n<p>Ce serait oublier que Thierry est un pro ! Lui qui a impos\u00e9 l\u2019interview d\u00e9coinc\u00e9e \u2013 voire parfois d\u00e9braill\u00e9e \u2013, il ne va pas quand m\u00eame pas poser en Kim Il-sung triomphant\u2026 Mais il y a autre chose : une distance par rapport \u00e0 son personnage qui fait que \u00e7a sonne vrai. Il raconte ses succ\u00e8s mais aussi ses \u00e9checs, et parle avec justesse de ses \u00abdeux ou trois\u00bbann\u00e9es de travers\u00e9e du d\u00e9sert.<\/p>\n<p>Cela dit, qu\u2019on se rassure, le mec garde une conscience aigu\u00eb de sa valeur :\u00a0<em>\u00ab Mon boulot, c\u2019est mes id\u00e9es ! \u00bb<\/em>, r\u00e9p\u00e8te-t-il volontiers. Et c\u2019est vrai qu\u2019il en a eu plein d\u2019id\u00e9es, de toutes sortes et de toutes qualit\u00e9s. La premi\u00e8re, c\u2019est l\u2019interview\u00a0<em>\u00ab chic et trash<\/em> \u00bb dans une bo\u00eete de nuit branch\u00e9e (<em>Bains de minuit<\/em>, puis\u00a0<em>Lunettes noires pour nuits blanches<\/em>). La derni\u00e8re, c\u2019est le talk-show en forme de mixeur g\u00e9ant o\u00f9\u00a0<em>\u00ab se c\u00f4toient les putes et les archev\u00eaques<\/em> \u00bb, au milieu des jingles et des gimmicks (<em>Tout le monde en parle<\/em>).<\/p>\n<p>Quant \u00e0 la plus int\u00e9ressante \u00e0 mes yeux, elle ne figure pas, h\u00e9las, dans le coffret.\u00a0<em>Rive droite, Rive gauche<\/em>, c\u2019\u00e9tait un JT culturel \u00e0 base de controverses : d\u2019une rive \u00e0 l\u2019autre, on s\u2019interpellait, mais on s\u2019\u00e9coutait aussi. La passion sans crispation : un mod\u00e8le du genre !<\/p>\n<p>Tel quel, ce coffret pourra \u00eatre visionn\u00e9 avec profit, au-del\u00e0 du cercle des inconditionnels, par tous ceux que l\u2019\u00e9poque int\u00e9resse : on y voit d\u00e9filer, sur vingt ans, une chenille g\u00e9ante de people du monde culturel et artistique. (Apparemment, le politique vieillit moins bien.)<\/p>\n<p>Bien s\u00fbr qu\u2019Ardisson a innov\u00e9 en mati\u00e8re de t\u00e9l\u00e9, en jouant avec les modes et les codes, les id\u00e9es et les fantasmes, les invit\u00e9s, le public et luim\u00eame. Il innove encore ici, avec cette \u201cmise en bo\u00eete noire\u201d d\u00e9j\u00e0 destin\u00e9e \u00e0 la post\u00e9rit\u00e9.<\/p>\n<p>Au lieu de laisser n\u2019importe qui saloper le boulot au dernier moment, ce perfectionniste livre d\u00e9j\u00e0 ici de quoi remplir les soir\u00e9es-hommages que la t\u00e9l\u00e9 ne manquera pas de lui consacrer apr\u00e8s sa disparition\u2026 En attendant, pas question pour Thierry de prendre sa retraite : \u201c<em>The Ardishow must go on !<\/em>\u201d<\/p>\n<p>Publi\u00e9 dans <a href=\"http:\/\/www.valeursactuelles.com\/culture\/t%C3%A9l%C3%A9vision\/quand-ardisson-se-met-en-bo%C3%AEte%E2%80%A620101104.html\">Valeurs Actuelles<\/a>, le 4 novembre 2010.<\/p>\n","protected":false},"excerpt":{"rendered":"<p>Cela s\u2019appelle\u00a0la Bo\u00eete noire de l\u2019homme en noir, et ce n\u2019est pas pr\u00e9cis\u00e9ment un exercice d\u2019autod\u00e9rision. Plut\u00f4t un autocouronnement \u00e0 la Napol\u00e9on : un best of de vingt ans de t\u00e9l\u00e9 ardissonienne racont\u00e9s par Thierry en personne, et \u00e9dit\u00e9s ces jours-ci par l\u2019Institut national de l\u2019audiovisuel.<\/p>\n","protected":false},"author":9,"featured_media":0,"comment_status":"open","ping_status":"closed","sticky":false,"template":"","format":"standard","meta":{"footnotes":""},"categories":[11],"tags":[],"class_list":{"0":"post-261","1":"post","2":"type-post","3":"status-publish","4":"format-standard","6":"category-opinions"},"_links":{"self":[{"href":"https:\/\/blog.causeur.fr\/asiledeblog\/wp-json\/wp\/v2\/posts\/261","targetHints":{"allow":["GET"]}}],"collection":[{"href":"https:\/\/blog.causeur.fr\/asiledeblog\/wp-json\/wp\/v2\/posts"}],"about":[{"href":"https:\/\/blog.causeur.fr\/asiledeblog\/wp-json\/wp\/v2\/types\/post"}],"author":[{"embeddable":true,"href":"https:\/\/blog.causeur.fr\/asiledeblog\/wp-json\/wp\/v2\/users\/9"}],"replies":[{"embeddable":true,"href":"https:\/\/blog.causeur.fr\/asiledeblog\/wp-json\/wp\/v2\/comments?post=261"}],"version-history":[{"count":0,"href":"https:\/\/blog.causeur.fr\/asiledeblog\/wp-json\/wp\/v2\/posts\/261\/revisions"}],"wp:attachment":[{"href":"https:\/\/blog.causeur.fr\/asiledeblog\/wp-json\/wp\/v2\/media?parent=261"}],"wp:term":[{"taxonomy":"category","embeddable":true,"href":"https:\/\/blog.causeur.fr\/asiledeblog\/wp-json\/wp\/v2\/categories?post=261"},{"taxonomy":"post_tag","embeddable":true,"href":"https:\/\/blog.causeur.fr\/asiledeblog\/wp-json\/wp\/v2\/tags?post=261"}],"curies":[{"name":"wp","href":"https:\/\/api.w.org\/{rel}","templated":true}]}}