{"id":300,"date":"2010-11-12T14:01:04","date_gmt":"2010-11-12T12:01:04","guid":{"rendered":"http:\/\/carnet.causeur.fr\/asiledeblog\/?p=300"},"modified":"2021-04-26T12:57:58","modified_gmt":"2021-04-26T10:57:58","slug":"je-vote-rocard","status":"publish","type":"post","link":"https:\/\/blog.causeur.fr\/asiledeblog\/je-vote-rocard-300","title":{"rendered":"Je vote Rocard !"},"content":{"rendered":"<p style=\"text-align: center\"><a href=\"http:\/\/blog.causeur.fr\/asiledeblog\/files\/2010\/11\/Rocard_Michel0011.gif\"><img loading=\"lazy\" decoding=\"async\" class=\"size-medium wp-image-303 aligncenter\" src=\"http:\/\/carnet.causeur.fr\/asiledeblog\/files\/2010\/11\/Rocard_Michel0011-300x200.gif\" alt=\"\" width=\"300\" height=\"200\" srcset=\"https:\/\/blog.causeur.fr\/asiledeblog\/wp-content\/uploads\/sites\/10\/2010\/11\/Rocard_Michel0011-300x200.gif 300w, https:\/\/blog.causeur.fr\/asiledeblog\/wp-content\/uploads\/sites\/10\/2010\/11\/Rocard_Michel0011.gif 468w\" sizes=\"auto, (max-width: 300px) 100vw, 300px\" \/><\/a><\/p>\n<p style=\"text-align: left\">Vendredi soir dernier, au moment o\u00f9 je m\u2019y attendais le moins, je suis devenu rocardien. \u00c0 l\u2019occasion de la sortie de ses M\u00e9moires, notre ancien premier ministre \u00e9tait l\u2019invit\u00e9 de Giesbert (<em>Semaine critique ! <\/em>vendredi 5 novembre \u00e0 23 h 15).<!--more--><\/p>\n<p style=\"text-align: left\">Le titre,\u00a0<em>Si \u00e7a vous amuse<\/em>, fait r\u00e9f\u00e9rence \u00e0 la r\u00e9ponse que lui balan\u00e7ait invariablement Mitterrand quand il pr\u00e9tendait s\u2019aventurer dans son \u201cdomaine r\u00e9serv\u00e9\u201d \u2013 c\u2019est-\u00e0-dire o\u00f9 que ce soit. Le pr\u00e9sident Mitterrand, qui m\u00e9prisait puissamment Rocard, ne l\u2019avait pas nomm\u00e9 \u00e0 Matignon sans quelques arri\u00e8re-pens\u00e9es, qu\u2019il distillait volontiers en priv\u00e9 :\u00a0<em>\u00ab Au bout de dix-huit mois, on verra au travers. \u00bb<\/em><\/p>\n<p style=\"text-align: left\">En fait, Rocard a tenu plus longtemps que B\u00e9r\u00e9govoy, et en plus il a surv\u00e9cu ! Aujourd\u2019hui encore, il faut l\u2019entendre affirmer beno\u00eetement qu\u2019entre Mitterrand et lui, il n\u2019y eut jamais de probl\u00e8me personnel : juste des d\u00e9saccords de fond. En gros, pour l\u2019un la politique est affaire\u00a0<em>\u00ab de force et de ruse \u00bb<\/em>, quand pour l\u2019autre tout repose sur\u00a0<em>\u00ab la n\u00e9gociation, le contrat et la confiance \u00bb<\/em>. Machiavel contre Darty : devinez qui est qui !<\/p>\n<p style=\"text-align: left\">Bref, on n\u2019avait jamais vu Michel Rocard aussi souriant et d\u00e9tendu \u2013 sans m\u00eame parler de sa forme intellectuelle. C\u2019est bien simple : \u00e0 80 ans, il en fait quinze de moins ! Aurait-il brusquement cess\u00e9 de vieillir \u00e0 la mort de Mitterrand ? En tout cas , cet homme-l\u00e0 est un plaidoyer vivant pour la r\u00e9forme des retraites \u2013 qu\u2019il approuve d\u2019ailleurs enti\u00e8rement. Son seul reproche porte sur la m\u00e9thode : Sarkozy, dit-il, n\u2019a pas fait tout ce qu\u2019il pouvait pour n\u00e9gocier \u2013 \u00e0 l\u2019instar des Allemands ou des Su\u00e9dois : il a voulu\u00a0<em>\u00ab passer en force, en touchant inutilement \u00e0 des symboles \u00bb<\/em>.<\/p>\n<p style=\"text-align: left\"><em>\u00ab D\u2019accord, <\/em>ajoute-t-il, souriant \u00e0 l\u2019avance de son audace,\u00a0<em>en France c\u2019est plus difficile qu\u2019ailleurs de n\u00e9gocier : les syndicats sont trop petits et trop divis\u00e9s ! Mais on peut les y contraindre\u2026 \u00bb <\/em>Rien que pour un aimable raccourci comme \u00e7a, je vote Rocard d\u00e8s le premier tour. H\u00e9las, on me fait signe qu\u2019il n\u2019est plus candidat \u00e0 rien ; mais bon, si \u00e7a se trouve, il n\u2019y a pas de hasard !<\/p>\n<p style=\"text-align: left\">Ce que j\u2019aime chez le Michel nouveau, c\u2019est justement qu\u2019il parle comme vous et moi ou presque \u2013 en tout cas sans les figures rh\u00e9toriques qu\u2019imposent l\u2019exercice du pouvoir et la course pour. Un type capable de citer malicieusement Marx pour expliquer son soutien de social-d\u00e9mocrate au r\u00e9formisme sarkozyste, moi je dis que \u00e7a anime une soir\u00e9e !<\/p>\n<p style=\"text-align: left\">\n<p style=\"text-align: left\">Publi\u00e9 dans <a href=\"http:\/\/www.valeursactuelles.com\/culture\/t%C3%A9l%C3%A9vision\/je-vote-rocard20101110.html\">Valeurs Actuelles<\/a>, le 11 novembre 2010.<\/p>\n","protected":false},"excerpt":{"rendered":"<p>Vendredi soir dernier, au moment o\u00f9 je m\u2019y attendais le moins, je suis devenu rocardien. \u00c0 l\u2019occasion de la sortie de ses M\u00e9moires, notre ancien premier ministre \u00e9tait l\u2019invit\u00e9 de Giesbert (Semaine critique ! vendredi 5 novembre \u00e0 23 h 15).<\/p>\n","protected":false},"author":9,"featured_media":0,"comment_status":"open","ping_status":"closed","sticky":false,"template":"","format":"standard","meta":{"footnotes":""},"categories":[11],"tags":[83,151],"class_list":{"0":"post-300","1":"post","2":"type-post","3":"status-publish","4":"format-standard","6":"category-opinions","7":"tag-francois-mitterrand","8":"tag-michel-rocard"},"_links":{"self":[{"href":"https:\/\/blog.causeur.fr\/asiledeblog\/wp-json\/wp\/v2\/posts\/300","targetHints":{"allow":["GET"]}}],"collection":[{"href":"https:\/\/blog.causeur.fr\/asiledeblog\/wp-json\/wp\/v2\/posts"}],"about":[{"href":"https:\/\/blog.causeur.fr\/asiledeblog\/wp-json\/wp\/v2\/types\/post"}],"author":[{"embeddable":true,"href":"https:\/\/blog.causeur.fr\/asiledeblog\/wp-json\/wp\/v2\/users\/9"}],"replies":[{"embeddable":true,"href":"https:\/\/blog.causeur.fr\/asiledeblog\/wp-json\/wp\/v2\/comments?post=300"}],"version-history":[{"count":0,"href":"https:\/\/blog.causeur.fr\/asiledeblog\/wp-json\/wp\/v2\/posts\/300\/revisions"}],"wp:attachment":[{"href":"https:\/\/blog.causeur.fr\/asiledeblog\/wp-json\/wp\/v2\/media?parent=300"}],"wp:term":[{"taxonomy":"category","embeddable":true,"href":"https:\/\/blog.causeur.fr\/asiledeblog\/wp-json\/wp\/v2\/categories?post=300"},{"taxonomy":"post_tag","embeddable":true,"href":"https:\/\/blog.causeur.fr\/asiledeblog\/wp-json\/wp\/v2\/tags?post=300"}],"curies":[{"name":"wp","href":"https:\/\/api.w.org\/{rel}","templated":true}]}}