{"id":499,"date":"2010-11-13T12:17:17","date_gmt":"2010-11-13T10:17:17","guid":{"rendered":"http:\/\/carnet.causeur.fr\/asiledeblog\/?p=499"},"modified":"2021-04-26T12:57:58","modified_gmt":"2021-04-26T10:57:58","slug":"les-comediens-ont-ils-une-ame","status":"publish","type":"post","link":"https:\/\/blog.causeur.fr\/asiledeblog\/les-comediens-ont-ils-une-ame-499","title":{"rendered":"Les com\u00e9diens ont ils une \u00e2me ?"},"content":{"rendered":"<p><strong>Un livre posthume de Laurent Terzieff r\u00e9pond oui, au moins pour lui\u2026<\/strong><\/p>\n<p><strong><a href=\"http:\/\/blog.causeur.fr\/asiledeblog\/files\/2010\/11\/Laurent-Terzieff.jpeg\"><img loading=\"lazy\" decoding=\"async\" class=\"alignleft size-medium wp-image-516\" src=\"http:\/\/carnet.causeur.fr\/asiledeblog\/files\/2010\/11\/Laurent-Terzieff-300x182.jpg\" alt=\"\" width=\"300\" height=\"182\" srcset=\"https:\/\/blog.causeur.fr\/asiledeblog\/wp-content\/uploads\/sites\/10\/2010\/11\/Laurent-Terzieff-300x182.jpg 300w, https:\/\/blog.causeur.fr\/asiledeblog\/wp-content\/uploads\/sites\/10\/2010\/11\/Laurent-Terzieff.jpeg 460w\" sizes=\"auto, (max-width: 300px) 100vw, 300px\" \/><\/a><\/strong><\/p>\n<p>Je n\u2019y entends rien au th\u00e9\u00e2tre. Bien s\u00fbr, \u00e0 l\u2019\u00e2ge de quinze ans, j\u2019ai moi-m\u00eame jou\u00e9 un des douze r\u00f4les-titres dans la pi\u00e8ce de Reginald Rose <em>Douze hommes en col\u00e8re<\/em>, \u00e0 Franklin[1. Coll\u00e8ge d\u2019origine catholique] ; m\u00eame que j\u2019y fus excellent, d\u2019apr\u00e8s mes parents. Mais l\u00e0 s\u2019est arr\u00eat\u00e9e, assez brutalement, ma carri\u00e8re dramatique.\u2028En tant que spectateur, mon CV n\u2019est gu\u00e8re plus brillant : \u00e0 part quelques pi\u00e8ces qui me tenaient \u00e0 c\u0153ur, de Moli\u00e8re, Anouilh ou Ionesco, je crois bien n\u2019\u00eatre jamais all\u00e9 au th\u00e9\u00e2tre spontan\u00e9ment et en payant.<\/p>\n<p><!--more--><br \/>\nSans doute un probl\u00e8me avec le genre th\u00e9\u00e2tral lui-m\u00eame \u2013 aggrav\u00e9 encore par ses formes les plus modernes. Je n\u2019avais donc gu\u00e8re de chances de voir sur sc\u00e8ne Laurent Terzieff, qui s\u2019\u00e9tait fait l\u2019ardent d\u00e9fenseur des auteurs contemporains. Il m\u2019est m\u00eame arriv\u00e9 de le regretter am\u00e8rement, comme pour son Meurtre dans la Cath\u00e9drale (1995).\u2028 Au cin\u00e9ma en revanche, j\u2019ai toujours eu l\u2019impression d\u2019avoir affaire \u00e0 un acteur inspir\u00e9. Terzieff \u00e9tait comme une r\u00e9ponse vivante aux interrogations th\u00e9ologiques du Moyen Age[2. Qui sont aussi souvent les miennes], genre \u00ab Les com\u00e9diens ont-ils une \u00e2me ? \u00bb<\/p>\n<p>Si cet homme-l\u00e0 est devenu acteur, c\u2019est pr\u00e9cis\u00e9ment par un \u00e9lan de l\u2019\u00e2me !, comme on le comprend \u00e0 la lecture du livre que Marie-No\u00eblle Tranchant a concoct\u00e9 sur lui avec lui, et qui sort aujourd\u2019hui sans lui[3. Laurent Terzieff, Seul avec tous, Presses de la Renaissance]. Loin d\u2019une banale bio, le r\u00e9sultat de leur travail commun est une sorte d\u2019IRM m\u00e9taphysique : il s\u2019agit, selon elle, de \u00ab <em>retracer un itin\u00e9raire int\u00e9rieur, artistique, humain, spirituel.<\/em> \u00bb<br \/>\nD\u2019o\u00f9 la forme de l\u2019ouvrage, tiss\u00e9 de fils tout sauf blancs : des entretiens r\u00e9\u00e9crits par sa complice, o\u00f9 Laurent Terzieff se raconte avec chaleur et simplicit\u00e9 ; des \u00e9crits personnels sur le th\u00e9\u00e2tre et ses \u00e9crivains pr\u00e9f\u00e9r\u00e9s, o\u00f9 il parle \u00e9videmment de lui-m\u00eame.\u2028 Comme le dit Luchini dans sa pr\u00e9face, Laurent Terzieff a renonc\u00e9 \u00e0 une \u00ab carri\u00e8re de star \u00bb pour se faire \u00ab <em>artisan d\u00e9vou\u00e9 du th\u00e9\u00e2tre<\/em> \u00bb. L\u2019hommage est d\u2019autant plus beau, venant de la seule vraie star de nos planches nationales. Mais il y a de nombreuses demeures dans la maison du P\u00e8re et c\u2019est heureux, n\u2019est-ce pas ? Si tout le monde avait la m\u00eame vocation, c\u2019est six milliards de moines qu\u2019on aurait massacr\u00e9s \u00e0 Tib\u00e9hirine. Pour Terzieff en tout cas, le th\u00e9\u00e2tre fut le plus lucide et le plus exigeant des sacerdoces, et on peut juger maintenant que ses v\u0153ux \u00e9taient perp\u00e9tuels. M\u00eame la m\u00e9taphore n\u2019est pas gratuite : l\u2019art dramatique, dit-il, c\u2019est \u00ab <em>la communion entre le monde visible et l\u2019invisible <\/em>\u00bb \u2013 et d\u2019ailleurs, \u00ab <em>tout ce qui est artistique proc\u00e8de du religieux<\/em> \u00bb.\u2028 Non seulement Terzieff avait une \u00e2me (et l\u2019a toujours), mais il \u00e9tait croyant \u2013 et il y a peu de risques qu\u2019il ait chang\u00e9 d\u2019avis. Plus pr\u00e9cis\u00e9ment, un type comme lui \u00e9tait incapable de croire s\u00e9rieusement au n\u00e9ant. Dans ses notes de lecture, on retrouve cette phrase violente de Simone Weil, qui r\u00e9sume \u00e0 elle seule La Pesanteur et la Gr\u00e2ce[4. Pour ceux qui ne l\u2019auraient pas relu cette ann\u00e9e] : \u00ab <em>Tous les mouvements de l\u2019\u00e2me sont r\u00e9gis par des lois analogues \u00e0 celles de la pesanteur mat\u00e9rielle<\/em>[5. \u00ab M\u00eame l\u2019amour ? \u00bb, diront les Premi\u00e8re Ann\u00e9e. Surtout l\u2019amour ! (cf. <em>Caritas in Veritate<\/em>)]<em>). La gr\u00e2ce seule fait exception.<\/em> \u00bb<br \/>\nAu point o\u00f9 on en est, filons donc jusqu\u2019au bout la m\u00e9taphore : ce bouquin lui aussi est une communion. L\u2019effacement de Marie-No\u00eblle Tranchant devant son sujet prolonge la modestie de Terzieff face aux auteurs qu\u2019il servait. Quand on comprend quelqu\u2019un et qu\u2019on l\u2019aime, quoi de plus beau que de s\u2019en faire l\u2019interpr\u00e8te ?\u2028 Tr\u00eave de suspense : j\u2019ai bien aim\u00e9 ce bouquin.<\/p>\n","protected":false},"excerpt":{"rendered":"<p>Un livre posthume de Laurent Terzieff r\u00e9pond oui, au moins pour lui\u2026 Je n\u2019y entends rien au th\u00e9\u00e2tre. Bien s\u00fbr, \u00e0 l\u2019\u00e2ge de quinze ans, j\u2019ai moi-m\u00eame jou\u00e9 un des douze r\u00f4les-titres dans la pi\u00e8ce de Reginald Rose Douze hommes en col\u00e8re, \u00e0 Franklin[1. Coll\u00e8ge d\u2019origine catholique] ; m\u00eame que j\u2019y fus excellent, d\u2019apr\u00e8s mes [&hellip;]<\/p>\n","protected":false},"author":9,"featured_media":0,"comment_status":"open","ping_status":"closed","sticky":false,"template":"","format":"standard","meta":{"footnotes":""},"categories":[11],"tags":[124,156],"class_list":{"0":"post-499","1":"post","2":"type-post","3":"status-publish","4":"format-standard","6":"category-opinions","7":"tag-laurent-terzieff","8":"tag-moliere"},"_links":{"self":[{"href":"https:\/\/blog.causeur.fr\/asiledeblog\/wp-json\/wp\/v2\/posts\/499","targetHints":{"allow":["GET"]}}],"collection":[{"href":"https:\/\/blog.causeur.fr\/asiledeblog\/wp-json\/wp\/v2\/posts"}],"about":[{"href":"https:\/\/blog.causeur.fr\/asiledeblog\/wp-json\/wp\/v2\/types\/post"}],"author":[{"embeddable":true,"href":"https:\/\/blog.causeur.fr\/asiledeblog\/wp-json\/wp\/v2\/users\/9"}],"replies":[{"embeddable":true,"href":"https:\/\/blog.causeur.fr\/asiledeblog\/wp-json\/wp\/v2\/comments?post=499"}],"version-history":[{"count":0,"href":"https:\/\/blog.causeur.fr\/asiledeblog\/wp-json\/wp\/v2\/posts\/499\/revisions"}],"wp:attachment":[{"href":"https:\/\/blog.causeur.fr\/asiledeblog\/wp-json\/wp\/v2\/media?parent=499"}],"wp:term":[{"taxonomy":"category","embeddable":true,"href":"https:\/\/blog.causeur.fr\/asiledeblog\/wp-json\/wp\/v2\/categories?post=499"},{"taxonomy":"post_tag","embeddable":true,"href":"https:\/\/blog.causeur.fr\/asiledeblog\/wp-json\/wp\/v2\/tags?post=499"}],"curies":[{"name":"wp","href":"https:\/\/api.w.org\/{rel}","templated":true}]}}