{"id":611,"date":"2010-07-08T19:44:52","date_gmt":"2010-07-08T17:44:52","guid":{"rendered":"http:\/\/carnet.causeur.fr\/asiledeblog\/?p=611"},"modified":"2021-04-26T12:57:59","modified_gmt":"2021-04-26T10:57:59","slug":"on-va-dans-le-mur-tu-viens","status":"publish","type":"post","link":"https:\/\/blog.causeur.fr\/asiledeblog\/on-va-dans-le-mur-tu-viens-611","title":{"rendered":"On va dans le mur, tu viens ?"},"content":{"rendered":"<p><strong>De la \u201cFin de l\u2019Histoire\u201d \u00e0 l\u2019Histoire de la Fin<\/strong><\/p>\n<p><em>Allocution prononc\u00e9e par Basile de Koch \u00e0 l\u2019occasion des Cinqui\u00e8mes Rencontres Internationales des Intermittents de la Pens\u00e9e (Paris, 7 juillet 2008).<\/em><\/p>\n<p><a href=\"http:\/\/blog.causeur.fr\/asiledeblog\/files\/2010\/12\/flyer.jpg\"><img loading=\"lazy\" decoding=\"async\" class=\"size-medium wp-image-672 alignleft\" src=\"http:\/\/carnet.causeur.fr\/asiledeblog\/files\/2010\/07\/flyer-202x300.jpg\" alt=\"\" width=\"202\" height=\"300\" \/><\/a>Merci d\u2019avoir r\u00e9pondu pr\u00e9sents \u00e0 mon Appel solennel pour ces Cinqui\u00e8mes Rencontres Internationales des Intermittents de la Pens\u00e9e. C\u2019est une preuve de lucidit\u00e9 qui vous honore. Bravo ! C\u2019est aussi une preuve de courage intellectuel. Le th\u00e8me choisi cette ann\u00e9e ne vous a m\u00eame pas rebut\u00e9s. Je vous dis : \u201cOn va dans le mur !\u201d \u2013 et vous venez\u2026 Encore bravo!<!--more--><\/p>\n<p>Pourtant j\u2019en vois qui ne sont pas l\u00e0 \u2013 comme disait M. Night Shyamalan. Arr\u00eatons-nous donc un instant sur les motivations de celles et ceux qui ne sont pas venus. Manque de lucidit\u00e9 et de courage ? Je me refuse \u00e0 y croire ! En v\u00e9rit\u00e9 l\u2019affaire est plus grave : ces gens-l\u00e0, comme disait Jacques Brel, ne partagent pas notre vision de l\u2019avenir ! Parmi eux, il convient de distinguer deux sous-cat\u00e9gories pour la clart\u00e9 du d\u00e9bat \u2013 qui d\u2019ailleurs, je vous rassure, n\u2019aura pas lieu.<\/p>\n<p>D\u2019un c\u00f4t\u00e9 il y a les optimistes irr\u00e9ductibles, qui ne se rendent toujours pas compte qu\u2019on y va, dans le mur ! Ces ravis de la cr\u00e8che continuent de croire \u00e0 la fin de l\u2019histoire selon Fukuyama, sans m\u00eame le conna\u00eetre ! Alors que ce que nous vivons, c\u2019est l\u2019histoire de la fin \u2013 c\u2019est-\u00e0-dire l\u2019Apocalypse selon Saint Jean, m\u00eame sans la conna\u00eetre !<br \/>\nIl est vrai que ce courant de pens\u00e9e est aujourd\u2019hui en perte de vitesse. Il a eu son heure de gloire pendant dix ans et quelques ; disons entre la chute du Mur et celle des Twin Towers.<br \/>\nDepuis, la croyance en un avenir radieux, f\u00fbt-il d\u00e9mocratique, a tendance elle aussi \u00e0 s\u2019effondrer.<br \/>\nBien s\u00fbr, vous me direz, il n\u2019y a pas que le 11\/9 dans la vie, c\u2019est-\u00e0-dire dans la mort ! Si on va dans le mur, ce n\u2019est pas seulement \u00e0 cause du terrorisme islamiste, ni m\u00eame de son parrain l\u2019errorisme am\u00e9ricain.<\/p>\n<p>Simplement, on a ouvert la bo\u00eete de Pandore, et voil\u00e0 que tout ressort :<br \/>\n\u2013 la famine progresse ;<br \/>\n\u2013 la surpopulation menace ;<br \/>\n\u2013 le climat se d\u00e9r\u00e8gle ;<br \/>\n\u2013 le capitalisme financier fume la moquette ;<br \/>\n\u2013 le soleil risque de s\u2019\u00e9teindre dans moins d\u2019un milliard d\u2019ann\u00e9es ;<br \/>\n\u2013 et moi-m\u00eame ces temps-ci, mon genou me lance.<\/p>\n<p>Faut-il pourtant se r\u00e9signer \u00e0 l\u2019in\u00e9luctable ? En bon fran\u00e7ais, oui ! Mais le bon fran\u00e7ais, c\u2019est le cadet des soucis de nos disparus de la 2e Compagnie. Ces absents-l\u00e0 ont une autre fa\u00e7on d\u2019avoir tort. Ils pr\u00e9tendent \u2013 comme j\u2019ai d\u00fb le faire au moins cent fois dans mes discours de \u201cn\u00e8gre\u201d \u2013, \u201copposer au pessimisme de l\u2019esprit l\u2019optimisme de la volont\u00e9\u201d ! Moi au moins, pour \u00e9crire des conneries comme \u00e7a, j\u2019\u00e9tais pay\u00e9 !<\/p>\n<p>En un mot, nos \u201coptissimistes\u201d pensent deux choses :<br \/>\nUn : On va dans le mur !<br \/>\nDeux : Rien n\u2019est perdu, parce qu\u2019on peut lutter !<\/p>\n<p>Apparemment, voil\u00e0 des glands qui n\u2019\u00e9taient d\u00e9j\u00e0 pas pr\u00e9sents l\u2019an dernier aux IVes Rencontres des Intermittents de la Pens\u00e9e, le jour o\u00f9 j\u2019ai lanc\u00e9 ce cri de d\u00e9sespoir lucide et organis\u00e9 : \u201cOn peut pas lutter !\u201d Eh bien, certains croient quand m\u00eame avoir un Plan B pour \u00e9viter le mur. Les plus raisonnables d\u2019entre eux envisagent de devancer l\u2019appel en organisant des \u201cd\u00e9parts collectifs anticip\u00e9s\u201d, fa\u00e7on Ordre du Temple Solaire.<\/p>\n<p>Et puis il y a les autres, imperm\u00e9ables h\u00e9las \u00e0 toute transcendance ; ceux-la persistent \u00e0 placer leurs espoirs dans la politique.<br \/>\nCertains, connus autrefois connus sous le nom de socialistes, vous diront qu\u2019avec eux au moins, dans l\u2019Apocalypse \u00e0 venir, vos avantages acquis seront pr\u00e9serv\u00e9s.<br \/>\nEt puis en face, vous trouverez l\u2019Union des Moutons de Panurge. En gros, ceux qui font confiance au Pr\u00e9sident pour r\u00e9soudre tous les probl\u00e8mes, et m\u00eame, le cas \u00e9ch\u00e9ant pour en cr\u00e9er de nouveaux.<br \/>\nParce que, l\u2019air de rien \u2013 ou presque ! \u2013 ce mec pr\u00e9side d\u00e9j\u00e0 la R\u00e9publique, le Conseil des Ministres en bois, la Chambre d\u2019enregistrement et le S\u00e9nat conservateur. Eh bien, il reste toujours demandeur d\u2019emplois !<\/p>\n<p>Pourtant, \u00e0 ses heures perdues, le m\u00eame Sarkozy \u2013 car c\u2019\u00e9tait lui ! \u2013 garde aussi la haute main sur les syndicats et le patronat, la t\u00e9l\u00e9vision publique et la t\u00e9l\u00e9vision publicaine, l\u2019Europe (pour six mois) et l\u2019Union pour la M\u00e9diterran\u00e9e (quand elle existera) \u2013 sans oublier son leadership incontest\u00e9 sur la branche fran\u00e7aise de l\u2019OTAN.<\/p>\n<p>Face \u00e0 un tel bilan (en moins d\u2019un peu plus d\u2019un an !), nos petits amis les \u0153ufs de l\u2019UMP \u2013 et souvent aussi nos mamans, il faut bien le dire, \u2013 semblent persuad\u00e9s qu\u2019en cas de n\u00e9cessit\u00e9, Sarko-la-Menace peut devenir a tout moment l\u2019incroyable Nick.<\/p>\n<p>Par exemple, si le Pr\u00e9sident a d\u00e9cid\u00e9 de renforcer notre engagement militaire en Afghanistan, c\u2019est \u00e9videment pour lutter contre le r\u00e9chauffement climatique. Trois mille soldats fran\u00e7ais refroidis, ce serait un d\u00e9but, non ? Et puis n\u2019oublions jamais qu\u2019une fois encore, c\u2019est \u00e0 la France de montrer la voie au monde, apr\u00e8s la Saint-Barth\u00e9lemy, la Terreur, la Commune et la D\u00e9b\u00e2cle.<\/p>\n<p>Plus s\u00e9rieusement, je voudrais m\u2019adresser \u00e0 vous (oui, vous qui \u00eates pr\u00e9sents ici ce soir ; de toute fa\u00e7on, je n\u2019ai pas trop le choix.) Eh bien, laissez-moi vous dire \u00e0 quel point je partage votre enthousiasme concernant les id\u00e9es que je vais exprimer maintenant.<\/p>\n<p>Les Fran\u00e7ais sont, para\u00eet-il, plus de 60 millions ; et apparemment, seuls un dix-milli\u00e8me d\u2019entre eux sont m\u00fbrs pour aller intelligemment dans le mur \u2013 c\u2019est-\u00e0-dire \u00e0 la mani\u00e8re lucide et festive que nous recommandait feu Philippe Muray.<\/p>\n<p>Bref, \u00e7a ne fait aucun doute : nous sommes bien ce <em>pusillus grex<\/em> dont parle la Bible, le petit troupeau, le sel de la terre. Alors \u201cN\u2019ayons pas peur\u201d, comme disait feu Jean-Paul II, pillant all\u00e8grement l\u2019\u0153uvre de J\u00e9sus-Christ (qui entre temps, il est vrai, \u00e9tait tomb\u00e9e dans le domaine public.)<br \/>\nEn v\u00e9rit\u00e9, je vous le dis : nous sommes la troisi\u00e8me \u00e9quipe du <em>Rainbow Warrior.<\/em> Notre mission, si nous l\u2019acceptons, consiste \u00e0 faire tout p\u00e9ter avant que \u00e7a n\u2019explose.<\/p>\n<p>Bien s\u00fbr, c\u2019est d\u00e9j\u00e0 un peu tard, et alors ? \u201cWhat the fuck ?\u201d comme disait Robert de Niro. Il n\u2019est jamais trop tard pour rien faire ! Le pire dans l\u2019Apocalypse, c\u2019est la peur de l\u2019Apocalypse. Or, cette crainte est sans objet, puisque, comme vous n\u2019\u00eates pas sans l\u2019ignorer, Apocalypse signifie r\u00e9v\u00e9lation.<br \/>\nQui a peur d\u2019une r\u00e9v\u00e9lation, sinon celui qui vit de mensonges ? Or c\u2019est la v\u00e9rit\u00e9 qui rend libre, comme disait le mec que pille d\u00e9sormais Beno\u00eet XVI.<\/p>\n<p>La v\u00e9rit\u00e9, mes amis, elle consiste essentiellement \u00e0 poser les bonnes questions. Et la bonne question sur l\u2019Apocalypse (comme d\u2019ailleurs sur toutes ces petites Apocalypses personnelles qu\u2019on appelle la mort).<br \/>\nC\u2019est \u00e9videmment la question de l\u2019<em>after. <\/em>Eh bien, croyez-en le sp\u00e9cialiste que je suis : on juge une soir\u00e9e a son <em>after ! <\/em>Vous-m\u00eames d\u2019ailleurs, vous pr\u00e9f\u00e9rez quoi ? Une soir\u00e9e qui commence bien et qui finit mal, ou l\u2019inverse ? Eh bien, si \u00e7a se trouve, la vie c\u2019est pareil.<\/p>\n","protected":false},"excerpt":{"rendered":"<p>De la \u201cFin de l\u2019Histoire\u201d \u00e0 l\u2019Histoire de la Fin Allocution prononc\u00e9e par Basile de Koch \u00e0 l\u2019occasion des Cinqui\u00e8mes Rencontres Internationales des Intermittents de la Pens\u00e9e (Paris, 7 juillet 2008). Merci d\u2019avoir r\u00e9pondu pr\u00e9sents \u00e0 mon Appel solennel pour ces Cinqui\u00e8mes Rencontres Internationales des Intermittents de la Pens\u00e9e. C\u2019est une preuve de lucidit\u00e9 qui [&hellip;]<\/p>\n","protected":false},"author":9,"featured_media":0,"comment_status":"open","ping_status":"closed","sticky":false,"template":"","format":"standard","meta":{"footnotes":""},"categories":[11],"tags":[103,111],"class_list":{"0":"post-611","1":"post","2":"type-post","3":"status-publish","4":"format-standard","6":"category-opinions","7":"tag-intermittents-de-la-pensee","8":"tag-jalons"},"_links":{"self":[{"href":"https:\/\/blog.causeur.fr\/asiledeblog\/wp-json\/wp\/v2\/posts\/611","targetHints":{"allow":["GET"]}}],"collection":[{"href":"https:\/\/blog.causeur.fr\/asiledeblog\/wp-json\/wp\/v2\/posts"}],"about":[{"href":"https:\/\/blog.causeur.fr\/asiledeblog\/wp-json\/wp\/v2\/types\/post"}],"author":[{"embeddable":true,"href":"https:\/\/blog.causeur.fr\/asiledeblog\/wp-json\/wp\/v2\/users\/9"}],"replies":[{"embeddable":true,"href":"https:\/\/blog.causeur.fr\/asiledeblog\/wp-json\/wp\/v2\/comments?post=611"}],"version-history":[{"count":0,"href":"https:\/\/blog.causeur.fr\/asiledeblog\/wp-json\/wp\/v2\/posts\/611\/revisions"}],"wp:attachment":[{"href":"https:\/\/blog.causeur.fr\/asiledeblog\/wp-json\/wp\/v2\/media?parent=611"}],"wp:term":[{"taxonomy":"category","embeddable":true,"href":"https:\/\/blog.causeur.fr\/asiledeblog\/wp-json\/wp\/v2\/categories?post=611"},{"taxonomy":"post_tag","embeddable":true,"href":"https:\/\/blog.causeur.fr\/asiledeblog\/wp-json\/wp\/v2\/tags?post=611"}],"curies":[{"name":"wp","href":"https:\/\/api.w.org\/{rel}","templated":true}]}}