{"id":65,"date":"2010-09-30T10:50:01","date_gmt":"2010-09-30T08:50:01","guid":{"rendered":"http:\/\/carnet.causeur.fr\/asiledeblog\/?p=65"},"modified":"2021-04-26T12:57:58","modified_gmt":"2021-04-26T10:57:58","slug":"on-nest-pas-couche-et-on-a-raison","status":"publish","type":"post","link":"https:\/\/blog.causeur.fr\/asiledeblog\/on-nest-pas-couche-et-on-a-raison-65","title":{"rendered":"On n\u2019est pas couch\u00e9, et on a raison"},"content":{"rendered":"<p style=\"text-align: center\"><a href=\"http:\/\/blog.causeur.fr\/asiledeblog\/files\/2010\/10\/3smbnp8f1.jpeg\"><img loading=\"lazy\" decoding=\"async\" class=\"aligncenter size-full wp-image-68\" src=\"http:\/\/blog.causeur.fr\/asiledeblog\/files\/2010\/10\/3smbnp8f1.jpeg\" alt=\"\" width=\"377\" height=\"251\" srcset=\"https:\/\/blog.causeur.fr\/asiledeblog\/wp-content\/uploads\/sites\/10\/2010\/10\/3smbnp8f1.jpeg 377w, https:\/\/blog.causeur.fr\/asiledeblog\/wp-content\/uploads\/sites\/10\/2010\/10\/3smbnp8f1-300x199.jpg 300w\" sizes=\"auto, (max-width: 377px) 100vw, 377px\" \/><\/a><span style=\"font-size: 13.3333px\"><em>Le rendez-vous hebdomadaire de la bande \u00e0 Ruquier\u00a0: un divertissement certes, mais pas au sens pascalien du terme\u2026<\/em><\/span><\/p>\n<p><span style=\"font-size: 13.3333px\">A la t\u00e9l\u00e9 comme dans la vraie vie, les paradoxes se suivent et ne se ressemblent pas. L\u2019autre semaine, je vous entretenais du paradoxe d\u2019Ormesson \u2013 cet Immortel hors d\u2019\u00e2ge qui n\u2019en finit pas de s\u2019amuser de ses propres<!--more--> gamineries. La semaine derni\u00e8re, c\u2019est Jean lui-m\u00eame qui s\u2019\u00e9tonnait d\u2019un autre paradoxe. Invit\u00e9 d<em>\u2019On n\u2019est pas cou<\/em>ch\u00e9 (France 2, samedi 18 septembre, 22h55), soudain\u00a0il s\u2019exclama \u00ab\u00a0<em>Pour une \u00e9mission <!--more-->de divertissement, on traite ici de sujets bien s\u00e9rieux\u00a0!<\/em> \u00bb<\/span><\/p>\n<p>Il a raison, l\u2019Ormesson\u00a0! Par rapport \u00e0 ses concurrents, le rendez-vous\u00a0hebdo de la bande \u00e0 Ruquier est d\u2019une haute tenue intellectuelle. Entre deux potacheries et trois blagues, on y cause quand m\u00eame chaque semaine de l\u2019actualit\u00e9 culturelle \u2013 et pas seulement <!--more-->pour faire la \u00ab\u00a0promo\u00a0\u00bb des gens pr\u00e9sents sur le plateau\u2026 En v\u00e9rit\u00e9, les r\u00f4les sont r\u00e9partis \u00e0 merveille\u00a0: si Ruquier a pour ses invit\u00e9s les pr\u00e9venances d\u2019un h\u00f4te parfait, c\u2019est qu\u2019il laisse \u00e0 ses deux \u00ab\u00a0m\u00e9chants flics\u00a0\u00bb Zemmour et Naulleau le soin de les cuisiner un par un.<\/p>\n<p>Ce soir-l\u00e0 par exemple, on a parl\u00e9 utilement beaux-arts, litt\u00e9rature, rapports entre science et foi\u2026 Qui dit mieux\u00a0?<\/p>\n<p>Bien s\u00fbr, Jean-Jacques Aillagon peut \u00e9nerver quand il justifie \u2013 avec une \u00e9vidente sinc\u00e9rit\u00e9, en plus\u00a0! \u2013 son entreprise de salopage du ch\u00e2teau de Versailles \u00e0 coups de homards et de lapins roses (cf Valeurs Actuelles n\u00b0 3851).<\/p>\n<p>Mais il y a Naulleau pour moquer \u00ab\u00a0<em>l\u2019infantilisme r\u00e9gressif <\/em>\u00bb de Takashi Murakami (le poseur de lapin) et Zemmour pour enfoncer le clou\u00a0: \u00ab\u00a0<em>Dans une chambre de petite fille, \u00e7a serait parfait\u00a0! <\/em>\u00bb<\/p>\n<p><span style=\"font-size: 13.3333px\">Et puis voici le Bohringer nouveau\u00a0! Fini les coups de gueule pu\u00e9rils\u00a0: Richard appara\u00eet grandi par la maladie qu\u2019il a d\u00fb affronter, et qui lui a inspir\u00e9 un bouquin de m\u00e9moires imaginaires. Sa fragilit\u00e9 enfin assum\u00e9e touche, et sa modestie litt\u00e9raire sonne juste\u00a0: \u00ab\u00a0<em>Je voulais \u00e9crire le plus beau des po\u00e8mes, mais Rimbaud avait d\u00e9j\u00e0 fait le boulot\u00a0! <\/em>\u00bb\u00a0 Il ach\u00e8ve d\u2019\u00e9mouvoir (enfin, moi\u00a0!) quand il confesse son coup de c\u0153ur humain et litt\u00e9raire pour \u00ab\u00a0<em>les Hussards, flamboyants et magnifiques <\/em>\u00bb.<\/span><\/p>\n<p>M\u00eame le retour de la momie de Mgr Gaillot donne ici \u00e0 penser. Apr\u00e8s quinze ans de sarcophage, il nous revient intact avec sa relecture ath\u00e9e de la Bonne Nouvelle. Dieu est en nous savez-vous\u00a0?, et nulle part ailleurs\u00a0! Quant \u00e0 J\u00e9sus, d\u00e9fenseur des pauvres et des opprim\u00e9s, n\u2019est-il pas un mod\u00e8le de militant associatif\u00a0?<\/p>\n<p>Pour le coup, c\u2019est Ruquier en personne qui posera \u00e0 Gaillot la question qui tue\u00a0: \u00ab\u00a0<em>Mais alors, pourquoi vous \u00eates encore cur\u00e9\u00a0? <\/em>\u00bb D\u00e9cid\u00e9ment, d\u2019Ormesson a raison\u00a0: ce bateleur-l\u00e0 peut \u00eatre profond. Plus que l\u2019acad\u00e9micien\u00a0? On n\u2019est plus \u00e0 un paradoxe pr\u00e8s\u2026<\/p>\n<p><em>(Publi\u00e9 dans <\/em><a href=\"http:\/\/www.valeursactuelles.com\/\"><em>Valeurs Actuelles<\/em><\/a><em>\/T\u00e9l\u00e9subjectif, le 30 septembre 2010)<\/em><\/p>\n","protected":false},"excerpt":{"rendered":"<p>Le rendez-vous hebdomadaire de la bande \u00e0 Ruquier\u00a0: un divertissement certes, mais pas au sens pascalien du terme\u2026 A la t\u00e9l\u00e9 comme dans la vraie vie, les paradoxes se suivent et ne se ressemblent pas. L\u2019autre semaine, je vous entretenais du paradoxe d\u2019Ormesson \u2013 cet Immortel hors d\u2019\u00e2ge qui n\u2019en finit pas de s\u2019amuser de [&hellip;]<\/p>\n","protected":false},"author":9,"featured_media":0,"comment_status":"open","ping_status":"closed","sticky":false,"template":"","format":"standard","meta":{"footnotes":""},"categories":[11],"tags":[76,77,112],"class_list":{"0":"post-65","1":"post","2":"type-post","3":"status-publish","4":"format-standard","6":"category-opinions","7":"tag-eric-naulleau","8":"tag-eric-zemmour","9":"tag-jean-dormesson"},"_links":{"self":[{"href":"https:\/\/blog.causeur.fr\/asiledeblog\/wp-json\/wp\/v2\/posts\/65","targetHints":{"allow":["GET"]}}],"collection":[{"href":"https:\/\/blog.causeur.fr\/asiledeblog\/wp-json\/wp\/v2\/posts"}],"about":[{"href":"https:\/\/blog.causeur.fr\/asiledeblog\/wp-json\/wp\/v2\/types\/post"}],"author":[{"embeddable":true,"href":"https:\/\/blog.causeur.fr\/asiledeblog\/wp-json\/wp\/v2\/users\/9"}],"replies":[{"embeddable":true,"href":"https:\/\/blog.causeur.fr\/asiledeblog\/wp-json\/wp\/v2\/comments?post=65"}],"version-history":[{"count":0,"href":"https:\/\/blog.causeur.fr\/asiledeblog\/wp-json\/wp\/v2\/posts\/65\/revisions"}],"wp:attachment":[{"href":"https:\/\/blog.causeur.fr\/asiledeblog\/wp-json\/wp\/v2\/media?parent=65"}],"wp:term":[{"taxonomy":"category","embeddable":true,"href":"https:\/\/blog.causeur.fr\/asiledeblog\/wp-json\/wp\/v2\/categories?post=65"},{"taxonomy":"post_tag","embeddable":true,"href":"https:\/\/blog.causeur.fr\/asiledeblog\/wp-json\/wp\/v2\/tags?post=65"}],"curies":[{"name":"wp","href":"https:\/\/api.w.org\/{rel}","templated":true}]}}