{"id":745,"date":"2010-12-07T13:11:55","date_gmt":"2010-12-07T11:11:55","guid":{"rendered":"http:\/\/carnet.causeur.fr\/asiledeblog\/?p=745"},"modified":"2021-04-26T12:57:57","modified_gmt":"2021-04-26T10:57:57","slug":"lhonneur-dun-capitaine-du-kgb","status":"publish","type":"post","link":"https:\/\/blog.causeur.fr\/asiledeblog\/lhonneur-dun-capitaine-du-kgb-745","title":{"rendered":"L\u2019honneur d\u2019un capitaine du KGB"},"content":{"rendered":"<p><a href=\"http:\/\/blog.causeur.fr\/asiledeblog\/files\/2010\/12\/Viktor-Orekhov1.png\"><img loading=\"lazy\" decoding=\"async\" class=\"alignleft size-full wp-image-746\" src=\"http:\/\/blog.causeur.fr\/asiledeblog\/files\/2010\/12\/Viktor-Orekhov1.png\" alt=\"\" width=\"250\" height=\"166\" \/><\/a> Il m\u2019a fallu du temps pour me remettre de l\u2019impressionnant documentaire sign\u00e9 Nicolas Jallot,\u00a0<em>le Dissident du KGB <\/em>(Arte, jeudi 18 novembre, 22 h 55). C\u2019est l\u2019histoire, admirable et infiniment triste, de Viktor Orekhov, officier ren\u00e9gat des services secrets sovi\u00e9tiques.<\/p>\n<p><!--more--><\/p>\n<p>Au tournant des ann\u00e9es 1970 ce jeune capitaine, bon patriote, bon communiste et bon petit soldat, est nomm\u00e9 \u00e0 la 5e division du KGB, charg\u00e9e de la lutte contre \u201cl\u2019ennemi de l\u2019int\u00e9rieur\u201d : les dissidents.<!--more--><\/p>\n<p>Bien vite, h\u00e9las pour lui, sa conscience professionnelle va entrer en conflit avec sa conscience tout court. La lecture de Soljenitsyne (que lui permet son boulot) puis un voyage au Japon (pour surveiller le Bolcho\u00ef !) lui ouvrent les yeux sur les mensonges fondateurs de ce pouvoir qu\u2019il servait avec enthousiasme.<\/p>\n<p>Aussit\u00f4t notre id\u00e9aliste kag\u00e9biste vire sa cuti : d\u00e9sormais, ce sont les dissidents qu\u2019il informera, quitte \u00e0 balancer \u00e0 ses patrons des rapports bidons.<\/p>\n<p>Bien s\u00fbr, ce genre de blague ne peut pas durer longtemps, notamment en r\u00e9gime totalitaire \u2013 et Viktor est bien plac\u00e9 pour le savoir. Simplement, il ne peut pas faire autrement\u2026 D\u00e9masqu\u00e9 au bout de deux ans, \u00e0 cause de l\u2019insoutenable l\u00e9g\u00e8ret\u00e9 de ses prot\u00e9g\u00e9s, il prend huit ans de goulag sans sursis.<\/p>\n<p>Quand il sort finalement, en 1986, tout a chang\u00e9 : c\u2019est d\u00e9j\u00e0 la perestro\u00efka, et bient\u00f4t le d\u00e9mant\u00e8lement de l\u2019empire puis la fin de l\u2019Union sovi\u00e9tique. Tout a chang\u00e9, sauf pour lui : ses anciens patrons n\u2019ont chang\u00e9 que de nom et le FSB, avatar du KGB, le poursuit de sa vindicte, tel un Terminator d\u00e9capit\u00e9.<\/p>\n<p>Sous un pr\u00e9texte grotesque (un pistolet factice trouv\u00e9 dans sa voiture), le voil\u00e0 renvoy\u00e9 en \u201ccamp de r\u00e9\u00e9ducation par le travail\u201d pour \u201cr\u00e9cidive\u201d !<\/p>\n<p>Et le cauchemar n\u2019est pas fini. \u00c0 sa deuxi\u00e8me sortie de prison, notre h\u00e9ros trouve certes un boulot de manutentionnaire, mais toujours moins d\u2019amis que d\u2019ennemis. Averti \u00e0 temps par l\u2019ambassade am\u00e9ricaine d\u2019un projet d\u2019assassinat, il accepte la mort dans l\u2019\u00e2me l\u2019asile politique qu\u2019on lui offre.<\/p>\n<p>C\u2019est ainsi que, depuis douze ans, Viktor Orekhov vit aux \u00c9tats-Unis, ou plut\u00f4t y survit. Parachut\u00e9 au fin fond d\u2019un de ces nulle part dont la vaste Am\u00e9rique a le secret, il partage son temps entre son nouveau job (livreur de pizzas !) et son vieux hobby : la p\u00eache.<\/p>\n<p>D\u2019ailleurs, quand le d\u00e9sormais vieux Viktor accepte de parler de sa vie, c\u2019est pour se comparer \u00e0 un poisson p\u00each\u00e9. De ceux qui, n\u2019ayant m\u00eame pas eu la chance de\u00a0<em>\u00ab finir dans la po\u00eale \u00e0 frire \u00bb<\/em>, seraient\u00a0<em>\u00ab condamn\u00e9s \u00e0 pourrir dans un petit bocal ! <\/em>[\u2026]\u00a0<em>C\u2019est exactement ce que je ressens ici. \u00bb<\/em><\/p>\n<p>Tout est dans le \u201cici\u201d : l\u2019ex-capitaine est un reproche vivant \u00e0 sa patrie charnelle, \u00e0 laquelle il a tout sacrifi\u00e9, et o\u00f9 il ne peut m\u00eame pas rentrer mourir en paix. Bon, je vous avais pr\u00e9venus : c\u2019est beau mais c\u2019est triste, comme le Livre de Job sans le\u00a0<em>happy end<\/em>.<\/p>\n","protected":false},"excerpt":{"rendered":"<p>Il m\u2019a fallu du temps pour me remettre de l\u2019impressionnant documentaire sign\u00e9 Nicolas Jallot,\u00a0le Dissident du KGB (Arte, jeudi 18 novembre, 22 h 55). C\u2019est l\u2019histoire, admirable et infiniment triste, de Viktor Orekhov, officier ren\u00e9gat des services secrets sovi\u00e9tiques.<\/p>\n","protected":false},"author":9,"featured_media":0,"comment_status":"open","ping_status":"closed","sticky":false,"template":"","format":"standard","meta":{"footnotes":""},"categories":[11],"tags":[209,121],"class_list":{"0":"post-745","1":"post","2":"type-post","3":"status-publish","4":"format-standard","6":"category-opinions","7":"tag-alexandre-soljenitsyne","8":"tag-kgb"},"_links":{"self":[{"href":"https:\/\/blog.causeur.fr\/asiledeblog\/wp-json\/wp\/v2\/posts\/745","targetHints":{"allow":["GET"]}}],"collection":[{"href":"https:\/\/blog.causeur.fr\/asiledeblog\/wp-json\/wp\/v2\/posts"}],"about":[{"href":"https:\/\/blog.causeur.fr\/asiledeblog\/wp-json\/wp\/v2\/types\/post"}],"author":[{"embeddable":true,"href":"https:\/\/blog.causeur.fr\/asiledeblog\/wp-json\/wp\/v2\/users\/9"}],"replies":[{"embeddable":true,"href":"https:\/\/blog.causeur.fr\/asiledeblog\/wp-json\/wp\/v2\/comments?post=745"}],"version-history":[{"count":0,"href":"https:\/\/blog.causeur.fr\/asiledeblog\/wp-json\/wp\/v2\/posts\/745\/revisions"}],"wp:attachment":[{"href":"https:\/\/blog.causeur.fr\/asiledeblog\/wp-json\/wp\/v2\/media?parent=745"}],"wp:term":[{"taxonomy":"category","embeddable":true,"href":"https:\/\/blog.causeur.fr\/asiledeblog\/wp-json\/wp\/v2\/categories?post=745"},{"taxonomy":"post_tag","embeddable":true,"href":"https:\/\/blog.causeur.fr\/asiledeblog\/wp-json\/wp\/v2\/tags?post=745"}],"curies":[{"name":"wp","href":"https:\/\/api.w.org\/{rel}","templated":true}]}}