{"id":755,"date":"2010-12-10T12:10:25","date_gmt":"2010-12-10T10:10:25","guid":{"rendered":"http:\/\/carnet.causeur.fr\/asiledeblog\/?p=755"},"modified":"2021-04-26T12:57:57","modified_gmt":"2021-04-26T10:57:57","slug":"cest-jeune-et-ca-ne-suit-pas","status":"publish","type":"post","link":"https:\/\/blog.causeur.fr\/asiledeblog\/cest-jeune-et-ca-ne-suit-pas-755","title":{"rendered":"C&#039;est jeune, et \u00e7a ne suit pas !"},"content":{"rendered":"<p><em><a href=\"http:\/\/blog.causeur.fr\/asiledeblog\/files\/2010\/12\/Lorant-Deutsch.png\"><img loading=\"lazy\" decoding=\"async\" class=\"alignleft size-full wp-image-756\" src=\"http:\/\/blog.causeur.fr\/asiledeblog\/files\/2010\/12\/Lorant-Deutsch.png\" alt=\"\" width=\"200\" height=\"150\" \/><\/a>A<\/em> <em>priori<\/em>, je ne raffole pas des artistes qui se m\u00ealent de politique et de religion :\u00a0<em>\u00ab Ne sutor ultra crepidam\u00bb<\/em>, comme dirait mon voisin Philippe Barthelet. Qui songerait s\u00e9rieusement \u00e0 questionner Valls ou Cop\u00e9 sur leurs go\u00fbts en mati\u00e8re de sculpture grecque ou de rap ? <!--more--><\/p>\n<p>Eh bien, il est plus absurde encore de demander \u00e0 des Arditi, Huster et autres Balasko ce qu\u2019ils pensent de l\u2019injustice, du racisme et de la m\u00e9chancet\u00e9 en g\u00e9n\u00e9ral : ils sont contre, figurez-vous !<\/p>\n<p>Mettons \u00e0 part quelques personnages comme Richard Bohringer ou Philippe Caub\u00e8re, que je crois assez f\u00eal\u00e9s pour \u00eatre sinc\u00e8res. Mais l\u2019exception qui confirme vraiment la r\u00e8gle, on pouvait la voir l\u2019autre samedi dans l\u2019\u00e9mission\u00a0<em>On n\u2019est pas couch\u00e9 <\/em>(sur France 2, 27 novembre, 23 heures) : elle s\u2019appelle Lor\u00e0nt Deutsch.<\/p>\n<p>Un vrai ph\u00e9nom\u00e8ne, vous dis-je ! \u00c0 35 ans, cet acteur hors norme a d\u00e9j\u00e0 incarn\u00e9 entre autres, sur sc\u00e8ne et sur les \u00e9crans, Sartre et La Fontaine, Mozart et J\u00e9r\u00f4me Kerviel\u2026 Entre-temps, apr\u00e8s cinq ans de recherches, il publiait l\u2019an dernier son premier livre :\u00a0<em>M\u00e9tronome<\/em>. Sous-titr\u00e9\u00a0<em>l\u2019Histoire de France au rythme du m\u00e9tro parisien<\/em>, ce bouquin atypique a d\u00e9j\u00e0 \u00e9t\u00e9 \u00e9coul\u00e9 \u00e0 plus de 500 000 exemplaires et reste en t\u00eate des ventes d\u2019essai.<\/p>\n<p>L\u2019autre samedi, Lor\u00e0nt \u00e9tait en promo pour la version illustr\u00e9e de son livre. Joie ! Il ne s\u2019est pas senti oblig\u00e9 pour autant de s\u2019adapter au pr\u00eat-\u00e0-penser qui est de mise chez ses pairs.<\/p>\n<p>Interrog\u00e9 sur l\u2019actualit\u00e9 de Beno\u00eet XVI, il se d\u00e9clare\u00a0<em>\u00ab fier d\u2019\u00eatre catholique \u00bb<\/em>. Aussit\u00f4t, \u00c9ric Zemmour, sceptique par nature et par fonction, l\u2019interrompt :\u00a0<em>\u00ab Vous \u00eates comme tous les artistes : d\u2019autant plus catholique que l\u2019\u00c9glise ne l\u2019est pas sp\u00e9cialement\u2026 \u00bb<\/em><\/p>\n<p>Mais Zemmour sera aussi le premier \u00e0 se r\u00e9jouir d\u2019\u00eatre d\u00e9menti : au-del\u00e0 des Roms et du latex, c\u2019est\u00a0<em>\u00ab son pape \u00bb <\/em>et<em> \u00ab sa foi \u00bb <\/em>que Lor\u00e0nt Deutsch d\u00e9fend mordicus. Pour l\u2019avenir, il appelle m\u00eame de ses voeux un<em> \u00ab concordat \u00bb <\/em>entre l\u2019\u00c9glise catholique et l\u2019\u00c9tat fran\u00e7ais \u2013 ce qui, \u00e0 l\u2019\u00e9vidence, n\u2019a plus le m\u00eame sens que sous Napol\u00e9on Ier\u2026<\/p>\n<p>Bref, le genre de propos qu\u2019on ne vous sert pas tous les soirs sur un plateau t\u00e9l\u00e9 ! Encore la cerise, sur ce g\u00e2teau, n\u2019arrivera-t-elle que plus tard. Sous pr\u00e9texte de politique, le jeune gandin n\u2019h\u00e9site pas \u00e0 se proclamer\u00a0<em>\u00ab royaliste \u00bb <\/em>: les rois n\u2019ont-ils pas trac\u00e9 la voie d\u2019une\u00a0<em>\u00abmagnifique histoire de France \u00e0 poursuivre \u00bb <\/em>? Bien s\u00fbr, si un autre artiste risquait sa carri\u00e8re en s\u2019affichant r\u00e9publicain et agnostique, je serais le premier \u00e0 signer la p\u00e9tition. Mais qu\u2019on se rassure : ce n\u2019est pas pour apr\u00e8s-demain\u2026<\/p>\n<p>En attendant, j\u2019ai d\u00e9cid\u00e9 d\u2019acqu\u00e9rir le\u00a0<em>M\u00e9tronome <\/em>de Lor\u00e0nt Deutsch et de t\u00e9l\u00e9charger l\u2019ensemble de ses films par tous les moyens, m\u00eame l\u00e9gaux. \u00c7a me fera au moins un truc \u00e0 confesser avant No\u00ebl.<\/p>\n<p>Publi\u00e9 dans <a href=\"http:\/\/www.valeursactuelles.com\/culture\/t%C3%A9l%C3%A9vision\/c039est-jeune-et-%C3%A7-ne-suit-pas20101209.html\">Valeurs Actuelles<\/a>, 9.12.2010<\/p>\n","protected":false},"excerpt":{"rendered":"<p>A priori, je ne raffole pas des artistes qui se m\u00ealent de politique et de religion :\u00a0\u00ab Ne sutor ultra crepidam\u00bb, comme dirait mon voisin Philippe Barthelet. Qui songerait s\u00e9rieusement \u00e0 questionner Valls ou Cop\u00e9 sur leurs go\u00fbts en mati\u00e8re de sculpture grecque ou de rap ?<\/p>\n","protected":false},"author":9,"featured_media":0,"comment_status":"open","ping_status":"closed","sticky":false,"template":"","format":"standard","meta":{"footnotes":""},"categories":[11],"tags":[134],"class_list":{"0":"post-755","1":"post","2":"type-post","3":"status-publish","4":"format-standard","6":"category-opinions","7":"tag-lorant-deutsch"},"_links":{"self":[{"href":"https:\/\/blog.causeur.fr\/asiledeblog\/wp-json\/wp\/v2\/posts\/755","targetHints":{"allow":["GET"]}}],"collection":[{"href":"https:\/\/blog.causeur.fr\/asiledeblog\/wp-json\/wp\/v2\/posts"}],"about":[{"href":"https:\/\/blog.causeur.fr\/asiledeblog\/wp-json\/wp\/v2\/types\/post"}],"author":[{"embeddable":true,"href":"https:\/\/blog.causeur.fr\/asiledeblog\/wp-json\/wp\/v2\/users\/9"}],"replies":[{"embeddable":true,"href":"https:\/\/blog.causeur.fr\/asiledeblog\/wp-json\/wp\/v2\/comments?post=755"}],"version-history":[{"count":0,"href":"https:\/\/blog.causeur.fr\/asiledeblog\/wp-json\/wp\/v2\/posts\/755\/revisions"}],"wp:attachment":[{"href":"https:\/\/blog.causeur.fr\/asiledeblog\/wp-json\/wp\/v2\/media?parent=755"}],"wp:term":[{"taxonomy":"category","embeddable":true,"href":"https:\/\/blog.causeur.fr\/asiledeblog\/wp-json\/wp\/v2\/categories?post=755"},{"taxonomy":"post_tag","embeddable":true,"href":"https:\/\/blog.causeur.fr\/asiledeblog\/wp-json\/wp\/v2\/tags?post=755"}],"curies":[{"name":"wp","href":"https:\/\/api.w.org\/{rel}","templated":true}]}}