{"id":76,"date":"2010-10-07T11:05:03","date_gmt":"2010-10-07T09:05:03","guid":{"rendered":"http:\/\/carnet.causeur.fr\/asiledeblog\/?p=76"},"modified":"2021-04-26T12:57:58","modified_gmt":"2021-04-26T10:57:58","slug":"buchers-et-vanites","status":"publish","type":"post","link":"https:\/\/blog.causeur.fr\/asiledeblog\/buchers-et-vanites-76","title":{"rendered":"B\u00fbchers et vanit\u00e9s"},"content":{"rendered":"<p style=\"text-align: center\"><span style=\"font-size: 13.3333px\"><em><a href=\"http:\/\/blog.causeur.fr\/asiledeblog\/files\/2010\/10\/inquisition-wheel.jpeg\"><img loading=\"lazy\" decoding=\"async\" class=\"aligncenter size-medium wp-image-77\" src=\"http:\/\/carnet.causeur.fr\/asiledeblog\/files\/2010\/10\/inquisition-wheel-300x298.jpg\" alt=\"\" width=\"300\" height=\"298\" srcset=\"https:\/\/blog.causeur.fr\/asiledeblog\/wp-content\/uploads\/sites\/10\/2010\/10\/inquisition-wheel-300x298.jpg 300w, https:\/\/blog.causeur.fr\/asiledeblog\/wp-content\/uploads\/sites\/10\/2010\/10\/inquisition-wheel-150x150.jpg 150w, https:\/\/blog.causeur.fr\/asiledeblog\/wp-content\/uploads\/sites\/10\/2010\/10\/inquisition-wheel.jpeg 400w\" sizes=\"auto, (max-width: 300px) 100vw, 300px\" \/><\/a>L\u2019Inquisition c\u2019\u00e9tait pas joli-joli, avouez !<\/em><\/span><\/p>\n<p><span style=\"font-size: 13.3333px\">Pour ou contre l\u2019Inquisition ? C\u2019est \u00e0 cette d\u00e9licate question que tentait de r\u00e9pondre le docufiction diffus\u00e9 r\u00e9cemment par <em>Plan\u00e8te<\/em> (mardi 28 septembre \u00e0 20 h 40, pour les troisi\u00e8me et quatri\u00e8me parties).<\/span><\/p>\n<p>\u00c7a s\u2019appelle\u00a0<em>les Dossiers secrets de l\u2019Inquisition <\/em>\u2013 comme si les historiens avaient attendu la t\u00e9l\u00e9 pour \u201cfaire la lumi\u00e8re sur cette p\u00e9riode sombre\u201d, comme on dit couramment.<\/p>\n<p>\u00c0 travers ce titre, l\u2019auteur attire surtout notre attention sur le comportement suspect du Vatican, qui a quand m\u00eame attendu 1998 pour entrouvrir ses archives <!--more-->sur la question \u2013 si j\u2019ose dire\u2026 Et pour cause !\u00a0<em>\u00ab Durant six cents ans, l\u2019Inquisition a impos\u00e9 le catholicisme comme seule et vraie religion \u00e0 travers le monde. \u00bb<br \/>\n<\/em><\/p>\n<p><span style=\"font-size: 13.3333px\">Jeu des 7 erreurs ? Pas du tout ! Avertissement solennel de l\u2019auteur inscrit sur un panneau en noir et blanc, comme \u00e0 la grande \u00e9poque du muet. Mais o\u00f9 va-t-il les chercher, ces \u201csix cents ans\u201d ? Jusqu\u2019\u00e0 ce mardi fatal, je ne connaissais que deux vagues d\u2019Inquisition au sens strict du terme. La m\u00e9di\u00e9vale, essentiellement marqu\u00e9e par la lutte contre le catharisme (XIIIe si\u00e8cle), et l\u2019espagnole, qui accompagna<\/span><span style=\"font-size: 13.3333px\">et suivit la Reconquista (fin XVe-XVIe si\u00e8cle).<\/span><\/p>\n<p>\u00c7a nous fait deux bons si\u00e8cles, et c\u2019est d\u00e9j\u00e0 beaucoup \u2013 surtout pour nos sensibilit\u00e9s modernes. Mais les quatre autres ? Visiblement, l\u2019auteur tient beaucoup \u00e0 nous vendre son id\u00e9e selon laquelle l\u2019\u201cInquisition\u201d aurait perdur\u00e9 quasiment jusqu\u2019\u00e0 nos jours.<\/p>\n<p>Alors, il ne craint pas d\u2019y aller \u00e0 la truelle, agr\u00e9geant d\u2019autorit\u00e9 \u00e0 son sujet ce qu\u2019on appelle successivement \u201c l\u2019Inquisition romaine \u201d, puis le \u201c Saint-Office \u201d, qui ne cessera de ferrailler contre les h\u00e9r\u00e9sies jusqu\u2019\u00e0 sa disparition en 1965, pour cause de diplomatie oecum\u00e9nique.<\/p>\n<p>H\u00e9las ! Cet habile amalgame rend les deux derni\u00e8res heures du docufiction confuses et incoh\u00e9rentes. Pourquoi, par exemple, s\u2019attarder quarante-cinq minutes sur la Venise du XVIe si\u00e8cle ? Ne se passait-il rien ailleurs ?<\/p>\n<p>Plus le doc et les si\u00e8cles passent, plus on s\u2019\u00e9loigne du sujet. En fait d\u2019Inquisition, au bout de trois heures, on en est \u00e0 Napol\u00e9on et au congr\u00e8s de Vienne, cens\u00e9s incarner respectivement les ordres \u201cancien\u201d et \u201cnouveau\u201d. C\u2019est ce dernier qui triomphe d\u2019ail leurs avec le Risorgimento, r\u00e9duisant le pouvoir temporel du pape au p\u00e9rim\u00e8tre du Vatican\u2026Est-ce donc dans ces 44 hectares que le pape poursuit depuis 1870 son implacable Inquisition ? On a l\u2019impression bi zarre de s\u2019\u00eatre assoupi devant un programme et r\u00e9veill\u00e9 devant un autre\u2026<\/p>\n<p>H\u00e9las, c\u2019est toujours le m\u00eame, on pourra encore le v\u00e9rifier en lisant le panneau p\u00e9dagogique qui nous est inflig\u00e9 en conclusion :\u00a0<em>\u00ab Aujourd\u2019hui, le r\u00e8gne de l\u2019Inquisition a pris fin <\/em>[ah bon, quand m\u00eame !]\u00a0<em>; ses pouvoirs ont c\u00e9d\u00e9 sous la pouss\u00e9e des forces d\u2019un monde en perp\u00e9tuel devenir. \u00bb <\/em>Une telle banalit\u00e9, il faut oser. Vous savez quoi ? On dirait une copie du bac philo ! \u00c0 vous de mettre la note\u2026<\/p>\n<p><em>(Publi\u00e9 dans <\/em><a href=\"http:\/\/www.valeursactuelles.com\/\"><em>Valeurs Actuelles<\/em><\/a><em>\/T\u00e9l\u00e9subjectif, le 7 octobre 2010)<\/em><\/p>\n","protected":false},"excerpt":{"rendered":"<p>L\u2019Inquisition c\u2019\u00e9tait pas joli-joli, avouez ! Pour ou contre l\u2019Inquisition ? C\u2019est \u00e0 cette d\u00e9licate question que tentait de r\u00e9pondre le docufiction diffus\u00e9 r\u00e9cemment par Plan\u00e8te (mardi 28 septembre \u00e0 20 h 40, pour les troisi\u00e8me et quatri\u00e8me parties). \u00c7a s\u2019appelle\u00a0les Dossiers secrets de l\u2019Inquisition \u2013 comme si les historiens avaient attendu la t\u00e9l\u00e9 pour [&hellip;]<\/p>\n","protected":false},"author":9,"featured_media":0,"comment_status":"open","ping_status":"closed","sticky":false,"template":"","format":"standard","meta":{"footnotes":""},"categories":[11],"tags":[48,102,185],"class_list":{"0":"post-76","1":"post","2":"type-post","3":"status-publish","4":"format-standard","6":"category-opinions","7":"tag-catholicisme","8":"tag-inquisition","9":"tag-reconquista"},"_links":{"self":[{"href":"https:\/\/blog.causeur.fr\/asiledeblog\/wp-json\/wp\/v2\/posts\/76","targetHints":{"allow":["GET"]}}],"collection":[{"href":"https:\/\/blog.causeur.fr\/asiledeblog\/wp-json\/wp\/v2\/posts"}],"about":[{"href":"https:\/\/blog.causeur.fr\/asiledeblog\/wp-json\/wp\/v2\/types\/post"}],"author":[{"embeddable":true,"href":"https:\/\/blog.causeur.fr\/asiledeblog\/wp-json\/wp\/v2\/users\/9"}],"replies":[{"embeddable":true,"href":"https:\/\/blog.causeur.fr\/asiledeblog\/wp-json\/wp\/v2\/comments?post=76"}],"version-history":[{"count":0,"href":"https:\/\/blog.causeur.fr\/asiledeblog\/wp-json\/wp\/v2\/posts\/76\/revisions"}],"wp:attachment":[{"href":"https:\/\/blog.causeur.fr\/asiledeblog\/wp-json\/wp\/v2\/media?parent=76"}],"wp:term":[{"taxonomy":"category","embeddable":true,"href":"https:\/\/blog.causeur.fr\/asiledeblog\/wp-json\/wp\/v2\/categories?post=76"},{"taxonomy":"post_tag","embeddable":true,"href":"https:\/\/blog.causeur.fr\/asiledeblog\/wp-json\/wp\/v2\/tags?post=76"}],"curies":[{"name":"wp","href":"https:\/\/api.w.org\/{rel}","templated":true}]}}