{"id":85,"date":"2010-10-14T14:01:35","date_gmt":"2010-10-14T12:01:35","guid":{"rendered":"http:\/\/carnet.causeur.fr\/asiledeblog\/?p=85"},"modified":"2021-04-26T12:57:58","modified_gmt":"2021-04-26T10:57:58","slug":"le-dernier-mousquetaire","status":"publish","type":"post","link":"https:\/\/blog.causeur.fr\/asiledeblog\/le-dernier-mousquetaire-85","title":{"rendered":"Le dernier mousquetaire"},"content":{"rendered":"<p style=\"text-align: left\"><a href=\"http:\/\/blog.causeur.fr\/asiledeblog\/files\/2010\/10\/65.png\"><img loading=\"lazy\" decoding=\"async\" class=\"alignleft size-full wp-image-86\" src=\"http:\/\/blog.causeur.fr\/asiledeblog\/files\/2010\/10\/65.png\" alt=\"\" width=\"200\" height=\"144\" \/><\/a> Excellent portrait de l\u2019excellent Philippe \u00a0Tesson, l\u2019autre soir sur France 5 (vendredi 1er \u00a0octobre, 20 h 35). J\u2019en fais trop ? Mais la \u00a0collection Empreintes est par nature in\u00e9gale, \u00a0selon les auteurs et les personnages trait\u00e9s. En \u00a0l\u2019occurrence, Alexandre Amiel et Ella \u00a0Cerfontaine ont \u00e9t\u00e9 visiblement inspir\u00e9s.<\/p>\n<p style=\"text-align: left\">Quant \u00e0 moi, on comprendra qu\u2019\u00e0 titre anthume je lui mette des cierges : il m\u2019a donn\u00e9 ma chance \u2013 comme d\u2019ailleurs \u00e0 tant d\u2019autres apprentis journalistes, dont certains ont fait, depuis, leur chemin, de Patrick Besson \u00e0 \u00c9ric Zemmour, en passant m\u00eame par un jeune \u00e9tudiant <!--more-->marxiste-l\u00e9niniste, d\u00e9j\u00e0 d\u00e9cid\u00e9 \u00e0 ce que le monde entier l\u2019appelle BHL.<\/p>\n<p style=\"text-align: left\">La premi\u00e8re vie de Tesson, faut-il le rappeler, fut celle d\u2019un patron de presse comme on n\u2019en fait plus. Il a incarn\u00e9 un journalisme imp\u00e9tueux, impertinent, irr\u00e9ductible en tout cas \u00e0 une simple \u00e9tiquette<\/p>\n<p style=\"text-align: left\">\u00c0\u00a0<em>Combat<\/em>, il ferraille quotidiennement contre le pouvoir gaulliste, jusqu\u2019\u00e0 r\u00e9colter trente condamnations pour outrage au <!--more-->chef de l\u2019\u00c9tat. Et au\u00a0<em>Quotidien de Paris<\/em>, il ne trouvera son plein \u00e9panouissement que dans la guerre de harc\u00e8lement men\u00e9e, dans les ann\u00e9es 1980, contre la \u201cgauche socialo-communiste\u201d \u2013 jusqu\u2019\u00e0 compl\u00e8te disparition de celle-ci, sous le poids de ses contradictions et du mur de Berlin.<\/p>\n<p style=\"text-align: left\">En 1994, lorsqu\u2019il met un terme \u00e0 l\u2019aventure du\u00a0<em>Quotidien<\/em>, Tesson en est convaincu : le temps de la presse qu\u2019il aime, celle des br\u00fblots lanc\u00e9s par des corsaires, celle qui faisait l\u2019opinion au lieu de se la laisser dicter, est r\u00e9volu.<\/p>\n<p style=\"text-align: left\">Alors, la retraite \u00e0 65 ans ? Ce serait mal conna\u00eetre le bonhomme. La t\u00e9l\u00e9 a cass\u00e9 son jouet ? Il va jouer avec la t\u00e9l\u00e9 ! Vif, caustique sans jamais cesser d\u2019\u00eatre sympathique, il est ce qu\u2019on appelle un \u201cbon client\u201d. Alors il est invit\u00e9 partout, et pour parler de tout : politique bien s\u00fbr, mais aussi culture en g\u00e9n\u00e9ral et th\u00e9\u00e2tre en particulier (sa vraie passion). Parfois m\u00eame, comme il le raconte dr\u00f4lement, on le sollicite pour conclure des d\u00e9bats auxquels il n\u2019a pas assist\u00e9\u2026<\/p>\n<p style=\"text-align: left\">Est-ce sa nouvelle fa\u00e7on de s\u2019opposer, comme il le fit contre de Gaulle et Mitterrand ? En tout cas, c\u2019est avec un malin plaisir qu\u2019il joue parfois au r\u00e9ac, juste pour le plaisir de provoquer des \u201crumeurs sur les bancs de la gauche\u201d, comme on dit dans le JT. D\u2019ailleurs, c\u2019est \u00e0 croire que ce type-l\u00e0 peut tout se permettre : m\u00eame quand il se lance dans une \u201cD\u00e9fense &amp; Illustration de la politique gouvernementale\u201d\u2013 exercice peu propice au badinage, on en conviendra \u2013, il est quand m\u00eame cent fois plus convaincant que ceux qui sont pay\u00e9s pour \u00e7a.<\/p>\n<p style=\"text-align: left\">N\u2019emp\u00eache, derri\u00e8re la verve tessonnienne, on devine ais\u00e9ment une bonne dose de scepticisme. Comme si, au fond, tout \u00e7a n\u2019avait pas grande importance\u2026 La politique est un th\u00e9\u00e2tre, et Tesson pr\u00e9f\u00e8re le vrai !<\/p>\n<p style=\"text-align: left\"><em>(Publi\u00e9 dans <\/em><a href=\"http:\/\/www.valeursactuelles.com\/\"><em>Valeurs Actuelles<\/em><\/a><em>\/T\u00e9l\u00e9subjectif, le 7 octobre 2010)<\/em><\/p>\n","protected":false},"excerpt":{"rendered":"<p>Excellent portrait de l\u2019excellent Philippe \u00a0Tesson, l\u2019autre soir sur France 5 (vendredi 1er \u00a0octobre, 20 h 35). J\u2019en fais trop ? Mais la \u00a0collection Empreintes est par nature in\u00e9gale, \u00a0selon les auteurs et les personnages trait\u00e9s. En \u00a0l\u2019occurrence, Alexandre Amiel et Ella \u00a0Cerfontaine ont \u00e9t\u00e9 visiblement inspir\u00e9s. Quant \u00e0 moi, on comprendra qu\u2019\u00e0 titre anthume [&hellip;]<\/p>\n","protected":false},"author":9,"featured_media":0,"comment_status":"open","ping_status":"closed","sticky":false,"template":"","format":"standard","meta":{"footnotes":""},"categories":[11],"tags":[77,172],"class_list":{"0":"post-85","1":"post","2":"type-post","3":"status-publish","4":"format-standard","6":"category-opinions","7":"tag-eric-zemmour","8":"tag-philippe-tesson"},"_links":{"self":[{"href":"https:\/\/blog.causeur.fr\/asiledeblog\/wp-json\/wp\/v2\/posts\/85","targetHints":{"allow":["GET"]}}],"collection":[{"href":"https:\/\/blog.causeur.fr\/asiledeblog\/wp-json\/wp\/v2\/posts"}],"about":[{"href":"https:\/\/blog.causeur.fr\/asiledeblog\/wp-json\/wp\/v2\/types\/post"}],"author":[{"embeddable":true,"href":"https:\/\/blog.causeur.fr\/asiledeblog\/wp-json\/wp\/v2\/users\/9"}],"replies":[{"embeddable":true,"href":"https:\/\/blog.causeur.fr\/asiledeblog\/wp-json\/wp\/v2\/comments?post=85"}],"version-history":[{"count":0,"href":"https:\/\/blog.causeur.fr\/asiledeblog\/wp-json\/wp\/v2\/posts\/85\/revisions"}],"wp:attachment":[{"href":"https:\/\/blog.causeur.fr\/asiledeblog\/wp-json\/wp\/v2\/media?parent=85"}],"wp:term":[{"taxonomy":"category","embeddable":true,"href":"https:\/\/blog.causeur.fr\/asiledeblog\/wp-json\/wp\/v2\/categories?post=85"},{"taxonomy":"post_tag","embeddable":true,"href":"https:\/\/blog.causeur.fr\/asiledeblog\/wp-json\/wp\/v2\/tags?post=85"}],"curies":[{"name":"wp","href":"https:\/\/api.w.org\/{rel}","templated":true}]}}