{"id":983,"date":"2010-12-16T12:37:26","date_gmt":"2010-12-16T10:37:26","guid":{"rendered":"http:\/\/carnet.causeur.fr\/asiledeblog\/?p=983"},"modified":"2021-04-26T12:57:57","modified_gmt":"2021-04-26T10:57:57","slug":"la-nouvelle-frontiere-de-debray","status":"publish","type":"post","link":"https:\/\/blog.causeur.fr\/asiledeblog\/la-nouvelle-frontiere-de-debray-983","title":{"rendered":"La nouvelle fronti\u00e8re de Debray"},"content":{"rendered":"<p><a href=\"http:\/\/blog.causeur.fr\/asiledeblog\/files\/2011\/01\/R\u00e9gis-Debray.png\"><img loading=\"lazy\" decoding=\"async\" class=\"alignleft size-full wp-image-984\" src=\"http:\/\/blog.causeur.fr\/asiledeblog\/files\/2011\/01\/R\u00e9gis-Debray.png\" alt=\"\" width=\"200\" height=\"163\" \/><\/a>Vous je ne sais pas, mais moi \u00e7a fait une petite vingtaine d\u2019ann\u00e9es que je suis de plus en plus pr\u00e8s le parcours intellectuel de R\u00e9gis Debray. En gros, depuis qu\u2019il a renonc\u00e9 \u00e0 se faire le h\u00e9ros d\u2019une r\u00e9volution introuvable, puis le h\u00e9raut de notre gauche en peau de Ska\u00ef, pour penser tout seul, librement. <!--more--><\/p>\n<p>Et c\u2019est qu\u2019il y a pris go\u00fbt, l\u2019affranchi ! Qu\u2019il s\u2019agisse de la d\u00e9mocratie, de Dieu ou des m\u00e9dias, chaque livre nouveau est pour lui l\u2019occasion d\u2019approfondir sa r\u00e9flexion sur le monde contemporain, non sans bousculer joyeusement les<em>a priori <\/em>les mieux \u00e9tablis.<\/p>\n<p>Ainsi \u00e9tait-il, l\u2019autre lundi, l\u2019invit\u00e9 de\u00a0<em>Ce soir ou jamais ! <\/em>pour parler de son petit dernier, intitul\u00e9 non sans provocation\u00a0<em>\u00c9loge des fronti\u00e8res<\/em>. Debray y prend pour cible l\u2019aveuglement intellectuel des \u00e9lites fran\u00e7aises, qui n\u2019en finissent pas de pr\u00eacher le \u201csans-fronti\u00e9risme\u201d alors m\u00eame que c\u2019est l\u2019inverse qui se produit :\u00a0<em>\u00ab Apr\u00e8s l\u2019ivresse du virtuel, le r\u00e9el revient en boomerang \u00bb<\/em>, explique-t-il ; partout naissent ou renaissent des fronti\u00e8res, et il n\u2019y a pas lieu de s\u2019en alarmer, bien au contraire.<\/p>\n<p>Face \u00e0 la globalisation en uniforme gris, qui ne peut d\u00e9boucher que sur la loi du plus fort, la fronti\u00e8re c\u2019est la polychromie, la diff\u00e9rence, la vie ! D\u2019ailleurs,\u00a0<em>\u00ab quand il n\u2019y a pas de fronti\u00e8res d\u00e9finies d\u2019un commun accord, elles sont remplac\u00e9es par des murs, unilat\u00e9raux et infranchissables \u00bb<\/em>.<\/p>\n<p>La fronti\u00e8re comme seul rempart contre le mur ! Joli paradoxe, que l\u2019auteur d\u00e9fendra ce soir-l\u00e0 \u00e0 coups de formule dont je vous livre un double \u00e9chantillon :\u00a0<em>\u00ab Il faut \u00eatre chez soi pour pouvoir accueillir l\u2019autre \u00bb ; <\/em>sym\u00e9triquement :\u00a0<em>\u00ab L\u2019autre n\u2019est pas moi, et je ne suis pas chez moi chez lui. \u00bb<\/em><\/p>\n<p>Un exemple au hasard ? L\u2019\u00e9chec patent des \u00c9tats-Unis en Afghanistan :\u00a0<em>\u00ab Dans la vall\u00e9e du Panshir, on pense en termes de g\u00e9n\u00e9rations, alors que le<\/em> <em>GI regarde sa montre ! C\u2019est pourquoi il a d\u00e9j\u00e0 perdu cette guerre\u2026\u00bb<\/em><\/p>\n<p>Mais Debray a-t-il besoin de se d\u00e9fendre ? Pas sur ce plateau, en tout cas. M\u00eame Rony Brauman, de M\u00e9decins sans fronti\u00e8res, malignement invit\u00e9 par Tadde\u00ef, ne conteste pas cette analyse ; c\u2019est pas moi, insiste-t- il, c\u2019est mon pr\u00e9d\u00e9cesseur Kouchner qui confondait politique et humanitaire\u2026<\/p>\n<p>Seul Antoine Veil, le mari de Simone, exprimera un doute : trouvant la France d\u00e9sormais trop petite et l\u2019Europe d\u00e9j\u00e0 trop grande, il aspire \u00e0 un improbable\u00a0<em>\u00ab ensemble franco-allemand \u00bb<\/em>.<\/p>\n<p>R\u00e9ponse ironiquement polie de Debray :\u00a0<em>\u00ab Quelle que soit la structure que vous envisagiez, il lui faudra bien des fronti\u00e8res\u2026 \u00bb<\/em><\/p>\n<p>Bref, un grand moment de libert\u00e9 d\u2019esprit, et d\u2019esprit tout court. Quel chemin parcouru depuis<em>R\u00e9volution dans la R\u00e9volution<\/em> (Maspero, 1967) ! La th\u00e8se de ce pensum, \u00e9crit \u00e0 La Havane et officiellement revu et corrig\u00e9 par le L\u00edder M\u00e1ximo, ne laissait gu\u00e8re de place \u00e0 l\u2019humour : la R\u00e9volution, la vraie, serait castriste ou ne serait pas ! Mais somme toute, d\u00e8s cette \u00e9poque, R\u00e9gis avait raison.<\/p>\n<p>Publi\u00e9 dans <a href=\"http:\/\/www.valeursactuelles.com\/culture\/t%C3%A9l%C3%A9vision\/nouvelle-fronti%C3%A8re-de-debray20101216.html\">Valeurs Actuelles<\/a>, le 16.12.2010<\/p>\n","protected":false},"excerpt":{"rendered":"<p>Vous je ne sais pas, mais moi \u00e7a fait une petite vingtaine d\u2019ann\u00e9es que je suis de plus en plus pr\u00e8s le parcours intellectuel de R\u00e9gis Debray. En gros, depuis qu\u2019il a renonc\u00e9 \u00e0 se faire le h\u00e9ros d\u2019une r\u00e9volution introuvable, puis le h\u00e9raut de notre gauche en peau de Ska\u00ef, pour penser tout seul, [&hellip;]<\/p>\n","protected":false},"author":9,"featured_media":0,"comment_status":"open","ping_status":"closed","sticky":false,"template":"","format":"standard","meta":{"footnotes":""},"categories":[11],"tags":[186],"class_list":{"0":"post-983","1":"post","2":"type-post","3":"status-publish","4":"format-standard","6":"category-opinions","7":"tag-regis-debray"},"_links":{"self":[{"href":"https:\/\/blog.causeur.fr\/asiledeblog\/wp-json\/wp\/v2\/posts\/983","targetHints":{"allow":["GET"]}}],"collection":[{"href":"https:\/\/blog.causeur.fr\/asiledeblog\/wp-json\/wp\/v2\/posts"}],"about":[{"href":"https:\/\/blog.causeur.fr\/asiledeblog\/wp-json\/wp\/v2\/types\/post"}],"author":[{"embeddable":true,"href":"https:\/\/blog.causeur.fr\/asiledeblog\/wp-json\/wp\/v2\/users\/9"}],"replies":[{"embeddable":true,"href":"https:\/\/blog.causeur.fr\/asiledeblog\/wp-json\/wp\/v2\/comments?post=983"}],"version-history":[{"count":0,"href":"https:\/\/blog.causeur.fr\/asiledeblog\/wp-json\/wp\/v2\/posts\/983\/revisions"}],"wp:attachment":[{"href":"https:\/\/blog.causeur.fr\/asiledeblog\/wp-json\/wp\/v2\/media?parent=983"}],"wp:term":[{"taxonomy":"category","embeddable":true,"href":"https:\/\/blog.causeur.fr\/asiledeblog\/wp-json\/wp\/v2\/categories?post=983"},{"taxonomy":"post_tag","embeddable":true,"href":"https:\/\/blog.causeur.fr\/asiledeblog\/wp-json\/wp\/v2\/tags?post=983"}],"curies":[{"name":"wp","href":"https:\/\/api.w.org\/{rel}","templated":true}]}}