{"id":990,"date":"2010-12-19T12:43:38","date_gmt":"2010-12-19T10:43:38","guid":{"rendered":"http:\/\/carnet.causeur.fr\/asiledeblog\/?p=990"},"modified":"2021-04-26T12:57:57","modified_gmt":"2021-04-26T10:57:57","slug":"quoi-de-neuf-thucydide","status":"publish","type":"post","link":"https:\/\/blog.causeur.fr\/asiledeblog\/quoi-de-neuf-thucydide-990","title":{"rendered":"Quoi de neuf ? Thucydide !"},"content":{"rendered":"<h3><span style=\"font-weight: normal\">Hommage \u00e0 Jacqueline de Romilly<\/span><\/h3>\n<h3><a href=\"http:\/\/blog.causeur.fr\/asiledeblog\/files\/2011\/01\/Jacqueline-de-Romilly2.jpeg\"><img loading=\"lazy\" decoding=\"async\" class=\"size-medium wp-image-991 alignleft\" src=\"http:\/\/carnet.causeur.fr\/asiledeblog\/files\/2011\/01\/Jacqueline-de-Romilly2-300x182.jpg\" alt=\"\" width=\"300\" height=\"182\" srcset=\"https:\/\/blog.causeur.fr\/asiledeblog\/wp-content\/uploads\/sites\/10\/2011\/01\/Jacqueline-de-Romilly2-300x182.jpg 300w, https:\/\/blog.causeur.fr\/asiledeblog\/wp-content\/uploads\/sites\/10\/2011\/01\/Jacqueline-de-Romilly2.jpeg 460w\" sizes=\"auto, (max-width: 300px) 100vw, 300px\" \/><\/a><\/h3>\n<p>Ce texte est paru il y a trois ans dans ma chronique \u00ab T\u00e9l\u00e9subjectif \u00bb dans<em>Valeurs Actuelles<\/em>. L\u2019heure est venue de le republier\u2026<\/p>\n<p>Vendredi dernier, dans le cadre de sa collection \u00ab Empreintes \u00bb, France 5 nous proposait un portrait de Jacqueline de Romilly. Face \u00e0 la Star\u2019Ac sur TF1, c\u2019est ce qu\u2019on appelle de la contre-programmation !<\/p>\n<p><!--more--><\/p>\n<p>Une heure durant l\u2019Immortelle, aujourd\u2019hui \u00e2g\u00e9e de 94 ans, revisite donc avec nous les grandes \u00e9tapes de sa vie. Une vie pr\u00e9figur\u00e9e d\u00e9j\u00e0 par son plus beau souvenir de jeunesse : le jour o\u00f9 sa m\u00e8re lui offrit\u00a0<em>L\u2019histoire de la guerre du P\u00e9loponn\u00e8se<\/em> de Thucydide en version bilingue \u2026 grec-latin !<\/p>\n<p><!--more--><br \/>\nJacqueline de Romilly nous dit l\u2019\u00e9blouissement que fut, et que n\u2019a cess\u00e9 d\u2019\u00eatre pour elle, cette d\u00e9couverte. En nous racontant \u00ab<em> une toute petite guerre dont personne ne sait plus rien<\/em> \u00bb, le ma\u00eetre des historiens atteint \u00e0 l\u2019universel. Son r\u00e9cit \u00e9claire par avance tous les conflits \u00e0 venir, jusqu\u2019aux deux guerres civiles europ\u00e9ennes et au bourbier irakien\u2026<br \/>\nAvec ce cadeau, la jeune fille a trouv\u00e9 sa vocation : la d\u00e9fense et l\u2019illustration de l\u2019h\u00e9ritage hell\u00e9nique, cl\u00e9 perdue de notre civilisation qui, du coup, semble hors d\u2019elle-m\u00eame.<br \/>\nAu-del\u00e0 de Thucydide \u2013 auquel elle consacrera quand m\u00eame vingt ann\u00e9es de travail ! \u2013 Jacqueline d\u00e9couvre toute une culture et la p\u00e9rennit\u00e9, \u00e0 travers tant de si\u00e8cles, des valeurs dont elle est porteuse.<\/p>\n<p>Ces id\u00e9aux, mis en sc\u00e8ne par la trag\u00e9die grecque et incarn\u00e9s dans la d\u00e9mocratie ath\u00e9nienne, n\u2019ont rien perdu de leur actualit\u00e9, c\u2019est-\u00e0-dire de leur universalit\u00e9. Si \u00e7a se trouve, c\u2019est nous qui avons perdu le sens commun, noy\u00e9s que nous sommes dans un \u00ab discours \u00bb toujours plus abstrait et d\u00e9racin\u00e9 : abscons, en un mot.<\/p>\n<p>Eschyle et Thucydide, comme avant eux mon cher ami Solon, nous parlent de l\u2019essentiel : la vie, qui tient tout enti\u00e8re dans notre conscience que seule sa fragilit\u00e9 peut expliquer sa beaut\u00e9. Pour Mme de Romilly, il n\u2019y a donc qu\u2019un combat d\u00e9cisif : d\u00e9fendre, comme elle dit avec \u00e9motion , \u00ab\u00a0<em>mon grec que tout le monde abandonne !<\/em> \u00bb : une langue qu\u2019on dit morte, et sans laquelle nous ne comprenons m\u00eame plus notre propre vie.<br \/>\nParce que, quand on tire le fil, c\u2019est tout le tricot qui vient ! Sans grec, pas de latin ; sans latin, pas de fran\u00e7ais ; et sans une langue pour la formuler, plus de litt\u00e9rature ni de pens\u00e9e \u2013 hormis peut-\u00eatre la \u00ab d\u00e9construction \u00bb derrid\u00e9enne, qui ne fait que th\u00e9oriser le vide\u2026<\/p>\n<p>Contre cette pulsion de mort qui ronge notre civilisation \u00e9puis\u00e9e et amn\u00e9sique, Jacqueline de Romilly se fait l\u2019avocate de l\u2019enseignement, le vrai : pas seulement l\u2019acquisition de savoirs imm\u00e9diatement utiles, mais la formation de l\u2019esprit. Impossible d\u2019apprendre \u00e0 comprendre sans renouer le contact avec ceux qui l\u2019ont fait avant nous. Comme dit ma copine Jacqueline, \u00ab\u00a0<em>on ne pense jamais tout seul<\/em> \u00bb.<\/p>\n","protected":false},"excerpt":{"rendered":"<p>Hommage \u00e0 Jacqueline de Romilly Ce texte est paru il y a trois ans dans ma chronique \u00ab T\u00e9l\u00e9subjectif \u00bb dansValeurs Actuelles. L\u2019heure est venue de le republier\u2026 Vendredi dernier, dans le cadre de sa collection \u00ab Empreintes \u00bb, France 5 nous proposait un portrait de Jacqueline de Romilly. Face \u00e0 la Star\u2019Ac sur TF1, [&hellip;]<\/p>\n","protected":false},"author":9,"featured_media":0,"comment_status":"open","ping_status":"closed","sticky":false,"template":"","format":"standard","meta":{"footnotes":""},"categories":[11],"tags":[109,224],"class_list":{"0":"post-990","1":"post","2":"type-post","3":"status-publish","4":"format-standard","6":"category-opinions","7":"tag-jacqueline-de-romilly","8":"tag-thucydide"},"_links":{"self":[{"href":"https:\/\/blog.causeur.fr\/asiledeblog\/wp-json\/wp\/v2\/posts\/990","targetHints":{"allow":["GET"]}}],"collection":[{"href":"https:\/\/blog.causeur.fr\/asiledeblog\/wp-json\/wp\/v2\/posts"}],"about":[{"href":"https:\/\/blog.causeur.fr\/asiledeblog\/wp-json\/wp\/v2\/types\/post"}],"author":[{"embeddable":true,"href":"https:\/\/blog.causeur.fr\/asiledeblog\/wp-json\/wp\/v2\/users\/9"}],"replies":[{"embeddable":true,"href":"https:\/\/blog.causeur.fr\/asiledeblog\/wp-json\/wp\/v2\/comments?post=990"}],"version-history":[{"count":0,"href":"https:\/\/blog.causeur.fr\/asiledeblog\/wp-json\/wp\/v2\/posts\/990\/revisions"}],"wp:attachment":[{"href":"https:\/\/blog.causeur.fr\/asiledeblog\/wp-json\/wp\/v2\/media?parent=990"}],"wp:term":[{"taxonomy":"category","embeddable":true,"href":"https:\/\/blog.causeur.fr\/asiledeblog\/wp-json\/wp\/v2\/categories?post=990"},{"taxonomy":"post_tag","embeddable":true,"href":"https:\/\/blog.causeur.fr\/asiledeblog\/wp-json\/wp\/v2\/tags?post=990"}],"curies":[{"name":"wp","href":"https:\/\/api.w.org\/{rel}","templated":true}]}}