{"id":995,"date":"2010-12-23T12:47:43","date_gmt":"2010-12-23T10:47:43","guid":{"rendered":"http:\/\/carnet.causeur.fr\/asiledeblog\/?p=995"},"modified":"2021-04-26T12:57:57","modified_gmt":"2021-04-26T10:57:57","slug":"995","status":"publish","type":"post","link":"https:\/\/blog.causeur.fr\/asiledeblog\/995-995","title":{"rendered":"Marine et le sociologue, fable moderne"},"content":{"rendered":"<p><a href=\"http:\/\/blog.causeur.fr\/asiledeblog\/files\/2011\/01\/lepen.jpeg\"><img loading=\"lazy\" decoding=\"async\" class=\"alignleft size-medium wp-image-996\" src=\"http:\/\/carnet.causeur.fr\/asiledeblog\/files\/2011\/01\/lepen-226x300.jpg\" alt=\"\" width=\"145\" height=\"192\" srcset=\"https:\/\/blog.causeur.fr\/asiledeblog\/wp-content\/uploads\/sites\/10\/2011\/01\/lepen-226x300.jpg 226w, https:\/\/blog.causeur.fr\/asiledeblog\/wp-content\/uploads\/sites\/10\/2011\/01\/lepen.jpeg 264w\" sizes=\"auto, (max-width: 145px) 100vw, 145px\" \/><\/a>Un \u00ab rebond \u00bb, dans le jargon de\u00a0<em>Lib\u00e9<\/em>, c\u2019est comme qui dirait un texte de r\u00e9flexion sur l\u2019actualit\u00e9. Dans le num\u00e9ro de lundi donc, c\u2019est le sociologue Eric Fassin qui rebondissait sur la \u00ab mont\u00e9e de Marine Le Pen \u00bb.<br \/>\nSous le titre accrocheur \u00ab\u00a0<em>Pourquoi Marine d\u00e9fend les femmes, les gays, les juifs\u2026<\/em> \u00bb, ledit Fassin nous explique que, contrairement \u00e0 ce que raconte\u00a0<em>Lib\u00e9ration<\/em> sur \u00ab le FN de papa \u00bb, oui \u00ab\u00a0<em>l\u2019extr\u00eame droite a chang\u00e9<\/em>\u00bb, et non il n\u2019y a pas de quoi s\u2019en f\u00e9liciter ! En gros, l\u2019extr\u00eame droite aussi, c\u2019\u00e9tait mieux avant\u2026<\/p>\n<p><!--more--><\/p>\n<p>Marine, explique l\u2019auteur, ce n\u2019est plus seulement Jean-Marie ; c\u2019est aussi Brice et Nicolas et leurs amis de l\u2019UMP, tous unis d\u00e9sormais pour stigmatiser les m\u0153urs islamiques au nom de la la\u00efcit\u00e9. Banal, direz-vous ? Mais attendez la chute, qui vaut son pesant de sociologie : il y a \u00ab<em>convergence entre la droite et l\u2019extr\u00eame droite c\u00e9l\u00e9brant une blanchit\u00e9 sexuelle rev\u00eatue d\u2019oripeaux r\u00e9publicains<\/em> \u00bb, et \u00ab\u00a0<em>ce n\u2019est pas une bonne nouvelle pour la d\u00e9mocratie sexuelle<\/em> \u00bb !<\/p>\n<p>Sur le coup, j\u2019ai \u00e9t\u00e9 bluff\u00e9 : c\u2019est quoi, la \u00ab\u00a0<em>d\u00e9mocratie sexuelle<\/em> \u00bb ? On vote \u00e0 membre lev\u00e9 ? Et \u00e0 propos, pourquoi cette obsession \u00e0 mettre Nicolas et Marine dans le m\u00eame sac de couchage, malgr\u00e9 qu\u2019ils en aient ? Et les juifs, dans tout \u00e7a ? Pourquoi figurent-ils dans le titre, et nulle part dans le papier ?<\/p>\n<p>Bref, voil\u00e0 o\u00f9 en est l\u2019\u00ab antifascisme \u00bb ! Heureusement qu\u2019on n\u2019a pas le fascisme en plus\u2026<\/p>\n","protected":false},"excerpt":{"rendered":"<p>Un \u00ab rebond \u00bb, dans le jargon de\u00a0Lib\u00e9, c\u2019est comme qui dirait un texte de r\u00e9flexion sur l\u2019actualit\u00e9. Dans le num\u00e9ro de lundi donc, c\u2019est le sociologue Eric Fassin qui rebondissait sur la \u00ab mont\u00e9e de Marine Le Pen \u00bb. Sous le titre accrocheur \u00ab\u00a0Pourquoi Marine d\u00e9fend les femmes, les gays, les juifs\u2026 \u00bb, ledit [&hellip;]<\/p>\n","protected":false},"author":9,"featured_media":0,"comment_status":"open","ping_status":"closed","sticky":false,"template":"","format":"standard","meta":{"footnotes":""},"categories":[11],"tags":[141],"class_list":{"0":"post-995","1":"post","2":"type-post","3":"status-publish","4":"format-standard","6":"category-opinions","7":"tag-marine-le-pen"},"_links":{"self":[{"href":"https:\/\/blog.causeur.fr\/asiledeblog\/wp-json\/wp\/v2\/posts\/995","targetHints":{"allow":["GET"]}}],"collection":[{"href":"https:\/\/blog.causeur.fr\/asiledeblog\/wp-json\/wp\/v2\/posts"}],"about":[{"href":"https:\/\/blog.causeur.fr\/asiledeblog\/wp-json\/wp\/v2\/types\/post"}],"author":[{"embeddable":true,"href":"https:\/\/blog.causeur.fr\/asiledeblog\/wp-json\/wp\/v2\/users\/9"}],"replies":[{"embeddable":true,"href":"https:\/\/blog.causeur.fr\/asiledeblog\/wp-json\/wp\/v2\/comments?post=995"}],"version-history":[{"count":0,"href":"https:\/\/blog.causeur.fr\/asiledeblog\/wp-json\/wp\/v2\/posts\/995\/revisions"}],"wp:attachment":[{"href":"https:\/\/blog.causeur.fr\/asiledeblog\/wp-json\/wp\/v2\/media?parent=995"}],"wp:term":[{"taxonomy":"category","embeddable":true,"href":"https:\/\/blog.causeur.fr\/asiledeblog\/wp-json\/wp\/v2\/categories?post=995"},{"taxonomy":"post_tag","embeddable":true,"href":"https:\/\/blog.causeur.fr\/asiledeblog\/wp-json\/wp\/v2\/tags?post=995"}],"curies":[{"name":"wp","href":"https:\/\/api.w.org\/{rel}","templated":true}]}}