{"id":1016,"date":"2015-12-27T06:04:42","date_gmt":"2015-12-27T06:04:42","guid":{"rendered":"http:\/\/blog.causeur.fr\/bonnetdane\/?p=1016"},"modified":"2021-04-22T18:49:40","modified_gmt":"2021-04-22T16:49:40","slug":"fora-basta","status":"publish","type":"post","link":"https:\/\/blog.causeur.fr\/bonnetdane\/fora-basta-1016","title":{"rendered":"Fora Basta ! Basta Fora !"},"content":{"rendered":"<p>Les \u00eeles sont des organismes plus sensibles que les continents, parce que ce sont des espaces confin\u00e9s, limit\u00e9s. Des si\u00e8cles durant, la Corse a tent\u00e9 \u2014 en vain d\u2019ailleurs \u2014 de se prot\u00e9ger de toutes les invasions, Shardanes, Grecs, Romains, Arabes (aux VIII\u00e8me-IX\u00e8me si\u00e8cles), Italiens divers, Fran\u00e7ais enfin \u2014 sans oublier les touristes : de sacr\u00e9s m\u00e9langes g\u00e9n\u00e9tiques ! En t\u00e9moignent les tours g\u00e9noises construites au XVI\u00e8me si\u00e8cle pour signaler l\u2019arriv\u00e9e des barbaresques, qui venaient op\u00e9rer des razzias sur l\u2019\u00eele. En t\u00e9moignent la raret\u00e9 des ports, et la fa\u00e7on dont les villages sont syst\u00e9matiquement planqu\u00e9s derri\u00e8re les premi\u00e8res collines. En t\u00e9moignent les plasticages de clubs de vacances et de r\u00e9sidences secondaires dans les ann\u00e9es flamboyantes de l\u2019ind\u00e9pendantisme.<a href=\"http:\/\/blog.causeur.fr\/bonnetdane\/files\/2015\/12\/Scritte-Murales-Corti-9.jpg\"><img loading=\"lazy\" decoding=\"async\" class=\"aligncenter size-full wp-image-1020\" src=\"http:\/\/blog.causeur.fr\/bonnetdane\/files\/2015\/12\/Scritte-Murales-Corti-9.jpg\" alt=\"\" width=\"320\" height=\"240\" srcset=\"https:\/\/blog.causeur.fr\/bonnetdane\/wp-content\/uploads\/sites\/25\/2015\/12\/Scritte-Murales-Corti-9.jpg 320w, https:\/\/blog.causeur.fr\/bonnetdane\/wp-content\/uploads\/sites\/25\/2015\/12\/Scritte-Murales-Corti-9-300x225.jpg 300w\" sizes=\"auto, (max-width: 320px) 100vw, 320px\" \/><\/a><br \/>\nEn t\u00e9moignent enfin tous les sigles du refus : <em>I Francesi Fora<\/em> \u2014 raccourci en un graf \u00e9nigmatique pour les <em>pinzuti<\/em>, <em>IFF<\/em>. <em>A droga basta<\/em> \u2014 une succursale anti-drogue et pratiquement anti-immigr\u00e9s de certains partis ind\u00e9pendantistes dans les ann\u00e9es 1990. Et maintenant, <em>Arabi fora<\/em>. Pff\u2026<br \/>\n<em>Fora<\/em>, c\u2019est \u00ab dehors \u00bb. Comme si le corps \u00eelien se d\u00e9fendait contre des esp\u00e8ces invasives \u2014 toujours en vain. Parce que des Fran\u00e7ais, des Arabes et de la drogue, on en trouve ici autant qu\u2019ailleurs.<br \/>\nOui, en vain. En fait, les Corses se sont construits une identit\u00e9 en empruntant \u00e0 tous les envahisseurs \u2014 \u00e0 commencer par le Maure de leur drapeau, ou le vieux toscan qui sert de base \u00e0 la langue corse.<br \/>\nAlors, ce ne sont pas quelques poign\u00e9es de manifestants (600 personnes, c\u2019est 1% d\u2019Ajaccio) qui y changeront quoi que ce soit. D\u2019ailleurs, ce n\u2019est pas nouveau. En 1985, une ancienne r\u00e9sistante et ancienne d\u00e9port\u00e9e, No\u00eblle Francescini, avait fond\u00e9 <em><a href=\"http:\/\/www.avabasta.com\/index.php?ID_Page=13\">Av\u00e0 basta<\/a><\/em>, le premier mouvement anti-raciste corse \u2014 peu suspect de bobo\u00efsme, comme on ne disait pas encore, ni de complicit\u00e9 avec l\u2019Etat fran\u00e7ais.<br \/>\nLa Corse serait-elle alors le laboratoire de ce qui pourrait se passer ailleurs ? Ma foi, le FN n\u2019a pas fait 10% au second tour des R\u00e9gionales, le PS d\u00e9passe difficilement 3%, les Radicaux de Gauche (qui \u00e7a ?) qui partout ailleurs tiennent leurs congr\u00e8s dans des cabines t\u00e9l\u00e9phoniques tiennent presque le haut du pav\u00e9, et les Autonomico-Ind\u00e9pendantistes sont arriv\u00e9s en t\u00eate \u2014 alors que la Bretagne a oubli\u00e9 depuis longtemps le FLB et se vautre dans les draps de Le Drian.<br \/>\nCe qui en revanche est commun \u00e0 l\u2019\u00eele et au continent, c\u2019est le ch\u00f4mage des jeunes, l\u2019absence de structures \u00e9conomiques vivaces, \u00e0 part dans l\u2019industrie tr\u00e8s saisonni\u00e8re et de plus en plus courte du tourisme, c\u2019est l\u2019\u00e9ternel retour des m\u00eames t\u00eates en haut de l\u2019ex\u00e9cutif, membres d\u00e9l\u00e9gu\u00e9s de clans inamovibles. Les Autonomistes ne sont pas arriv\u00e9s en t\u00eate par hasard, ils sont implant\u00e9s depuis longtemps, Gilles Simeoni, fils d\u2019Edmond, a conquis la mairie de Bastia sans jouer aucun refrain anti-immigration ; n\u2019emp\u00eache qu\u2019une partie du vote qui s\u2019est report\u00e9 sur lui ou sur Talamoni (et il y aurait \u00e0 en dire sur Talamoni) est aussi un vote d\u2019exasp\u00e9ration \u2014 cette exasp\u00e9ration nationale que le gouvernement ne veut pas entendre, l&rsquo;exasp\u00e9ration de la France \u00ab\u00a0p\u00e9riph\u00e9rique\u00a0\u00bb \u2014 et la Corse, puissamment excentr\u00e9e, est tr\u00e8s p\u00e9riph\u00e9rique \u2014 tout comme les Antilles, qui lui disputent chaque ann\u00e9e le record du nombre d&rsquo;assassinats jamais r\u00e9solus.<br \/>\nAlors aucun coup de menton et aucun coup de gueule ne r\u00e9soudront rien dans l\u2019\u00eele. Ce qu\u2019il faut, c\u2019est donner du travail, donner des raisons de rester au pays avec d\u2019autres perspectives que de faire des cartons sur les copains, former inlassablement \u00e0 l\u2019\u00e9cole, au coll\u00e8ge, au lyc\u00e9e. La cr\u00e9ation de l\u2019universit\u00e9 de Corse, dans les ann\u00e9es 1980 (et c\u2019est quelqu\u2019un que je connais bien qui y a consacr\u00e9 son \u00e9nergie) s\u2019est faite contre le souhait de la classe politique traditionnelle, qui au m\u00eame moment soutenait un collectif baptis\u00e9 <em>Francia<\/em> qui se plaisait \u00e0 interdire les concerts de I Muvrini, \u00e0 Carg\u00e8se et ailleurs (\u00e7a, c\u2019est un trait caract\u00e9ristique des Corses : ils ont une longue m\u00e9moire, et le culte des morts). Mais qui nous d\u00e9barrassera de ces politiques-l\u00e0, adeptes de ce qu\u2019on appelle <em>a pulitichella<\/em>, la politique politicienne et magouilleuse ?<br \/>\nEn tout cas, le gouvernement ferait bien de se m\u00e9fier, et de trouver les responsables des agressions de pompiers \u2014 v\u00e9n\u00e9r\u00e9s, dans une \u00eele qui s\u2019embrase en chaque fin d\u2019\u00e9t\u00e9. Sinon, qui peut pr\u00e9dire ce qui se passera, dans un pays o\u00f9 il y a au moins autant d\u2019armes \u00e0 feu que d\u2019habitants, et o\u00f9 les jeunes sont \u00e9lev\u00e9s dans la religion du \u00ab calibre \u00bb ?<br \/>\nMais peut-\u00eatre faudrait-il leur rappeler que Pascal Paoli, qu\u2019ils adorent mais connaissent mal, \u00e9tait avant tout un homme des Lumi\u00e8res\u2026 Une question d&rsquo;\u00e9ducation, tout \u00e7a.<\/p>\n<p>Jean-Paul Brighelli<\/p>\n","protected":false},"excerpt":{"rendered":"<p>Les \u00eeles sont des organismes plus sensibles que les continents, parce que ce sont des espaces confin\u00e9s, limit\u00e9s. Des si\u00e8cles durant, la Corse a tent\u00e9 \u2014 en vain d\u2019ailleurs \u2014 de se prot\u00e9ger de toutes les invasions, Shardanes, Grecs, Romains, Arabes (aux VIII\u00e8me-IX\u00e8me si\u00e8cles), Italiens divers, Fran\u00e7ais enfin \u2014 sans oublier les touristes : de [&hellip;]<\/p>\n","protected":false},"author":6,"featured_media":0,"comment_status":"open","ping_status":"open","sticky":false,"template":"","format":"standard","meta":{"footnotes":""},"categories":[1],"tags":[873,310,872,113],"class_list":{"0":"post-1016","1":"post","2":"type-post","3":"status-publish","4":"format-standard","6":"category-non-classe","7":"tag-ava-basta","8":"tag-corse","9":"tag-independantisme","10":"tag-racisme"},"_links":{"self":[{"href":"https:\/\/blog.causeur.fr\/bonnetdane\/wp-json\/wp\/v2\/posts\/1016","targetHints":{"allow":["GET"]}}],"collection":[{"href":"https:\/\/blog.causeur.fr\/bonnetdane\/wp-json\/wp\/v2\/posts"}],"about":[{"href":"https:\/\/blog.causeur.fr\/bonnetdane\/wp-json\/wp\/v2\/types\/post"}],"author":[{"embeddable":true,"href":"https:\/\/blog.causeur.fr\/bonnetdane\/wp-json\/wp\/v2\/users\/6"}],"replies":[{"embeddable":true,"href":"https:\/\/blog.causeur.fr\/bonnetdane\/wp-json\/wp\/v2\/comments?post=1016"}],"version-history":[{"count":0,"href":"https:\/\/blog.causeur.fr\/bonnetdane\/wp-json\/wp\/v2\/posts\/1016\/revisions"}],"wp:attachment":[{"href":"https:\/\/blog.causeur.fr\/bonnetdane\/wp-json\/wp\/v2\/media?parent=1016"}],"wp:term":[{"taxonomy":"category","embeddable":true,"href":"https:\/\/blog.causeur.fr\/bonnetdane\/wp-json\/wp\/v2\/categories?post=1016"},{"taxonomy":"post_tag","embeddable":true,"href":"https:\/\/blog.causeur.fr\/bonnetdane\/wp-json\/wp\/v2\/tags?post=1016"}],"curies":[{"name":"wp","href":"https:\/\/api.w.org\/{rel}","templated":true}]}}