{"id":1027,"date":"2016-01-13T05:38:34","date_gmt":"2016-01-13T05:38:34","guid":{"rendered":"http:\/\/blog.causeur.fr\/bonnetdane\/?p=1027"},"modified":"2021-04-22T18:49:39","modified_gmt":"2021-04-22T16:49:39","slug":"saint-just-revisited","status":"publish","type":"post","link":"https:\/\/blog.causeur.fr\/bonnetdane\/saint-just-revisited-1027","title":{"rendered":"Saint-Just revisited"},"content":{"rendered":"<p><a href=\"http:\/\/blog.causeur.fr\/bonnetdane\/files\/2016\/01\/Saint-Just-225x300.jpg\"><img loading=\"lazy\" decoding=\"async\" class=\"aligncenter size-full wp-image-1034\" src=\"http:\/\/blog.causeur.fr\/bonnetdane\/files\/2016\/01\/Saint-Just-225x300.jpg\" alt=\"\" width=\"225\" height=\"300\" \/><\/a><\/p>\n<p>Citoyens,<\/p>\n<p>Des agents infiltr\u00e9s de l\u2019ennemi tentent ces derniers jours une offensive majeure contre la R\u00e9publique.<br \/>\nCe fut d\u2019abord un certain Pierre Manent, affirmant <a href=\"http:\/\/www.mezetulle.fr\/situation-de-la-france-de-pierre-manent-petits-remedes-grand-effet\/\">dans un libelle de coll\u00e9gien<\/a> que la R\u00e9publique doit se r\u00e9signer aux barbares, s\u2019adapter \u00e0 leurs coutumes, alors que c\u2019est aux partisans de l\u2019ombre de s\u2019ouvrir aux Lumi\u00e8res dont notre si\u00e8cle fut si prodigue et notre r\u00e9volution si reconnaissante.<br \/>\nQu\u2019il ait appel\u00e9 son ignoble torchon \u00ab Situation de la France \u00bb en dit long sur ce que ces gens-l\u00e0 pensent de la nation, qu\u2019ils sont pr\u00eats \u00e0 prostituer au fanatisme le plus noir.<br \/>\nPuis deux ci-devants, Fran\u00e7ois Durpaire et B\u00e9atrice Mabilon-Bonfils, <a href=\"http:\/\/www.lepoint.fr\/invites-du-point\/jean-paul-brighelli\/brighelli-laicite-les-nouveaux-revisionnistes-12-01-2016-2009094_1886.php\">ont hypocritement plaid\u00e9 la cause des barbares<\/a>, que l\u2019\u00e9cole de la R\u00e9publique, tout r\u00e9cemment institu\u00e9e, maltraiterait selon eux. \u00c0 les en croire, il faudrait r\u00e9viser l\u2019Histoire de notre nation afin que des mensonges s\u2019accordent aux croyances imb\u00e9ciles des ennemis de la R\u00e9publique. Que tous les vrais r\u00e9publicains se rappellent d\u00e9sormais leurs noms afin de les juger tr\u00e8s vite lorsque nous les tra\u00eenerons sur le banc d\u2019infamie, eux et tous ceux qui les ont pr\u00e9c\u00e9d\u00e9s dans la d\u00e9sorganisation de nos institutions acquises dans le sang, et qu\u2019il faudra bien revivifier dans le leur. C\u2019est un signe \u00e9clatant de trahison, que la piti\u00e9 que l\u2019on fait para\u00eetre pour le crime, dans une R\u00e9publique qui ne peut \u00eatre assise que sur l\u2019inflexibilit\u00e9.<br \/>\nJe n\u2019oublierai pas, dans les futures listes de proscription, outre les p\u00e9dagogues d\u00e9voy\u00e9s, certains ministres qui ont cru bon d\u2019agiter le hochet peu n\u00e9cessaire de la perte de nationalit\u00e9 pour stigmatiser, disent-ils, les ennemis de la nation. Il nous faudrait de l\u2019\u00e9nergie; on nous sugg\u00e8re le d\u00e9lire et la faiblesse. Ceux qui se livrent ici-m\u00eame, \u00e0 Paris, ou ailleurs dans la France d\u00e9livr\u00e9e du joug de la superstition, \u00e0 des attentats sanglants contre les patriotes exemplaires, sont d\u00e9j\u00e0 en dehors de la nationalit\u00e9, comme ils sont en dehors de la civilisation des Lumi\u00e8res. Leur supprimer un bien dont d\u00e9j\u00e0 ils ne jouissent plus est enfantin. C\u2019est aux autres biens, comme je l\u2019ai propos\u00e9 d\u00e9j\u00e0 dans mon discours du 13 vent\u00f4se, qu\u2019il faut d\u00e9sormais s\u2019en prendre.<br \/>\nJe vous rappelle les deux premiers articles que je proposais alors \u00e0 votre vote : Article 1. \u2013 Toutes les communes de la R\u00e9publique dresseront un \u00e9tat des patriotes indigents qu\u2019elles renferment avec leurs noms, leur \u00e2ge, leur profession, le nombre et l\u2019\u00e2ge de leurs enfants. Les directoires de district feront parvenir, dans le plus bref d\u00e9lai, ces \u00e9tats au comit\u00e9 de salut public. \u2028\u2028Article 2. \u2013 Lorsque le comit\u00e9 de salut public aura re\u00e7u ces \u00e9tats, il fera un rapport sur les moyens d\u2019indemniser tous les malheureux avec les biens des ennemis de la r\u00e9volution, selon le tableau que le comit\u00e9 de s\u00fbret\u00e9 g\u00e9n\u00e9rale aura pr\u00e9sent\u00e9 et qui sera rendu public.<br \/>\nC\u2019est ce que les fanatiques laissent derri\u00e8re eux, biens personnels ou biens de famille, qu\u2019il faut confisquer au profit des vrais patriotes. Il faut saisir leurs fortunes, et celles de leurs parents, qui partiront sur les routes de l\u2019exil rejoindre leur sanglante prog\u00e9niture.<br \/>\nIl faut enfin que d\u00e9sormais nos rues ne soient plus encombr\u00e9es des signes ostentatoires de la superstition. Il faut que nos femmes et nos s\u0153urs puissent y circuler librement, sans risquer d\u2019\u00eatre agress\u00e9es par les supp\u00f4ts du fanatisme : les femmes sont nos \u00e9gales, et tous ceux qui pr\u00e9tendront le contraire par leurs discours, leurs m\u0153urs ou leur pens\u00e9e doivent \u00eatre, eux aussi, consid\u00e9r\u00e9es comme des ennemis de la nation et punis en cons\u00e9quence.<br \/>\nJ\u2019entends les objections de ceux qui font le jeu de l\u2019ennemi, qui font croire qu\u2019interdire ces v\u00eatures est une atteinte aux libert\u00e9s individuelles. Il faut \u00eatre juste; mais au lieu de l\u2019\u00eatre cons\u00e9quemment \u00e0 l\u2019int\u00e9r\u00eat particulier, il faut l\u2019\u00eatre cons\u00e9quemment \u00e0 l\u2019int\u00e9r\u00eat public. \u2028\u2028Vous avez donc moins \u00e0 d\u00e9cider de ce qui importe \u00e0 tel ou tel individu, qu\u2019\u00e0 d\u00e9cider de ce qui importe \u00e0 la R\u00e9publique; moins \u00e0 c\u00e9der aux vues priv\u00e9es, qu\u2019\u00e0 faire triompher des vues universelles. D\u2019autant qu\u2019une rigoureuse politique est dans l\u2019int\u00e9r\u00eat m\u00eame des Fran\u00e7ais encore imbus de pr\u00e9jug\u00e9s. Si nous n\u2019interdisons pas maintenant l\u2019\u00e9talage ostentatoire de la superstition, nous passerons, vis-\u00e0-vis de ces minorit\u00e9s rebelles, du m\u00e9pris \u00e0 la d\u00e9fiance, de la d\u00e9fiance aux exemples, des exemples \u00e0 la terreur. Je pr\u00e9tends d\u00e9fendre la libert\u00e9 en d\u00e9fendant d\u2019user de libert\u00e9s individuelles : l\u2019id\u00e9e particuli\u00e8re que chacun se fait de sa libert\u00e9, selon son int\u00e9r\u00eat, produit l\u2019esclavage de tous. Le bonheur est une id\u00e9e neuve en Europe. Tant d\u2019ennemis voudraient le restreindre \u00e0 de petits int\u00e9r\u00eats particuliers, alors que nous ne devons consid\u00e9rer que le bien commun.<br \/>\nSi l\u2019Assembl\u00e9e ici pr\u00e9sente ne prend pas les mesures qui s\u2019imposent, je crains les plus vives \u00e9motions au sein d\u2019un peuple dont ces gens-l\u00e0 ont lass\u00e9 la patience \u2014 et ce sera aussi \u00e0 nous, citoyens, qu\u2019ils demanderont avec raison des comptes. Je suis sans indulgence pour les ennemis de mon pays, je ne connais que la justice. Ceux qui veulent emp\u00eacher la R\u00e9publique de s\u2019\u00e9purer veulent en fait la corrompre. Et ceux qui veulent la corrompre, ne veulent-ils pas la d\u00e9truire ? Ce qui constitue une R\u00e9publique, c\u2019est la destruction totale de ce qui lui est oppos\u00e9. Nos ennemis, dans les pays \u00e9trangers, h\u00e9sitent-ils \u00e0 an\u00e9antir ceux qui contrarient les principes superstitieux sur lesquels ils fondent leurs tyrannies ? N\u2019avez-vous point le droit de traiter les supp\u00f4ts de la tyrannie comme on traite ailleurs les partisans de la libert\u00e9 ?<br \/>\nAlors oui, d\u00e9barrassons-nous des pr\u00e9jug\u00e9s et de ceux qui les colportent. Et de celles et ceux qui les suivent, car le sexe ne doit pas emp\u00eacher la lourde main de la Justice de s\u2019abattre l\u00e0 o\u00f9 la patrie est en danger \u2014 et elle est en danger partout. Ce que je vous demande est une mesure de salut public \u2014 et c\u2019est \u00e0 vous, comit\u00e9 du m\u00eame nom, qu\u2019il \u00e9choit d\u2019agir avec sagesse et fermet\u00e9 \u2014 et, au besoin, avec l\u2019impitoyable rigueur dont nous avons fait preuve lorsqu\u2019il s\u2019est agi de renverser l\u2019ordre ancien pour lui substituer les Lumi\u00e8res. La premi\u00e8re loi de toutes les lois est la conservation de la R\u00e9publique. Citoyens, on arr\u00eate en vain l\u2019insurrection de l\u2019esprit humain; elle d\u00e9vorera la tyrannie; mais tout d\u00e9pend de notre exemple et de la fermet\u00e9 de nos mesures.<\/p>\n<p>Saint-Just, l\u2019archange de la R\u00e9volution, revenu d\u2019entre les limbes r\u00e9publicains pour donner son avis sur la pr\u00e9sente et catastrophique politique d\u2019une France qu\u2019il ne reconna\u00eet plus.<br \/>\nPcc, Jean-Paul Brighelli<\/p>\n<p>Je laisse les amateurs retrouver ce qui, dans ce pastiche, est effectivement de la main de Saint-Just : voir par exemple <a href=\"http:\/\/www.antoine-saint-just.fr\/textes\/26-02-94.html\">ici<\/a>. Et le reste, ma foi, m\u00e9riterait de l\u2019\u00eatre.<\/p>\n","protected":false},"excerpt":{"rendered":"<p>Citoyens, Des agents infiltr\u00e9s de l\u2019ennemi tentent ces derniers jours une offensive majeure contre la R\u00e9publique. Ce fut d\u2019abord un certain Pierre Manent, affirmant dans un libelle de coll\u00e9gien que la R\u00e9publique doit se r\u00e9signer aux barbares, s\u2019adapter \u00e0 leurs coutumes, alors que c\u2019est aux partisans de l\u2019ombre de s\u2019ouvrir aux Lumi\u00e8res dont notre si\u00e8cle [&hellip;]<\/p>\n","protected":false},"author":6,"featured_media":0,"comment_status":"open","ping_status":"open","sticky":false,"template":"","format":"standard","meta":{"footnotes":""},"categories":[1],"tags":[881,882,173,880],"class_list":{"0":"post-1027","1":"post","2":"type-post","3":"status-publish","4":"format-standard","6":"category-non-classe","7":"tag-decheance-de-nationalite","8":"tag-lois-de-ventose","9":"tag-revolution","10":"tag-saint-just"},"_links":{"self":[{"href":"https:\/\/blog.causeur.fr\/bonnetdane\/wp-json\/wp\/v2\/posts\/1027","targetHints":{"allow":["GET"]}}],"collection":[{"href":"https:\/\/blog.causeur.fr\/bonnetdane\/wp-json\/wp\/v2\/posts"}],"about":[{"href":"https:\/\/blog.causeur.fr\/bonnetdane\/wp-json\/wp\/v2\/types\/post"}],"author":[{"embeddable":true,"href":"https:\/\/blog.causeur.fr\/bonnetdane\/wp-json\/wp\/v2\/users\/6"}],"replies":[{"embeddable":true,"href":"https:\/\/blog.causeur.fr\/bonnetdane\/wp-json\/wp\/v2\/comments?post=1027"}],"version-history":[{"count":0,"href":"https:\/\/blog.causeur.fr\/bonnetdane\/wp-json\/wp\/v2\/posts\/1027\/revisions"}],"wp:attachment":[{"href":"https:\/\/blog.causeur.fr\/bonnetdane\/wp-json\/wp\/v2\/media?parent=1027"}],"wp:term":[{"taxonomy":"category","embeddable":true,"href":"https:\/\/blog.causeur.fr\/bonnetdane\/wp-json\/wp\/v2\/categories?post=1027"},{"taxonomy":"post_tag","embeddable":true,"href":"https:\/\/blog.causeur.fr\/bonnetdane\/wp-json\/wp\/v2\/tags?post=1027"}],"curies":[{"name":"wp","href":"https:\/\/api.w.org\/{rel}","templated":true}]}}