{"id":1033,"date":"2016-01-15T17:45:43","date_gmt":"2016-01-15T17:45:43","guid":{"rendered":"http:\/\/blog.causeur.fr\/bonnetdane\/?p=1033"},"modified":"2021-04-22T18:49:39","modified_gmt":"2021-04-22T16:49:39","slug":"kalachnikovs-et-cannabis","status":"publish","type":"post","link":"https:\/\/blog.causeur.fr\/bonnetdane\/kalachnikovs-et-cannabis-1033","title":{"rendered":"Kalachnikovs et cannabis"},"content":{"rendered":"<p><a href=\"http:\/\/blog.causeur.fr\/bonnetdane\/files\/2016\/01\/CANNABIS-1038x576.jpeg\"><img loading=\"lazy\" decoding=\"async\" class=\"aligncenter size-large wp-image-1038\" src=\"http:\/\/blog.causeur.fr\/bonnetdane\/files\/2016\/01\/CANNABIS-1038x576-1024x568.jpg\" alt=\"\" width=\"1024\" height=\"568\" srcset=\"https:\/\/blog.causeur.fr\/bonnetdane\/wp-content\/uploads\/sites\/25\/2016\/01\/CANNABIS-1038x576-1024x568.jpg 1024w, https:\/\/blog.causeur.fr\/bonnetdane\/wp-content\/uploads\/sites\/25\/2016\/01\/CANNABIS-1038x576-300x166.jpg 300w, https:\/\/blog.causeur.fr\/bonnetdane\/wp-content\/uploads\/sites\/25\/2016\/01\/CANNABIS-1038x576.jpeg 1038w\" sizes=\"auto, (max-width: 1024px) 100vw, 1024px\" \/><\/a><\/p>\n<p>D\u2019Habib Belkacem, je sais peu de choses : il avait vingt ans hier matin mais le temps s\u2019est arr\u00eat\u00e9 pour lui hier soir \u2014 \u00e0 la sortie du Bar des Quatre avenues, \u00e0 l\u2019angle des boulevards Lesseps et Casanova \u2014 Marseille XIV\u00e8me \u2014, quand on a vid\u00e9 sur sa voiture (une Audi A3 \u2014 pour une fois que ce n\u2019est pas une BMW, mais \u00e7a reste \u00ab une allemande \u00bb, comme dirait Claudia Schiffer) et sur lui un chargeur entier de kalach. Les flics ont retrouv\u00e9 trente douilles au sol, mais en revanche ils n\u2019ont pas r\u00e9cup\u00e9r\u00e9 toute sa jambe, qui avait \u00e9t\u00e9 \u00e9parpill\u00e9e fa\u00e7on puzzle dans la voiture resculpt\u00e9e fa\u00e7on C\u00e9sar. Chair \u00e0 p\u00e2t\u00e9, dirait le chat du conte.<br \/>\nJe sais aussi qu\u2019il habitait la riante cit\u00e9 Corot, dans le XIII\u00e8me \u2014 les Quartiers Nord encore.<a href=\"http:\/\/blog.causeur.fr\/bonnetdane\/files\/2016\/01\/130201pvl3001.jpg\"><img loading=\"lazy\" decoding=\"async\" class=\"aligncenter size-full wp-image-1037\" src=\"http:\/\/blog.causeur.fr\/bonnetdane\/files\/2016\/01\/130201pvl3001.jpg\" alt=\"\" width=\"635\" height=\"357\" srcset=\"https:\/\/blog.causeur.fr\/bonnetdane\/wp-content\/uploads\/sites\/25\/2016\/01\/130201pvl3001.jpg 635w, https:\/\/blog.causeur.fr\/bonnetdane\/wp-content\/uploads\/sites\/25\/2016\/01\/130201pvl3001-300x168.jpg 300w\" sizes=\"auto, (max-width: 635px) 100vw, 635px\" \/><\/a> Il y a deux ans, deux hommes y avaient \u00e9t\u00e9 r\u00e9volv\u00e9ris\u00e9s, et le maire du secteur, Garo Hovsepian, notait \u00e0 l\u2019\u00e9poque que Corot \u00ab est devenue l\u2019une des cit\u00e9s les plus d\u00e9grad\u00e9es de la ville, avec de nombreux plans stups \u00bb.<br \/>\nDeux ans plus tard, rien n\u2019a chang\u00e9. Ah si, Garo Hovsepian (PS) a \u00e9t\u00e9 battu par St\u00e9phane Ravier (FN).<br \/>\nD\u2019ailleurs, \u00e0 part le nombre de votes FN, \u00e0 Marseille, rien ne change. Le trafic de shit rapportait par an 130 millions d\u2019euros rien qu\u2019\u00e0 Marseille en 2013 \u2014 pour 2 milliards d\u2019euros globalement en France l\u2019ann\u00e9e pr\u00e9c\u00e9dente (tous les chiffres dans <a href=\"http:\/\/www.ofdt.fr\/publications\/collections\/rapports\/rapports-d-etudes\/rapports-detudes-ofdt-parus-en-2007\/le-trafic-de-cannabis-en-france-estimation-des-gains-des-dealers-afin-dapprecier-le-potentiel-de-blanchiment-novembre-2007\/\">un rapport tr\u00e8s pr\u00e9cis<\/a> \u00e9tabli en 2008 par Christian Ben Lakhdar pour le compte de l\u2019Observatoire Fran\u00e7ais des drogues).<br \/>\nDe quoi faire r\u00eaver un ministre des Finances. Mais qu\u2019attendent-ils donc pour l\u00e9galiser la vente de cannabis et empocher les sous ? Apr\u00e8s tout, pour le tabac, \u00e7a ne les g\u00eane gu\u00e8re\u2026<\/p>\n<p>Parenth\u00e8se. L\u2019ex-directeur de l\u2019ex-SEITA avait fait faire un rapport sur le co\u00fbt et les b\u00e9n\u00e9fices de la vente de tabac. C\u00f4t\u00e9 d\u00e9penses, la Sant\u00e9 \u2014 50 ou 60 000 morts par an, \u00e7a co\u00fbte. C\u00f4t\u00e9 rentr\u00e9es, les taxes \u2014 quelques millions de paquets vendus chaque jour, \u00e7a chiffre.<br \/>\n\u00c0 l\u2019or\u00e9e des ann\u00e9es 2000, ces deux comptes s\u2019\u00e9quilibraient : interdire le tabac (c\u2019\u00e9tait l\u2019objet de l\u2019\u00e9tude) n\u2019aurait finalement eu qu\u2019un impact vertueux \u2014 mais nul sur l\u2019\u00e9conomie.<br \/>\nC\u2019est alors qu\u2019un petit malin a eu l\u2019id\u00e9e d\u2019ajouter \u00e0 la colonne Cr\u00e9dit le montant des retraites non pay\u00e9es pour cause de mortalit\u00e9 pr\u00e9coce \u2014 on meurt tr\u00e8s bien du cancer \u00e0 l\u2019or\u00e9e de la retraite. Et l\u00e0, le b\u00e9n\u00e9fice \u00e9tait colossal : c\u2019est la raison pour laquelle on continue \u00e0 feindre de vouloir restreindre la consommation, quand tout, \u00e9conomiquement parlant, nous pousse \u00e0 l\u2019augmenter. Fin parenth\u00e8se.<\/p>\n<p><em>Mutatis mutandis<\/em>, appliquons le raisonnement \u00e0 la d\u00e9p\u00e9nalisation du cannabis. Dans son rapport, Christian Ben Lakhdar estimait le co\u00fbt social du cannabis, autrement dit le co\u00fbt que fait supporter le cannabis \u00e0 la collectivit\u00e9, \u00e0 919 millions d\u2019euros (chiffre de 2003). Et le march\u00e9 de d\u00e9tail du cannabis repr\u00e9sentait en 2008 entre 746 et 832 millions d\u2019euros annuel, pour 186 \u00e0 208 tonnes de cannabis vendues. Actualisons les chiffres : le shit, c\u2019est <a href=\"http:\/\/www.lefigaro.fr\/flash-actu\/2012\/12\/06\/97001-20121206FILWWW00754-valls-le-cannabis-2-milliards-d-par-an.php\">2 milliards d\u2019euros de chiffre d\u2019affaires en 2012<\/a>. \u00c0 Marseille, \u00ab <a href=\"http:\/\/www.lopinion.fr\/12-septembre-2013\/cannabis-a-marseille-pme-a-130-millions-d-euros-chiffre-d-affaires-3928\">une PME \u00e0 130 millions d\u2019euros de chiffre d\u2019affaires<\/a> \u00bb (2013). Chiffre \u00e0 majorer sans doute, quand on voit les tarifs pratiqu\u00e9s, tels qu&rsquo;ils sont affich\u00e9s en toute qui\u00e9tude par les revendeurs\u2026<a href=\"http:\/\/blog.causeur.fr\/bonnetdane\/files\/2016\/01\/Capture-d\u2019\u00e9cran-2016-01-16-\u00e0-09.21.24.png\"><img loading=\"lazy\" decoding=\"async\" class=\"aligncenter size-full wp-image-1040\" src=\"http:\/\/blog.causeur.fr\/bonnetdane\/files\/2016\/01\/Capture-d\u2019\u00e9cran-2016-01-16-\u00e0-09.21.24.png\" alt=\"\" width=\"819\" height=\"685\" srcset=\"https:\/\/blog.causeur.fr\/bonnetdane\/wp-content\/uploads\/sites\/25\/2016\/01\/Capture-d\u2019\u00e9cran-2016-01-16-\u00e0-09.21.24.png 819w, https:\/\/blog.causeur.fr\/bonnetdane\/wp-content\/uploads\/sites\/25\/2016\/01\/Capture-d\u2019\u00e9cran-2016-01-16-\u00e0-09.21.24-300x250.png 300w\" sizes=\"auto, (max-width: 819px) 100vw, 819px\" \/><\/a><br \/>\nCher Emmanuel Macron, cela ferait rentrer dans les caisses des ressources bienvenues \u2014 et de surcro\u00eet, comme on m\u00e9lange le shit et le tabac, cela augmenterait sans doute sensiblement la consommation de l\u2019herbe \u00e0 Nicot, donc la pr\u00e9valence des cancers, <a href=\"http:\/\/www.bfmtv.com\/societe\/cannabis-un-eminent-tabacologue-se-prononce-pour-la-depenalisation-943675.html\">comme s\u2019en alarment d\u00e9j\u00e0 les sp\u00e9cialistes<\/a>, m\u00eame favorables \u00e0 la vente libre de la marijuana \u2014 un mot vieillot. Mais qu\u2019attendez-vous pour autoriser les d\u00e9bits de tabac \u00e0 vendre de jolis paquets de cinq joints bien roul\u00e9s ?<\/p>\n<p>C\u2019est une question na\u00efve \u00e0 laquelle Manuel Valls <a href=\"http:\/\/lelab.europe1.fr\/manuel-valls-moyennement-ouvert-a-un-dialogue-sur-le-cannabis-on-peut-debattre-mais-le-debat-est-clos-1367274\">a donn\u00e9 une r\u00e9ponse d\u00e9finitive<\/a> (\u00ab On peut d\u00e9battre, mais le d\u00e9bat est clos \u00bb) alors m\u00eame <a href=\"http:\/\/www.leparisien.fr\/paris-75\/paris-75018\/daniel-vaillant-la-consommation-de-cannabis-peut-etre-legalisee-09-10-2009-667885.php\">que ses amis<\/a> sont <a href=\"http:\/\/www.publicsenat.fr\/lcp\/politique\/cannabis-bruno-roux-veut-ouvrir-debat-1098136\">plus nuanc\u00e9s<\/a>, et que les \u00e9colos, eux, sont <a href=\"http:\/\/www.lemonde.fr\/politique\/article\/2014\/02\/05\/depenalisation-du-cannabis-une-senatrice-ecolo-depose-une-proposition-de-loi_4360864_823448.html\">tout \u00e0 fait favorables<\/a> \u00e0 la d\u00e9p\u00e9nalisation \u2014 au nom sans doute de l&rsquo;augmentation pr\u00e9visible des espaces verts.\u00a0Une question que la situation marseillaise d\u00e9noue ais\u00e9ment.<\/p>\n<p>L\u2019article de <em>la Provence<\/em> dat\u00e9 de ce matin 15 janvier, sous la plume alerte de Romain Capdepon, \u00e9voque \u00ab le refrain des kalach\u2019 qui stoppent net des vies, qui d\u00e9truisent des familles, sur l\u2019autel de l\u2019argent facile et sale, et qui pourtant permet \u00e0 nombre d\u2019entre elles, sur le bord de la route, de remplir le frigo en fin de mois et de poser un plafond de verre sur la r\u00e9volte sociale qui gronderait si cette jeunesse, pour une bonne moiti\u00e9 au ch\u00f4mage dans les quartiers Nord, n\u2019amassait pas ces billets\u2026 \u00bb<br \/>\nLors des \u00e9meutes de 2005, Marseille, qui ne manque pas de banlieues y compris en centre ville, n\u2019a pas connu de violences. Pas une. Au sud, rien de nouveau. Tout va bien : tant que l\u2019argent de la drogue alimente la mis\u00e8re locale, pas de raison notable de s\u2019insurger. <a href=\"http:\/\/www.liberation.fr\/societe\/2013\/05\/10\/trafic-de-drogue-a-marseille-les-jeunes-en-premiere-ligne_902143\">Comme le racontait <em>Lib\u00e9<\/em> il y a peu<\/a>, \u00ab des gamins en rupture de scolarit\u00e9 trouvent dans ces r\u00e9seaux de vente une socialisation de substitution. Un mod\u00e8le de r\u00e9ussite, aussi, dans des cit\u00e9s o\u00f9 l\u2019emploi se fait rare. \u00bb Certes, le journal pr\u00e9cise : \u00ab Mais ce mod\u00e8le est trompeur. Ancr\u00e9s dans le pr\u00e9sent, incapables de se projeter, les plus jeunes pensent trouver de l\u2019argent facile. Ils r\u00e9alisent plus tard que tr\u00e8s peu s\u2019enrichissent dans le trafic. \u00bb De surcro\u00eet, ils meurent pr\u00e9cocement.<br \/>\nMais tout le monde y gagne. Prenez les \u00ab nourrices \u00bb : comme le raconte <em>l\u2019Opinion<\/em>, \u00ab c\u2019est ainsi que les policiers nomment une personne au casier judiciaire vierge qui stocke de la drogue ou de l\u2019argent au b\u00e9n\u00e9ficie d\u2019un r\u00e9seau de trafiquants. Une t\u00e2che pour laquelle cette personne \u2014 souvent une personne \u00e2g\u00e9e ou une m\u00e8re c\u00e9libataire \u2014 touche entre 500 et 3000 euros par mois en fonction de la quantit\u00e9 de drogue ou d\u2019argent mis \u00e0 l\u2019abri des soup\u00e7ons. Un job de nourrice bien plus r\u00e9mun\u00e9rateur que de garder les enfants de la voisine&#8230; \u00bb<br \/>\nSans compter \u2014 et ce sera mon dernier point \u2014 que des gosses tent\u00e9s par la drogue (en v\u00e9rit\u00e9 je vous le dis, il semble bien que ce ne soit pas hallal, <a href=\"http:\/\/www.aslamna.info\/leqyas.html\">et m\u00eame haram \u00e0 fond<\/a>\u00a0\u2014 d&rsquo;en consommer, pas d&rsquo;en vendre)\u00a0ne versent pas dans le djihad. Un Juif agress\u00e9 \u00e7\u00e0 et l\u00e0, \u00e7a ne fait pas un complot terroriste. Marseille est certainement, gr\u00e2ce au trafic de drogue, et malgr\u00e9 la mont\u00e9e de l&rsquo;antis\u00e9mitisme (probablement due \u00e0 l&rsquo;insertion de th\u00e9ories du complot dans les cr\u00e2nes vides de nos ex-\u00e9l\u00e8ves), la ville de France la plus s\u00fbre en ce moment. Au pire, on attrapera une balle perdue \u2014 pas pour tout le monde.<\/p>\n<p>C\u2019est la raison pour laquelle on laisse les flics se d\u00e9patouiller comme ils peuvent de ce trafic monstrueux \u2014 on jugeait r\u00e9cemment un groupe de la riante cit\u00e9 de la Castellane, d\u00e9sormais connue au niveau national, qui touchait dans les 50 000 euros par jour. \u00c0 ce tarif, qui ne serait pas tent\u00e9, parmi les petits jeunes qui tra\u00eenent au bas des cages d\u2019escalier ?<\/p>\n<p>Pourtant, la population fran\u00e7aise est <a href=\"http:\/\/www.huffingtonpost.fr\/2013\/09\/12\/securite-marseille-degradation-marseille-intervention-armee_n_3906447.html\">majoritairement favorable<\/a> \u00e0 l\u2019intervention des forces arm\u00e9es dans les cit\u00e9s \u2014 demand\u00e9e jadis par S\u00e9gol\u00e8ne Royal, et r\u00e9clam\u00e9e encore par Samia Ghali, s\u00e9natrice des Quartiers Nord qui, tr\u00e8s prudemment, \u00e9vite d\u2019y habiter. Comme le raconte le <em>Huffington Post<\/em>, \u00ab la <a href=\"http:\/\/www.laprovence.com\/article\/actualites\/1932088\/marseille-larmee-au-secours-des-cites.html\">proposition-choc de la s\u00e9natrice socialiste Samia Ghali<\/a> de faire intervenir l&rsquo;arm\u00e9e pour mettre un terme aux violences trouve un large \u00e9cho dans l&rsquo;opinion. 57% des personnes interrog\u00e9es par YouGov y sont favorables contre seulement 25% contre. Ce sentiment est majoritaire quelles que soient les pr\u00e9f\u00e9rences partisanes des sond\u00e9s: 61% des sympathisants PS\/EELV sont pour, 71% \u00e0 l&rsquo;UMP, 79% chez les partisans de Marine Le Pen. \u00bb <a href=\"http:\/\/www.huffingtonpost.fr\/2012\/08\/30\/marseille-en-etat-de-siege-valls-refuse-envoyer-armee_n_1842319.html\">Valls s&rsquo;y est refus\u00e9 \u00e9nergiquement<\/a>. Reste \u00e0 comprendre pourquoi.<\/p>\n<p>Z\u2019ont rien compris : il n\u2019est pas question de faire intervenir l\u2019arm\u00e9e, et la police ne s\u2019y rendra que de fa\u00e7on cosm\u00e9tique, pour montrer que l\u2019on fait quelque chose. On ach\u00e8te la paix civile et la s\u00e9curit\u00e9 \u00e0 Marseille en tol\u00e9rant le trafic de drogue (ciel ! Serais-je moi-m\u00eame victime de la th\u00e9orie du complot ? Cette ville rend fou). Si les militaires investissaient les cit\u00e9s et r\u00e9glaient le compte des trafiquants, il faudrait les y renvoyer deux mois plus tard pour s\u2019occuper des terroristes \u2014 parce que les kalachs auraient chang\u00e9 de cible.<\/p>\n<p>Jean-Paul Brighelli<\/p>\n","protected":false},"excerpt":{"rendered":"<p>D\u2019Habib Belkacem, je sais peu de choses : il avait vingt ans hier matin mais le temps s\u2019est arr\u00eat\u00e9 pour lui hier soir \u2014 \u00e0 la sortie du Bar des Quatre avenues, \u00e0 l\u2019angle des boulevards Lesseps et Casanova \u2014 Marseille XIV\u00e8me \u2014, quand on a vid\u00e9 sur sa voiture (une Audi A3 \u2014 pour [&hellip;]<\/p>\n","protected":false},"author":6,"featured_media":0,"comment_status":"open","ping_status":"open","sticky":false,"template":"","format":"standard","meta":{"footnotes":""},"categories":[1],"tags":[884,885,582,539,61,883],"class_list":{"0":"post-1033","1":"post","2":"type-post","3":"status-publish","4":"format-standard","6":"category-non-classe","7":"tag-cannabis","8":"tag-depenalisation","9":"tag-jihad","10":"tag-kalachnikov","11":"tag-marseille","12":"tag-trafic-de-drogue"},"_links":{"self":[{"href":"https:\/\/blog.causeur.fr\/bonnetdane\/wp-json\/wp\/v2\/posts\/1033","targetHints":{"allow":["GET"]}}],"collection":[{"href":"https:\/\/blog.causeur.fr\/bonnetdane\/wp-json\/wp\/v2\/posts"}],"about":[{"href":"https:\/\/blog.causeur.fr\/bonnetdane\/wp-json\/wp\/v2\/types\/post"}],"author":[{"embeddable":true,"href":"https:\/\/blog.causeur.fr\/bonnetdane\/wp-json\/wp\/v2\/users\/6"}],"replies":[{"embeddable":true,"href":"https:\/\/blog.causeur.fr\/bonnetdane\/wp-json\/wp\/v2\/comments?post=1033"}],"version-history":[{"count":0,"href":"https:\/\/blog.causeur.fr\/bonnetdane\/wp-json\/wp\/v2\/posts\/1033\/revisions"}],"wp:attachment":[{"href":"https:\/\/blog.causeur.fr\/bonnetdane\/wp-json\/wp\/v2\/media?parent=1033"}],"wp:term":[{"taxonomy":"category","embeddable":true,"href":"https:\/\/blog.causeur.fr\/bonnetdane\/wp-json\/wp\/v2\/categories?post=1033"},{"taxonomy":"post_tag","embeddable":true,"href":"https:\/\/blog.causeur.fr\/bonnetdane\/wp-json\/wp\/v2\/tags?post=1033"}],"curies":[{"name":"wp","href":"https:\/\/api.w.org\/{rel}","templated":true}]}}