{"id":1049,"date":"2016-02-03T16:34:04","date_gmt":"2016-02-03T16:34:04","guid":{"rendered":"http:\/\/blog.causeur.fr\/bonnetdane\/?p=1049"},"modified":"2021-04-22T18:49:39","modified_gmt":"2021-04-22T16:49:39","slug":"enseignements-pratiques-interdisciplinaires-au-caire-autrefois","status":"publish","type":"post","link":"https:\/\/blog.causeur.fr\/bonnetdane\/enseignements-pratiques-interdisciplinaires-au-caire-autrefois-1049","title":{"rendered":"Enseignements Pratiques Interdisciplinaires au Caire autrefois"},"content":{"rendered":"<p>Je pr\u00e9f\u00e8re pr\u00e9venir : je vais parler de l\u2019heureux temps des colonies \u2014 ou tout comme.<br \/>\nEt je pr\u00e9viens deux fois : je vais aussi parler des EPI, les Enseignements Pratiques Interdisciplinaires issus de la cervelle fertile de Najat Vallaud-Belkacem, lumi\u00e8res des lumi\u00e8res, \u00e9lue entre les \u00e9lus, <a href=\"https:\/\/fr.wikisource.org\/wiki\/De_l\u2019horrible_danger_de_la_lecture\">comme disait Voltaire<\/a>. Le point fort de cette r\u00e9forme du coll\u00e8ge <a href=\"http:\/\/www.lepoint.fr\/invites-du-point\/jean-paul-brighelli\/brighelli-college-le-desastre-peut-commencer-14-08-2015-1956771_1886.php\">dont je ne parviens pas \u00e0 ne pas m\u2019extasier<\/a>.<\/p>\n<p>Que sont les EPI ? Il s\u2019agit, en cycle 4 (5e, 4e, 3e), \u00e0 raison de 2 \u00e0 3 heures par semaine pr\u00e9lev\u00e9es sur les enseignements communs (non, non, ce n\u2019est pas du temps perdu, cela a \u00e9t\u00e9 pens\u00e9 par Najat Vallaud-Belkacem, que toutes les prosp\u00e9rit\u00e9s du Proph\u00e8te se r\u00e9pandent sur sa t\u00eate), \u00ab <a href=\"http:\/\/www.reformeducollege.fr\/cours-et-options\/epi\">d\u2019une mani\u00e8re diff\u00e9rente d\u2019enseigner les disciplines traditionnelles<\/a> \u00bb. \u00c0 savoir le fran\u00e7ais, les Langues vivantes, l\u2019EPS, les Arts plastiques, les Maths, l\u2019Histoire-G\u00e9ographie, les Sciences de la vie et de la terre, la Physique-Chimie et la technologie. Bref, \u00e0 peu pr\u00e8s tout \u2014 sauf le latin et le grec, qui ont disparu dans la R\u00e9forme initi\u00e9e par Najat Vallaud-Belkacem, sottise et b\u00e9n\u00e9diction \u2014 disait encore Voltaire..<br \/>\nOui \u2014 mais encore ?<br \/>\nJ\u2019ai entendu, \u00e7\u00e0 et l\u00e0, des propositions ing\u00e9nieuses. Un formateur estampill\u00e9 Education Nationale a ainsi sugg\u00e9r\u00e9 ce joli th\u00e8me transversal Lettres \/ SVT : \u00ab Madame Bovary mangeait-elle \u00e9quilibr\u00e9 ? Vous analyserez le menu propos\u00e9 \u00e0 son mariage, en expliquant en quoi ce sommet de la gastronomie normande ne satisfait pas les exigences d\u2019une alimentation respectueuse de l\u2019environnement. \u00bb J\u2019ai moi-m\u00eame fait <a href=\"http:\/\/www.lepoint.fr\/invites-du-point\/jean-paul-brighelli\/brighelli-voici-le-temps-des-adjudants-18-12-2015-2003708_1886.php\">quelques suggestions na\u00efves<\/a> qui, curieusement, n\u2019ont pas renforc\u00e9 ma cote d\u2019amour rue de Grenelle. Qu\u2019importe, ma passion pour Najat Vallaud-Belkacem, qui sait si bien <a href=\"http:\/\/www.challenges.fr\/politique\/20160126.CHA4333\/polemique-musulman-normal-la-double-faute-de-najat-vallaud-belkacem.html\">remettre \u00e0 leur place les salafistes de service<\/a>, n\u2019en sort pas amoindrie.<\/p>\n<p>Evidemment, les EPI sont la derni\u00e8re trouvaille du minist\u00e8re pour emp\u00eacher les \u00e9l\u00e8ves d\u2019apprendre quoi que ce soit de s\u00e9rieux. Un projet mont\u00e9 par deux ou trois profs (par les temps qui courent, il faut se gratter pour trouver trois profs favorables \u00e0 la r\u00e9forme dans le m\u00eame \u00e9tablissement) visant \u00e0 faire perdre leur temps aux \u00e9l\u00e8ves, dans la pure traditions des d\u00e9lires p\u00e9dagogiques des enfants de Meirieu \u2014 que le Proph\u00e8te le prot\u00e8ge.<br \/>\n\u00c0 noter que des vrais p\u00e9dagogues, il y a d\u00e9j\u00e0 plus d\u2019un demi-si\u00e8cle, s\u2019amusaient \u00e0 faire tout seuls des Enseignements Pratiques Interdisciplinaires. Un heureux lecteur de Bonnet d\u2019\u00e2ne, que je salue au passage, a attir\u00e9 mon attention sur le <a href=\"http:\/\/www.jesuitescsf.com\/\">Coll\u00e8ge de la Sainte Famille<\/a>, install\u00e9 au Caire depuis les ann\u00e9es 1870 \u2014 et qui y est encore.<br \/>\n(Ainsi nomm\u00e9 parce que dans ses murs se trouve un arbre qui a abrit\u00e9 de son ombre Joseph, Marie and Little Jesus lors de la fuite en Egypte \u2014 ben oui, il n\u2019y a pas que l\u2019Islam dans le Machrek).<br \/>\nDans les ann\u00e9es d\u2019avant et d&rsquo;apr\u00e8s-guerre donc, le professeur de latin, Antonio Pekmez, dit Picfesse (sic !), avait mont\u00e9 un EPI \u2014 l\u2019heureux J\u00e9suite ignorait que cela s\u2019appel\u00e2t ainsi, mais il n\u2019avait pas rencontr\u00e9 Najat Vallaud-Belkacem \u2014 sur la Guerre des Gaules pour apprendre le latin \u00e0 ses \u00e9l\u00e8ves : et non, ils n\u2019\u00e9taient pas tous blancs, ni chr\u00e9tiens, et ils ne le sont toujours pas, parce qu\u2019islamistes ou non, les J\u00e9suites restent en place, d\u2019autant que maintenant ils ont l\u2019un des leurs install\u00e9 \u00e0 Rome. Bref\u2026<br \/>\nEn classe de Sixi\u00e8me, <a href=\"http:\/\/www.amicale-csf.com\/photos\/1951CSF.pdf\">nous apprend l\u2019un des anciens \u00e9l\u00e8ves dudit Coll\u00e8ge<\/a> (aujourd\u2019hui \u00e9minent oncologiste \u00e0 la retraite \u2014 le Coll\u00e8ge a nourri les \u00e9tudes de quelques gloires), les bambins avaient d\u00e9j\u00e0 \u00e9t\u00e9 partag\u00e9s en Patriciens et Pl\u00e9b\u00e9iens \u2014 afin de reconstituer sans doute les affrontements qui ont vu mourir les Gracques. Et en Quatri\u00e8me donc, ils furent redistribu\u00e9s en Romains et Carthaginois \u2014 afin de ma\u00eetriser les guerres puniques. Lequel d\u2019entre eux joua \u00ab le chef borgne mont\u00e9 sur l\u2019\u00e9l\u00e9phant G\u00e9tule \u00bb, comme disait Heredia ?<br \/>\nEt comble de l\u2019EPI, ils recr\u00e9\u00e8rent sous la f\u00e9rule amicale du ma\u00eetre les fortifications d\u2019Al\u00e9sia \u2014 \u00ab pour mieux \u00e9tudier le <em>De bello gallico<\/em> \u00bb.<a href=\"http:\/\/blog.causeur.fr\/bonnetdane\/files\/2016\/02\/Capture-d\u2019\u00e9cran-2016-02-03-\u00e0-15.42.32.png\"><img loading=\"lazy\" decoding=\"async\" class=\"aligncenter size-full wp-image-1059\" src=\"http:\/\/blog.causeur.fr\/bonnetdane\/files\/2016\/02\/Capture-d\u2019\u00e9cran-2016-02-03-\u00e0-15.42.32.png\" alt=\"\" width=\"576\" height=\"383\" srcset=\"https:\/\/blog.causeur.fr\/bonnetdane\/wp-content\/uploads\/sites\/25\/2016\/02\/Capture-d\u2019\u00e9cran-2016-02-03-\u00e0-15.42.32.png 576w, https:\/\/blog.causeur.fr\/bonnetdane\/wp-content\/uploads\/sites\/25\/2016\/02\/Capture-d\u2019\u00e9cran-2016-02-03-\u00e0-15.42.32-300x199.png 300w\" sizes=\"auto, (max-width: 576px) 100vw, 576px\" \/><\/a><a href=\"http:\/\/blog.causeur.fr\/bonnetdane\/files\/2016\/02\/Capture-d\u2019\u00e9cran-2016-02-03-\u00e0-15.42.53.png\"><img loading=\"lazy\" decoding=\"async\" class=\"aligncenter size-full wp-image-1060\" src=\"http:\/\/blog.causeur.fr\/bonnetdane\/files\/2016\/02\/Capture-d\u2019\u00e9cran-2016-02-03-\u00e0-15.42.53.png\" alt=\"\" width=\"446\" height=\"309\" srcset=\"https:\/\/blog.causeur.fr\/bonnetdane\/wp-content\/uploads\/sites\/25\/2016\/02\/Capture-d\u2019\u00e9cran-2016-02-03-\u00e0-15.42.53.png 446w, https:\/\/blog.causeur.fr\/bonnetdane\/wp-content\/uploads\/sites\/25\/2016\/02\/Capture-d\u2019\u00e9cran-2016-02-03-\u00e0-15.42.53-300x207.png 300w\" sizes=\"auto, (max-width: 446px) 100vw, 446px\" \/><\/a><br \/>\nR\u00e9sultat ? \u00ab C\u2019est en grande partie gr\u00e2ce \u00e0 lui que, bien longtemps apr\u00e8s, nous avons pass\u00e9 les \u00e9preuves de latin du Bac les doigts dans le nez \u00bb, ajoute Robert Moens, que j\u2019en profite pour saluer \u00e0 son tour.<br \/>\nVoil\u00e0 : on n\u2019a pas besoin de solliciter deux ou trois enseignants pour int\u00e9resser les \u00e9l\u00e8ves. Et on peut s\u2019amuser en latin, en parlant latin, en apprenant le latin. Comme Mr Chips <a href=\"https:\/\/en.wikipedia.org\/wiki\/Lex_Canuleia\">apprenait en souriant \u00e0 ses \u00e9l\u00e8ves la loi Canuleia<\/a>, qui autorisait Mr Patrician \u00e0 \u00e9pouser Miss Plebs. \u00ab\u00a0Mais je ne peux pas rayer les EPI de ma r\u00e9forme !\u00a0\u00bb dit Mme Vallaud-Belkacem. \u00ab\u00a0Oh yes you can, you liar\u2026\u00a0\u00bb<\/p>\n<p>Tout est question de p\u00e9dagogie \u2014 la vraie, celle qui prend l\u2019\u00e9l\u00e8ve l\u00e0 o\u00f9 il est et qui l\u2019\u00e9l\u00e8ve au plus haut de ses capacit\u00e9s. Et qui permet \u00e0 de petits Cairotes de devenir m\u00e9decins, architectes, <a href=\"https:\/\/fr.wikipedia.org\/wiki\/Gilbert_Sinou\u00e9\">\u00e9crivains<\/a>, <a href=\"https:\/\/fr.wikipedia.org\/wiki\/Henri_Curiel\">militants tiers-mondistes<\/a>, <a href=\"https:\/\/fr.wikipedia.org\/wiki\/Robert_Sol\u00e9\">journalistes au <em>Monde<\/em><\/a> du temps o\u00f9 c\u2019\u00e9tait le journal de r\u00e9f\u00e9rence, <a href=\"https:\/\/fr.wikipedia.org\/wiki\/Antoine_Fattal\">diplomates de haut vol<\/a>, <a href=\"https:\/\/fr.wikipedia.org\/wiki\/Boutros_Boutros-Ghali\">secr\u00e9taire g\u00e9n\u00e9ral de l\u2019ONU<\/a>, et j\u2019en passe.<br \/>\nMais les coll\u00e9giens g\u00e9r\u00e9s par Najat Vallaud-Belkacem, sur elle la b\u00e9n\u00e9diction d\u2019Allah le Mis\u00e9ricordieux, gr\u00e2ce \u00e0 la r\u00e9forme qu\u2019elle met en place, seront sans doute bien mieux que tout cela. Ministres de l\u2019Education en France, par exemple \u2014 un m\u00e9tier pour lequel on n\u2019exige ni latin, ni grec, ni comp\u00e9tences.<\/p>\n<p>Jean-Paul Brighelli, pur \u00e9l\u00e8ve de l&rsquo;enseignement public fran\u00e7ais, la\u00efque et r\u00e9publicain.<\/p>\n","protected":false},"excerpt":{"rendered":"<p>Je pr\u00e9f\u00e8re pr\u00e9venir : je vais parler de l\u2019heureux temps des colonies \u2014 ou tout comme. Et je pr\u00e9viens deux fois : je vais aussi parler des EPI, les Enseignements Pratiques Interdisciplinaires issus de la cervelle fertile de Najat Vallaud-Belkacem, lumi\u00e8res des lumi\u00e8res, \u00e9lue entre les \u00e9lus, comme disait Voltaire. Le point fort de cette [&hellip;]<\/p>\n","protected":false},"author":6,"featured_media":0,"comment_status":"open","ping_status":"open","sticky":false,"template":"","format":"standard","meta":{"footnotes":""},"categories":[1],"tags":[903,904,902,293],"class_list":{"0":"post-1049","1":"post","2":"type-post","3":"status-publish","4":"format-standard","6":"category-non-classe","7":"tag-college-de-la-sainte-famille","8":"tag-enseignements-pratiques-interdisciplinaires","9":"tag-le-caire","10":"tag-najat-vallaud-belkacem"},"_links":{"self":[{"href":"https:\/\/blog.causeur.fr\/bonnetdane\/wp-json\/wp\/v2\/posts\/1049","targetHints":{"allow":["GET"]}}],"collection":[{"href":"https:\/\/blog.causeur.fr\/bonnetdane\/wp-json\/wp\/v2\/posts"}],"about":[{"href":"https:\/\/blog.causeur.fr\/bonnetdane\/wp-json\/wp\/v2\/types\/post"}],"author":[{"embeddable":true,"href":"https:\/\/blog.causeur.fr\/bonnetdane\/wp-json\/wp\/v2\/users\/6"}],"replies":[{"embeddable":true,"href":"https:\/\/blog.causeur.fr\/bonnetdane\/wp-json\/wp\/v2\/comments?post=1049"}],"version-history":[{"count":0,"href":"https:\/\/blog.causeur.fr\/bonnetdane\/wp-json\/wp\/v2\/posts\/1049\/revisions"}],"wp:attachment":[{"href":"https:\/\/blog.causeur.fr\/bonnetdane\/wp-json\/wp\/v2\/media?parent=1049"}],"wp:term":[{"taxonomy":"category","embeddable":true,"href":"https:\/\/blog.causeur.fr\/bonnetdane\/wp-json\/wp\/v2\/categories?post=1049"},{"taxonomy":"post_tag","embeddable":true,"href":"https:\/\/blog.causeur.fr\/bonnetdane\/wp-json\/wp\/v2\/tags?post=1049"}],"curies":[{"name":"wp","href":"https:\/\/api.w.org\/{rel}","templated":true}]}}